{"id":21752,"date":"2021-06-03T01:11:00","date_gmt":"2021-06-03T01:11:00","guid":{"rendered":"http:\/\/hoycordobaweb.com\/index.php\/2021\/06\/03\/la-seleccion-llego-a-santiago-del-estero-para-medirse-el-jueves-con-chile\/"},"modified":"2021-06-03T01:11:00","modified_gmt":"2021-06-03T01:11:00","slug":"la-seleccion-llego-a-santiago-del-estero-para-medirse-el-jueves-con-chile","status":"publish","type":"post","link":"http:\/\/hoycordobaweb.com\/index.php\/2021\/06\/03\/la-seleccion-llego-a-santiago-del-estero-para-medirse-el-jueves-con-chile\/","title":{"rendered":"La Selecci\u00f3n lleg\u00f3 a Santiago del Estero para medirse el jueves con Chile"},"content":{"rendered":"<p><img src=\"http:\/\/hoycordobaweb.com\/wp-content\/uploads\/2021\/06\/la-seleccion-llego-a-santiago-del-estero-para-medirse-el-jueves-con-chile.jpg\"><\/p>\n<div class=\"image\" id=\"image\"> <img src=\"http:\/\/hoycordobaweb.com\/wp-content\/uploads\/2021\/06\/la-seleccion-llego-a-santiago-del-estero-para-medirse-el-jueves-con-chile-2.jpg\" alt title><\/div>\n<p>El seleccionado argentino lleg\u00f3 a Santiago del Estero, donde se concentrar\u00e1 en las Termas de R\u00edo Hondo, a la espera del partido de este jueves ante Chile, por la s\u00e9ptima fecha de eliminatorias sudamericanas, con 26 de los 33 futbolistas<\/p>\n<p><strong><a href=\"https:\/\/www.telam.com.ar\/notas\/202106\/556347-eliminatorias-scaloni-armani-martinez.html\" target=\"_blank\" rel=\"noopener noreferrer\">Los jugadores que no formaron parte del plantel<\/a><\/strong> y se quedaron en el predio de la AFA fueron siete: Lucas Alario, Sergio Ag\u00fcero, Franco Armani, Joaqu\u00edn Correa, Nicol\u00e1s Otamendi, Gonzalo Montiel y Nicol\u00e1s Gonz\u00e1lez.<\/p>\n<p>El \u00abKun\u00bb se qued\u00f3 en Ezeiza por la poca actividad competitiva que tuvo en los \u00faltimos d\u00edas y las idas y vueltas que vivi\u00f3 el fin de semana entre la final de la Champions League con Manchester City y la incorporaci\u00f3n posterior a Barcelona.<\/p>\n<p>Su excompa\u00f1ero en el club ingl\u00e9s, Nicol\u00e1s Otamendi, est\u00e1 suspendido por acumulaci\u00f3n de tarjetas amarillas; Armani y Montiel porque los testeos les siguen dando positivo en coronavirus, mientras que Alario, Correa y Gonz\u00e1lez no se restablecieron plenamente de sus respectivas lesiones.<\/p>\n<p>La llegada<\/p>\n<p>La delegaci\u00f3n arrib\u00f3 al aeropuerto local a las 20.30 y exactamente media hora despu\u00e9s ingres\u00f3 al hotel donde se concentrar\u00e1 hasta este jueves, cuando se trasladar\u00e1 en micro los 70 kil\u00f3metros que la separan de la capital provincial, para competir en el estadio \u00danico-Madre de Ciudades, donde se estuvo entrenando el seleccionado chileno (sus integrantes se mostraron muy sorprendidos por el nivel del escenario de juego y la estructura que lo rodea).<\/p>\n<p>Las dudas sobre si estos futbolistas que se quedaron en Ezeiza podr\u00e1n viajar a Colombia el domingo, para el partido del martes con Colombia por la octava fecha de Eliminatorias, tambi\u00e9n contemplan lo que vendr\u00e1 despu\u00e9s con la Copa Am\u00e9rica, ya que desde ese pa\u00eds la idea es viajar directamente a Brasil para debutar apenas cinco d\u00edas despu\u00e9s, el domingo 13, frente a Chile.<\/p>\n<p>El partido en Colombia hasta el momento tiene como escenario su sede original en el estadio Monumental, de Barranquilla, donde hasta en las \u00faltimas horas se hab\u00eda especulado con la posibilidad de contar con un m\u00ednimo de p\u00fablico.<\/p>\n<p>Y en cuanto a la Copa Am\u00e9rica, la lista definitiva autorizada por Conmebol se extendi\u00f3 a 28 componentes en vez de los tradicionales 23, por lo que a partir de ese encuentro con Colombia el t\u00e9cnico Lionel Scaloni tendr\u00e1 que dar de baja a cinco jugadores, algo que podr\u00eda ocurrir antes o despu\u00e9s de viajar a Colombia. <\/p>\n","protected":false},"excerpt":{"rendered":"<p>El seleccionado argentino lleg\u00f3 a Santiago del Estero, donde se concentrar\u00e1 en las Termas de R\u00edo Hondo, a la espera del partido de este jueves ante Chile, por la s\u00e9ptima fecha de eliminatorias sudamericanas, con 26 de los 33 futbolistas Los jugadores que no formaron parte del plantel y se quedaron en el predio de [&hellip;]<\/p>\n","protected":false},"author":1,"featured_media":21753,"comment_status":"open","ping_status":"closed","sticky":false,"template":"","format":"standard","meta":[],"categories":[16],"tags":[],"_links":{"self":[{"href":"http:\/\/hoycordobaweb.com\/index.php\/wp-json\/wp\/v2\/posts\/21752"}],"collection":[{"href":"http:\/\/hoycordobaweb.com\/index.php\/wp-json\/wp\/v2\/posts"}],"about":[{"href":"http:\/\/hoycordobaweb.com\/index.php\/wp-json\/wp\/v2\/types\/post"}],"author":[{"embeddable":true,"href":"http:\/\/hoycordobaweb.com\/index.php\/wp-json\/wp\/v2\/users\/1"}],"replies":[{"embeddable":true,"href":"http:\/\/hoycordobaweb.com\/index.php\/wp-json\/wp\/v2\/comments?post=21752"}],"version-history":[{"count":0,"href":"http:\/\/hoycordobaweb.com\/index.php\/wp-json\/wp\/v2\/posts\/21752\/revisions"}],"wp:featuredmedia":[{"embeddable":true,"href":"http:\/\/hoycordobaweb.com\/index.php\/wp-json\/wp\/v2\/media\/21753"}],"wp:attachment":[{"href":"http:\/\/hoycordobaweb.com\/index.php\/wp-json\/wp\/v2\/media?parent=21752"}],"wp:term":[{"taxonomy":"category","embeddable":true,"href":"http:\/\/hoycordobaweb.com\/index.php\/wp-json\/wp\/v2\/categories?post=21752"},{"taxonomy":"post_tag","embeddable":true,"href":"http:\/\/hoycordobaweb.com\/index.php\/wp-json\/wp\/v2\/tags?post=21752"}],"curies":[{"name":"wp","href":"https:\/\/api.w.org\/{rel}","templated":true}]}}