{"id":21706,"date":"2021-06-01T23:14:17","date_gmt":"2021-06-01T23:14:17","guid":{"rendered":"https:\/\/www.ole.com.ar\/futbol-internacional\/libertadores\/fernandez-boca-river-historia-mineiro_0_U4eWh_2bh.html"},"modified":"2021-06-01T23:14:17","modified_gmt":"2021-06-01T23:14:17","slug":"la-historia-de-nacho-fernandez-vs-boca","status":"publish","type":"post","link":"http:\/\/hoycordobaweb.com\/index.php\/2021\/06\/01\/la-historia-de-nacho-fernandez-vs-boca\/","title":{"rendered":"La historia de Nacho Fern\u00e1ndez vs. Boca"},"content":{"rendered":"<p><img src=\"http:\/\/hoycordobaweb.com\/wp-content\/uploads\/2021\/06\/la-historia-de-nacho-fernandez-vs-boca.jpg\"><\/p>\n<div readability=\"28.212765957447\">\n<p><h2>El ex River se cruzar\u00e1 con el equipo de Russo en los octavos de Libertadores. Ac\u00e1, repasamos c\u00f3mo le fue a nivel personal en los cl\u00e1sicos.<\/h2>\n<\/p>\n<div class=\"content-top \">\n<div class=\"entry-author pull-left\">\n<a class=\"pull-left\" target=\"_blank\" href=\"https:\/\/www.ole.com.ar\/autor\/maxi-espejo.html\" title=\"Maxi Espejo\" rel=\"noopener noreferrer\"><\/p>\n<figure class=\"picture\">\n<img class=\"img-responisve\" src=\"http:\/\/hoycordobaweb.com\/wp-content\/uploads\/2021\/06\/la-historia-de-nacho-fernandez-vs-boca.png\" alt=\"Maxi Espejo\"><br \/>\n<\/figure>\n<p><\/a> <\/div><\/div>\n<div class=\"breadcrumb col-lg-6 col-md-12 col-sm-12 col-xs-12\">\n<span class=\"publishedDate\"><br \/>\n01\/06\/2021 20:14<br \/>\n<\/span> <span class=\"modificatedDate\"><br \/>\nActualizado al 01\/06\/2021 20:47<br \/>\n<\/span>\n<\/div><\/div>\n<div readability=\"89.246029679771\">\n<p>En sus a\u00f1os en River (2016-2021), <strong><a alt=\"ignacio-fernandez\" class=\"slug\" href=\"https:\/\/www.ole.com.ar\/tema\/ignacio-fernandez.html\" target=\"_blank\" title=\"ignacio-fernandez\" rel=\"noopener noreferrer\">Nacho Fern\u00e1ndez <\/a><\/strong>enfrent\u00f3 a Boca en varias oportunidades, l\u00f3gicamente. Y a lo largo de los partidos disputados, <strong>supo ser influyente para el equipo de Marcelo Gallardo, con grandes victorias ante el rival de toda la vida<\/strong>. Este martes, el sorteo de octavos de la Libertadores determin\u00f3 que el v<a data-cke-saved-href=\"https:\/\/www.ole.com.ar\/futbol-internacional\/libertadores\/sorteo-vivo-libertadores-cruces-llave_0_X6KzJ7X-b.html\" target=\"_blank\" href=\"https:\/\/www.ole.com.ar\/futbol-internacional\/libertadores\/sorteo-vivo-libertadores-cruces-llave_0_X6KzJ7X-b.html\" rel=\"noopener noreferrer\"><strong>olante volver\u00e1 a cruzarse con el Xeneize, aunque esta vez lo har\u00e1 con la camiseta del A. Mineiro<\/strong><\/a>. <strong>A continuaci\u00f3n vamos a repasar su historia ante Boca defendiendo la casaca del Millo.<\/strong><\/p>\n<div class=\"sp__SM\">\n<div class=\"content-new \">\n<span class=\"tit-mobile\">Mir\u00e1 tambi\u00e9n<\/span><\/p>\n<div class=\"mg\">\n<div class=\"wrap-figure\">\n<figure> <a href=\"https:\/\/www.ole.com.ar\/boca-juniors\/hulk-goleador-boca-mineiro-copa_0_AmKFwUaIQ.html\" target=\"_self\" rel=\"noopener noreferrer\"><br \/>\n<img class=\"img-responsive\" alt=\"Hulk: el superh\u00e9roe que puede ser villano de Boca\" src=\"https:\/\/images.ole.com.ar\/collections\/static\/lazy_square.svg\" data-big=\"https:\/\/images.ole.com.ar\/2021\/03\/09\/PiShRCCvy_290x290__1.jpg\" data-small=\"https:\/\/images.ole.com.ar\/2021\/03\/09\/PiShRCCvy_290x290__1.jpg\" observer data-observer-function=\"loadLazyImg\"><br \/>\n<\/a><br \/>\n<\/figure>\n<\/div>\n<\/div><\/div>\n<\/div>\n<p>Luego de tres s\u00faper oficiales con sabor amargo (dos empates y una derrota), la<strong> primera gran alegr\u00eda para River y Nacho lleg\u00f3 en el primer semestre de 2017, en la Bombonera.<\/strong> All\u00ed, el team de Gallardo se impuso por 3-1 en el torneo local y <strong>Fern\u00e1ndez tuvo incidencia en el gol decisivo, cerca del final. Intercept\u00f3 un pase en mitad de cancha, corri\u00f3 con la pelota y asisti\u00f3 a Driussi para sellar la victoria.<\/strong><\/p>\n<div class=\"sp__SM\">\n<div class=\"content-new \">\n<span class=\"tit-mobile\">Mir\u00e1 tambi\u00e9n<\/span><\/p>\n<div class=\"mg\">\n<div class=\"wrap-figure\">\n<figure>\n<a href=\"https:\/\/www.ole.com.ar\/river-plate\/milito-gallardo_0_CZGCHDQVU.html\" target=\"_self\" rel=\"noopener noreferrer\"><br \/>\n<img class=\"img-responsive\" alt=\"El cuco insospechado de Gallardo\" src=\"https:\/\/images.ole.com.ar\/collections\/static\/lazy_square.svg\" data-big=\"https:\/\/images.ole.com.ar\/2021\/06\/01\/cBtcImeFw_290x290__1.jpg\" data-small=\"https:\/\/images.ole.com.ar\/2021\/06\/01\/cBtcImeFw_290x290__1.jpg\" observer data-observer-function=\"loadLazyImg\"><br \/>\n<\/a><br \/>\n<\/figure>\n<\/div>\n<\/div><\/div>\n<\/div>\n<p>En ese mismo a\u00f1o, el 26 tambi\u00e9n protagoniz\u00f3 una negativa: en el primer tiempo del S\u00faper jugado en el Monumental (torneo local) tras la dolorosa derrota ante Lan\u00fas en la Libertadores,<strong> Nacho, en su af\u00e1n por recuperar la pelota, le meti\u00f3 una patada al pecho a Edwin Cardona y fue expulsado por N\u00e9stor Pitana. <\/strong>Golpe al colombiano y a las duchas. River terminar\u00eda perdiendo 2-1.<\/p>\n<div class=\"sp__Normal\">\n<div class=\"image-embeb image-trigger\" readability=\"6\">\n<figure>\n<img itemprop=\"image\" src=\"https:\/\/images.ole.com.ar\/collections\/static\/lazy_square.svg\" data-big=\"https:\/\/images.ole.com.ar\/2021\/06\/01\/8g024y0ZH_720x0__1.jpg\" data-small=\"https:\/\/images.ole.com.ar\/2021\/06\/01\/8g024y0ZH_720x0__1.jpg\" alt=\"Fern\u00e1ndez y la plancha a Cardona en 2017.\" observer data-observer-function=\"loadLazyImg\"><br \/>\n<\/figure><figcaption readability=\"2\">\n<p>Fern\u00e1ndez y la plancha a Cardona en 2017.\n<\/p>\n<\/figcaption><\/div>\n<\/div>\n<p>Ya en 2018, la suerte cambi\u00f3 radicalmente para todo River. Primero, en Mendoza. La historia conocida: el equipo del Mu\u00f1eco no ven\u00eda bien y deb\u00eda enfrentarse a un Boca favorito por la Supercopa Argentina. Fern\u00e1ndez fue titular y determinante.<strong> Primero, Edwin Cardona le hizo un penal canjeado en gol por Pity Mart\u00ednez. Despu\u00e9s, en el segundo tiempo, encabez\u00f3 la contra que termin\u00f3 en gol de Scocco. Alegr\u00eda total.<\/strong><\/p>\n<div class=\"sp__SM\">\n<div class=\"content-new \">\n<span class=\"tit-mobile\">Mir\u00e1 tambi\u00e9n<\/span><\/p>\n<div class=\"mg\">\n<div class=\"wrap-figure\">\n<figure>\n<a href=\"https:\/\/www.ole.com.ar\/boca-juniors\/boca-mineiro-octavos-libertadores_0_ZzGqlWven.html\" target=\"_self\" rel=\"noopener noreferrer\"><br \/>\n<img class=\"img-responsive\" alt=\"La reacci\u00f3n de Mineiro cuando le toc\u00f3 Boca\" src=\"https:\/\/images.ole.com.ar\/collections\/static\/lazy_square.svg\" data-big=\"https:\/\/images.ole.com.ar\/2021\/06\/01\/fPCc8KxXS_290x290__1.jpg\" data-small=\"https:\/\/images.ole.com.ar\/2021\/06\/01\/fPCc8KxXS_290x290__1.jpg\" observer data-observer-function=\"loadLazyImg\"><br \/>\n<\/a><br \/>\n<\/figure>\n<\/div>\n<\/div><\/div>\n<\/div>\n<div class=\"sp__Normal\">\n<div class=\"image-embeb image-trigger\">\n<figure>\n<img itemprop=\"image\" src=\"https:\/\/images.ole.com.ar\/collections\/static\/lazy_square.svg\" data-big=\"https:\/\/images.ole.com.ar\/2021\/06\/01\/MaB_ptez6_720x0__1.jpg\" data-small=\"https:\/\/images.ole.com.ar\/2021\/06\/01\/MaB_ptez6_720x0__1.jpg\" alt=\"Nacho en Mendoza 2018.\" observer data-observer-function=\"loadLazyImg\"><br \/>\n<\/figure><figcaption>\n<p>Nacho en Mendoza 2018.\n<\/p>\n<\/figcaption><\/div>\n<\/div>\n<p>Continuando con las buenas, el m\u00edtico el 9 de diciembre. <strong>Fern\u00e1ndez -titular ese d\u00eda-, particip\u00f3 en la gran jugada que termin\u00f3 en el 1-1 parcial de Pratto. El ex Gimnasia asisti\u00f3 al Oso.<\/strong> Un d\u00eda \u00e9pico e irrepetible, d\u00e1ndole a River la cuarta Libertadores de su historia.<\/p>\n<div class=\"sp__Normal\">\n<div class=\"image-embeb image-trigger\" readability=\"6\">\n<figure>\n<img itemprop=\"image\" src=\"https:\/\/images.ole.com.ar\/collections\/static\/lazy_square.svg\" data-big=\"https:\/\/images.ole.com.ar\/2021\/06\/01\/1ZH-gJE3U_720x0__1.jpg\" data-small=\"https:\/\/images.ole.com.ar\/2021\/06\/01\/1ZH-gJE3U_720x0__1.jpg\" alt=\"Nacho con la Libertadores de 2018.\" observer data-observer-function=\"loadLazyImg\"><br \/>\n<\/figure><figcaption readability=\"2\">\n<p>Nacho con la Libertadores de 2018.\n<\/p>\n<\/figcaption><\/div>\n<\/div>\n<div class=\"sp__SM\">\n<div class=\"content-new \">\n<span class=\"tit-mobile\">Mir\u00e1 tambi\u00e9n<\/span><\/p>\n<div class=\"mg\">\n<div class=\"wrap-figure\">\n<figure>\n<a href=\"https:\/\/www.ole.com.ar\/futbol-internacional\/libertadores\/libertadores-posibles-cruces-locales_0_ixFuuEhJF.html\" target=\"_self\" rel=\"noopener noreferrer\"><br \/>\n<img class=\"img-responsive\" alt=\"Los potenciales cruces entre argentinos en la Libertadores\" src=\"https:\/\/images.ole.com.ar\/collections\/static\/lazy_square.svg\" data-big=\"https:\/\/images.ole.com.ar\/2021\/06\/01\/KxRTSZkrA_290x290__1.jpg\" data-small=\"https:\/\/images.ole.com.ar\/2021\/06\/01\/KxRTSZkrA_290x290__1.jpg\" observer data-observer-function=\"loadLazyImg\"><br \/>\n<\/a><br \/>\n<\/figure>\n<\/div>\n<\/div><\/div>\n<\/div>\n<p>S\u00faper dulce, <strong>Fern\u00e1ndez y River volvieron a amargar a Boca en 2019, en las semis de la Libertadores<\/strong>. Otra vez clave, Nacho inscribi\u00f3 su nombre en el marcador del 2-0 jugado en el Monumental.<strong> Recibi\u00f3 de Su\u00e1rez -en otra jugada de gran factura futbol\u00edstica- y estamp\u00f3 el segundo gol de la noche en N\u00fa\u00f1ez. <\/strong>Luego, terminar\u00edan llegando a la final a pesar del 0-1 en la Bombonera.<\/p>\n<div class=\"sp__Normal\">\n<div class=\"image-embeb image-trigger\">\n<figure>\n<img itemprop=\"image\" src=\"https:\/\/images.ole.com.ar\/collections\/static\/lazy_square.svg\" data-big=\"https:\/\/images.ole.com.ar\/2021\/06\/01\/J20SrWaQL_720x0__1.jpg\" data-small=\"https:\/\/images.ole.com.ar\/2021\/06\/01\/J20SrWaQL_720x0__1.jpg\" alt=\"El gol a Boca en 2019.\" observer data-observer-function=\"loadLazyImg\"><br \/>\n<\/figure><figcaption>\n<p>El gol a Boca en 2019.\n<\/p>\n<\/figcaption><\/div>\n<\/div>\n<p>Antes de partir a Brasil para sumarse a Mineiro, NF jug\u00f3 el primer s\u00faper del a\u00f1o. Entr\u00f3 en el segundo tiempo y ayud\u00f3 a cambiarle la cara al equipo del Mu\u00f1eco:<strong> asisti\u00f3 a Borr\u00e9 para el 2-1 parcial en la Bombonera, pero luego Boca lo termin\u00f3 empatando por la Copa Diego Maradona.<\/strong><\/p>\n<div class=\"sp__SM\">\n<div class=\"content-new \">\n<span class=\"tit-mobile\">Mir\u00e1 tambi\u00e9n<\/span><\/p>\n<div class=\"mg\">\n<div class=\"wrap-figure\">\n<figure>\n<a href=\"https:\/\/www.ole.com.ar\/river-plate\/cruce-argentinos-river_0_m4s5AXyg3.html\" target=\"_self\" rel=\"noopener noreferrer\"><br \/>\n<img class=\"img-responsive\" alt=\"El \u00faltimo choque vs. Argentinos no le trae buenos recuerdos a River\" src=\"https:\/\/images.ole.com.ar\/collections\/static\/lazy_square.svg\" data-big=\"https:\/\/images.ole.com.ar\/2021\/03\/09\/_BqxDwOPc_290x290__1.jpg\" data-small=\"https:\/\/images.ole.com.ar\/2021\/03\/09\/_BqxDwOPc_290x290__1.jpg\" observer data-observer-function=\"loadLazyImg\"><br \/>\n<\/a><br \/>\n<\/figure>\n<\/div>\n<\/div><\/div>\n<\/div>\n<div class=\"sp__Normal\">\n<div class=\"image-embeb image-trigger\">\n<figure>\n<img itemprop=\"image\" src=\"https:\/\/images.ole.com.ar\/collections\/static\/lazy_square.svg\" data-big=\"https:\/\/images.ole.com.ar\/2021\/04\/19\/GDCjt-sbR_720x0__1.jpg\" data-small=\"https:\/\/images.ole.com.ar\/2021\/04\/19\/GDCjt-sbR_720x0__1.jpg\" alt=\"Nacho con la de Mineiro.\" observer data-observer-function=\"loadLazyImg\"><br \/>\n<\/figure><figcaption>\n<p>Nacho con la de Mineiro.\n<\/p>\n<\/figcaption><\/div>\n<\/div>\n<p>Ahora, ya con el equipo brasile\u00f1o, Fern\u00e1ndez estar\u00e1 cara a cara contra Boca en julio. Mineiro llega como el mejor equipo de la fase de grupos ante un Xeneize que buscar\u00e1 reinventarse en estas semanas previas para darle pelea. Si los de Belo Horizonte superan al equipo de Miguel Angel Russo, podr\u00edan jugar con River, que se enfrentar\u00e1 en octavos a Argentinos.<\/p>\n<div class=\"sp__SM\">\n<div class=\"content-new \">\n<span class=\"tit-mobile\">Mir\u00e1 tambi\u00e9n<\/span><\/p>\n<div class=\"mg\">\n<div class=\"wrap-figure\">\n<figure>\n<a href=\"https:\/\/www.ole.com.ar\/boca-juniors\/atletico-mineiro-rival-boca-libertadores_0_cuP6EAxaF.html\" target=\"_self\" rel=\"noopener noreferrer\"><br \/>\n<img class=\"img-responsive\" alt=\"Mineiro no es problema para Boca\" src=\"https:\/\/images.ole.com.ar\/collections\/static\/lazy_square.svg\" data-big=\"https:\/\/images.ole.com.ar\/2021\/05\/22\/Vrd2AgZTN_290x290__1.jpg\" data-small=\"https:\/\/images.ole.com.ar\/2021\/05\/22\/Vrd2AgZTN_290x290__1.jpg\" observer data-observer-function=\"loadLazyImg\"><br \/>\n<\/a><br \/>\n<\/figure>\n<\/div>\n<\/div><\/div>\n<\/div>\n<div class=\"entry-tags\">\n<h2>TEMAS QUE APARECEN EN ESTA NOTA<\/h2>\n<\/p><\/div><\/div>\n","protected":false},"excerpt":{"rendered":"<p>El ex River se cruzar\u00e1 con el equipo de Russo en los octavos de Libertadores. Ac\u00e1, repasamos c\u00f3mo le fue a nivel personal en los cl\u00e1sicos. 01\/06\/2021 20:14 Actualizado al 01\/06\/2021 20:47 En sus a\u00f1os en River (2016-2021), Nacho Fern\u00e1ndez enfrent\u00f3 a Boca en varias oportunidades, l\u00f3gicamente. Y a lo largo de los partidos disputados, [&hellip;]<\/p>\n","protected":false},"author":1,"featured_media":21707,"comment_status":"open","ping_status":"closed","sticky":false,"template":"","format":"standard","meta":[],"categories":[16],"tags":[],"_links":{"self":[{"href":"http:\/\/hoycordobaweb.com\/index.php\/wp-json\/wp\/v2\/posts\/21706"}],"collection":[{"href":"http:\/\/hoycordobaweb.com\/index.php\/wp-json\/wp\/v2\/posts"}],"about":[{"href":"http:\/\/hoycordobaweb.com\/index.php\/wp-json\/wp\/v2\/types\/post"}],"author":[{"embeddable":true,"href":"http:\/\/hoycordobaweb.com\/index.php\/wp-json\/wp\/v2\/users\/1"}],"replies":[{"embeddable":true,"href":"http:\/\/hoycordobaweb.com\/index.php\/wp-json\/wp\/v2\/comments?post=21706"}],"version-history":[{"count":0,"href":"http:\/\/hoycordobaweb.com\/index.php\/wp-json\/wp\/v2\/posts\/21706\/revisions"}],"wp:featuredmedia":[{"embeddable":true,"href":"http:\/\/hoycordobaweb.com\/index.php\/wp-json\/wp\/v2\/media\/21707"}],"wp:attachment":[{"href":"http:\/\/hoycordobaweb.com\/index.php\/wp-json\/wp\/v2\/media?parent=21706"}],"wp:term":[{"taxonomy":"category","embeddable":true,"href":"http:\/\/hoycordobaweb.com\/index.php\/wp-json\/wp\/v2\/categories?post=21706"},{"taxonomy":"post_tag","embeddable":true,"href":"http:\/\/hoycordobaweb.com\/index.php\/wp-json\/wp\/v2\/tags?post=21706"}],"curies":[{"name":"wp","href":"https:\/\/api.w.org\/{rel}","templated":true}]}}