{"id":21586,"date":"2021-05-31T19:11:00","date_gmt":"2021-05-31T19:11:00","guid":{"rendered":"https:\/\/fm-comunicar.com.ar\/contenido\/17697\/el-ministro-cardozo-anuncio-mas-restricciones-si-se-alcanza-el-80-por-ciento-de-"},"modified":"2021-05-31T19:11:00","modified_gmt":"2021-05-31T19:11:00","slug":"el-ministro-cardozo-anuncio-mas-restricciones-si-se-alcanza-el-80-por-ciento-de-ocupacion-de-camas","status":"publish","type":"post","link":"http:\/\/hoycordobaweb.com\/index.php\/2021\/05\/31\/el-ministro-cardozo-anuncio-mas-restricciones-si-se-alcanza-el-80-por-ciento-de-ocupacion-de-camas\/","title":{"rendered":"El Ministro Cardozo anunci\u00f3 m\u00e1s restricciones si se alcanza el 80 por ciento de ocupaci\u00f3n de camas"},"content":{"rendered":"<p>Actualmente hay 2400 personas internadas que representan el casi el 73 por ciento. Con 250 internaciones m\u00e1s se alcanza la cifra l\u00edmite mencionada por el funcionario provincial.<img src=\"http:\/\/hoycordobaweb.com\/wp-content\/uploads\/2021\/06\/el-ministro-cardozo-anuncio-mas-restricciones-si-se-alcanza-el-80-por-ciento-de-ocupacion-de-camas.jpg\"><\/p>\n","protected":false},"excerpt":{"rendered":"<p>Actualmente hay 2400 personas internadas que representan el casi el 73 por ciento. Con 250 internaciones m\u00e1s se alcanza la cifra l\u00edmite mencionada por el funcionario provincial.<\/p>\n","protected":false},"author":1,"featured_media":21587,"comment_status":"closed","ping_status":"closed","sticky":false,"template":"","format":"standard","meta":[],"categories":[18],"tags":[],"_links":{"self":[{"href":"http:\/\/hoycordobaweb.com\/index.php\/wp-json\/wp\/v2\/posts\/21586"}],"collection":[{"href":"http:\/\/hoycordobaweb.com\/index.php\/wp-json\/wp\/v2\/posts"}],"about":[{"href":"http:\/\/hoycordobaweb.com\/index.php\/wp-json\/wp\/v2\/types\/post"}],"author":[{"embeddable":true,"href":"http:\/\/hoycordobaweb.com\/index.php\/wp-json\/wp\/v2\/users\/1"}],"replies":[{"embeddable":true,"href":"http:\/\/hoycordobaweb.com\/index.php\/wp-json\/wp\/v2\/comments?post=21586"}],"version-history":[{"count":0,"href":"http:\/\/hoycordobaweb.com\/index.php\/wp-json\/wp\/v2\/posts\/21586\/revisions"}],"wp:featuredmedia":[{"embeddable":true,"href":"http:\/\/hoycordobaweb.com\/index.php\/wp-json\/wp\/v2\/media\/21587"}],"wp:attachment":[{"href":"http:\/\/hoycordobaweb.com\/index.php\/wp-json\/wp\/v2\/media?parent=21586"}],"wp:term":[{"taxonomy":"category","embeddable":true,"href":"http:\/\/hoycordobaweb.com\/index.php\/wp-json\/wp\/v2\/categories?post=21586"},{"taxonomy":"post_tag","embeddable":true,"href":"http:\/\/hoycordobaweb.com\/index.php\/wp-json\/wp\/v2\/tags?post=21586"}],"curies":[{"name":"wp","href":"https:\/\/api.w.org\/{rel}","templated":true}]}}