{"id":21580,"date":"2021-06-01T00:38:00","date_gmt":"2021-06-01T00:38:00","guid":{"rendered":"http:\/\/hoycordobaweb.com\/index.php\/2021\/06\/01\/el-pt-del-expresidente-lula-no-quiere-la-copa-america-en-brasil\/"},"modified":"2021-06-01T00:38:00","modified_gmt":"2021-06-01T00:38:00","slug":"el-pt-del-expresidente-lula-no-quiere-la-copa-america-en-brasil","status":"publish","type":"post","link":"http:\/\/hoycordobaweb.com\/index.php\/2021\/06\/01\/el-pt-del-expresidente-lula-no-quiere-la-copa-america-en-brasil\/","title":{"rendered":"El PT del expresidente Lula no quiere la Copa Am\u00e9rica en Brasil"},"content":{"rendered":"<p><img src=\"http:\/\/hoycordobaweb.com\/wp-content\/uploads\/2021\/06\/el-pt-del-expresidente-lula-no-quiere-la-copa-america-en-brasil.jpg\"><\/p>\n<div class=\"image\" id=\"image\" readability=\"7\"> <img src=\"http:\/\/hoycordobaweb.com\/wp-content\/uploads\/2021\/06\/el-pt-del-expresidente-lula-no-quiere-la-copa-america-en-brasil-2.jpg\" alt=\"En el PT se refirieron al campeonato como &quot;Copa de la Muerte&quot;.\" title=\"En el PT se refirieron al campeonato como &quot;Copa de la Muerte&quot;.\"><\/p>\n<p>En el PT se refirieron al campeonato como \u00abCopa de la Muerte\u00bb.<\/p>\n<\/div>\n<p>El Partido de los Trabajadores (PT), la fuerza pol\u00edtica del expresidente Luiz In\u00e1cio Lula Da Silva, decidi\u00f3 pedir al Tribunal Supremo Federal que proh\u00edba la celebraci\u00f3n de la Copa Am\u00e9rica en Brasil, seg\u00fan anunci\u00f3 este lunes el diputado federal Alexandre Padilha.<\/p>\n<p>\u00abHabl\u00e9 con la presidenta de nuestro partido, Gleisi Hoffman, y el PT presentar\u00e1 un recurso ante el Tribunal Supremo Federal contra este nuevo absurdo del gobierno de Jair Bolsonaro, que busca realizar la Copa de la Muerte en Brasil\u00bb, indic\u00f3 Padilha en su cuenta de Twitter.<\/p>\n<div class=\"js-code\" readability=\"5.4768518518519\">\n<blockquote class=\"twitter-tweet\" readability=\"5.0555555555556\">\n<p lang=\"pt\" dir=\"ltr\">Conversei com a presidenta <a href=\"https:\/\/twitter.com\/gleisi?ref_src=twsrc%5Etfw\">@gleisi<\/a> e o PT ingressar\u00e1 no STF contra mais esse absurdo do governo Bolsonaro que busca realizar a Copa da Morte no Brasil. <a href=\"https:\/\/twitter.com\/hashtag\/CopaDoMataMata?src=hash&amp;ref_src=twsrc%5Etfw\">#CopaDoMataMata<\/a><\/p>\n<p>\u2014 Alexandre Padilha (@padilhando) <a href=\"https:\/\/twitter.com\/padilhando\/status\/1399417875627229191?ref_src=twsrc%5Etfw\">May 31, 2021<\/a><\/p><\/blockquote><\/div>\n<p>\u00ab\u00a1Y nos enteramos de que Bolsonaro autoriz\u00f3 la realizaci\u00f3n de la Copa Am\u00e9rica aqu\u00ed en Brasil! \u00bfEsto es serio? \u00bfEn medio de la pandemia, la llegada de la tercera ola, riesgo por falta de camas y suministros y con vacunaci\u00f3n lenta? \u00a1Incre\u00edble!\u00bb, se\u00f1al\u00f3 Hoffmann posteriormente por la misma red social.<\/p>\n<div class=\"js-code\" readability=\"7.6404494382022\">\n<blockquote class=\"twitter-tweet\" readability=\"8.5955056179775\">\n<p lang=\"pt\" dir=\"ltr\">No Brasil de mais de 462 mil v\u00edtimas da covid-19, milhares de mortes e casos registrados diariamente, Bolsonaro num ato de insanidade aceita trazer a Copa Am\u00e9rica ao pa\u00eds. Esse genocida precisa ser impichado com urg\u00eancia!<\/p>\n<p>\u2014 Gleisi Hoffmann (@gleisi) <a href=\"https:\/\/twitter.com\/gleisi\/status\/1399430307984642049?ref_src=twsrc%5Etfw\">May 31, 2021<\/a><\/p><\/blockquote><\/div>\n","protected":false},"excerpt":{"rendered":"<p>En el PT se refirieron al campeonato como \u00abCopa de la Muerte\u00bb. El Partido de los Trabajadores (PT), la fuerza pol\u00edtica del expresidente Luiz In\u00e1cio Lula Da Silva, decidi\u00f3 pedir al Tribunal Supremo Federal que proh\u00edba la celebraci\u00f3n de la Copa Am\u00e9rica en Brasil, seg\u00fan anunci\u00f3 este lunes el diputado federal Alexandre Padilha. \u00abHabl\u00e9 con [&hellip;]<\/p>\n","protected":false},"author":1,"featured_media":21581,"comment_status":"open","ping_status":"closed","sticky":false,"template":"","format":"standard","meta":[],"categories":[16],"tags":[],"_links":{"self":[{"href":"http:\/\/hoycordobaweb.com\/index.php\/wp-json\/wp\/v2\/posts\/21580"}],"collection":[{"href":"http:\/\/hoycordobaweb.com\/index.php\/wp-json\/wp\/v2\/posts"}],"about":[{"href":"http:\/\/hoycordobaweb.com\/index.php\/wp-json\/wp\/v2\/types\/post"}],"author":[{"embeddable":true,"href":"http:\/\/hoycordobaweb.com\/index.php\/wp-json\/wp\/v2\/users\/1"}],"replies":[{"embeddable":true,"href":"http:\/\/hoycordobaweb.com\/index.php\/wp-json\/wp\/v2\/comments?post=21580"}],"version-history":[{"count":0,"href":"http:\/\/hoycordobaweb.com\/index.php\/wp-json\/wp\/v2\/posts\/21580\/revisions"}],"wp:featuredmedia":[{"embeddable":true,"href":"http:\/\/hoycordobaweb.com\/index.php\/wp-json\/wp\/v2\/media\/21581"}],"wp:attachment":[{"href":"http:\/\/hoycordobaweb.com\/index.php\/wp-json\/wp\/v2\/media?parent=21580"}],"wp:term":[{"taxonomy":"category","embeddable":true,"href":"http:\/\/hoycordobaweb.com\/index.php\/wp-json\/wp\/v2\/categories?post=21580"},{"taxonomy":"post_tag","embeddable":true,"href":"http:\/\/hoycordobaweb.com\/index.php\/wp-json\/wp\/v2\/tags?post=21580"}],"curies":[{"name":"wp","href":"https:\/\/api.w.org\/{rel}","templated":true}]}}