{"id":21345,"date":"2021-05-28T22:50:27","date_gmt":"2021-05-28T22:50:27","guid":{"rendered":"http:\/\/ladecimaweb.com\/?p=9793"},"modified":"2021-05-28T22:50:27","modified_gmt":"2021-05-28T22:50:27","slug":"chocobar-el-policia-que-mato-al-ladron-que-apunalo-a-un-turista-no-ira-a-prision","status":"publish","type":"post","link":"http:\/\/hoycordobaweb.com\/index.php\/2021\/05\/28\/chocobar-el-policia-que-mato-al-ladron-que-apunalo-a-un-turista-no-ira-a-prision\/","title":{"rendered":"Chocobar, el polic\u00eda que mat\u00f3 al ladr\u00f3n que apu\u00f1al\u00f3 a un turista, no ir\u00e1 a prisi\u00f3n"},"content":{"rendered":"<p><em>(Con info de medios porte\u00f1os)<\/em> El polic\u00eda<a href=\"https:\/\/www.clarin.com\/tema\/luis-chocobar.html\">\u00a0Luis Oscar Chocobar (34)<\/a> fue condenado a dos a\u00f1os de prisi\u00f3n en suspenso pero no ir\u00e1 preso por matar al ladr\u00f3n que atac\u00f3 a un turista en diciembre de 2017 en las calles del barrio de La Boca.<\/p>\n<p><strong>&#8220;Solo voy a decir que estoy agradecido a la sociedad en general por el apoyo. Agradecer y nada m\u00e1s&#8221;<\/strong>, dijo el agente tras salir de los tribunales de Comodoro Py. &#8220;Mi tel\u00e9fono tuvo un aguante impresionante por la cantidad de gente que me apoy\u00f3&#8221;, agreg\u00f3.<\/p>\n<p>El Tribunal Oral de Menores (TOM) N\u00b0 2 conden\u00f3 a Chocobar por <strong>&#8220;homicidio con exceso en el cumplimiento de un deber&#8221;<\/strong>\u00a0y lo inhabilit\u00f3 por cinco a\u00f1os para ejercer sus funciones como polic\u00eda. No obstante,\u00a0<strong>hasta que la sentencia no quede firme mantendr\u00eda su cargo en la Bonaerense<\/strong><\/p>\n<p>&#8220;Vamos a apelar, claro, a trav\u00e9s de Casaci\u00f3n. Este fallo es totalmente negativo, hay causas de corrupci\u00f3n y los culpables quedan absueltos. El 10 de agosto van a darnos los fundamentos. A\u00fan hay que esperar a que esta sentencia quede firme&#8221;, dijo su abogado, Fernando Soto, que<strong>\u00a0hab\u00eda pedido la absoluci\u00f3n.<\/strong><\/p>\n<p>&#8220;Queremos agradecer el apoyo de la gente por todo este tiempo, el apoyo por la defensa, el apoyo que le brindaron a Luis Oscar Chocobar. N<strong>o tengo dudas que se han equivocado\u00a0<\/strong>y que fallaron en contra de las pruebas de la causa. Es mi interpretaci\u00f3n&#8221;, afirm\u00f3 Soto.<\/p>\n<p>El juicio oral contra el polic\u00eda arranc\u00f3 el 9 de octubre de 2020, de manera semi-presencial en Comodoro Py. El TOM N\u00b0 2 tambi\u00e9n juzg\u00f3\u00a0a uno de los asaltantes que el 8 de diciembre de 2017, en La Boca, atac\u00f3 al\u00a0<strong><a href=\"https:\/\/www.clarin.com\/policiales\/mensaje-turista-norteamericano-joe-wolek-apoyo-policia-chocobar-horas-juicio-oral_0_I9yRTboU8.html\">turista estadounidense Joe Wolek (57)<\/a>\u00a0<\/strong>y lo conden\u00f3 a\u00a0<strong>9 a\u00f1os de prisi\u00f3n efectiva\u00a0<\/strong>como coautor de &#8220;robo calificado por el uso de armas, en concurso real con homicidio calificado&#8221;. La fiscal\u00eda hab\u00eda solicitado 18 a\u00f1os.<\/p>\n<p>La jornada del\u00a0viernes arranc\u00f3 a las 10 de la ma\u00f1ana con las &#8220;\u00faltimas palabras&#8221; de Chocobar y del ladr\u00f3n acusado de apu\u00f1alar a Wolek, que era menor de edad en el momento del hecho, en el que el otro asaltante,\u00a0<a href=\"https:\/\/www.clarin.com\/policiales\/juicio-chocobar-madre-ladron-muerto-justicia-_0_GVpSm_eft.html\"><strong>Juan Pablo Kukoc (18)<\/strong><\/a>, recibi\u00f3 dos balazos que le provocaron la muerte.<\/p>\n<p>&#8220;Gracias se\u00f1ores jueces por darme esta oportunidad. Quer\u00eda decirles que yo cumpl\u00ed con la ley. Cumpl\u00ed con mi deber. Le pido a Dios que los ilumine para que tomen la mejor decisi\u00f3n&#8221;, dijo el agente de la Bonaerense ante el tribunal, seg\u00fan reconstruy\u00f3 a\u00a0<strong>Clar\u00edn\u00a0<\/strong>su abogado Fernando Soto.<\/p>\n<p>Chocobar y Soto volvieron a la sala de audiencias a las 15 y all\u00ed escucharon y vieron a los jueces\u00a0Fernando Pisano, Jorge Apolo y Adolfo Calvete, quienes comunicaron el veredicto.<\/p>\n<div class=\"ubm_banner\"><a href=\"https:\/\/www.youtube.com\/watch?v=4MQW8zM648g\" target=\"_blank\" rel=\"dofollow noopener noreferrer\"><img src=\"http:\/\/hoycordobaweb.com\/wp-content\/uploads\/2021\/05\/chocobar-el-policia-que-mato-al-ladron-que-apunalo-a-un-turista-no-ira-a-prision.gif\" alt=\"\"><\/a><\/div>\n<p>La entrada <a rel=\"nofollow\" href=\"https:\/\/ladecimaweb.com\/chocobar-el-policia-que-mato-al-ladron-que-apunalo-a-un-turista-no-ira-a-prision\/\">Chocobar, el polic\u00eda que mat\u00f3 al ladr\u00f3n que apu\u00f1al\u00f3 a un turista, no ir\u00e1 a prisi\u00f3n<\/a> se public\u00f3 primero en <a rel=\"nofollow\" href=\"https:\/\/ladecimaweb.com\">LaDecima<\/a>.<\/p>\n","protected":false},"excerpt":{"rendered":"<p>(Con info de medios porte\u00f1os) El polic\u00eda\u00a0Luis Oscar Chocobar (34) fue condenado a dos a\u00f1os de prisi\u00f3n en suspenso pero no ir\u00e1 preso por matar al ladr\u00f3n que atac\u00f3 a un turista en diciembre de 2017 en las calles del barrio de La Boca. &#8220;Solo voy a decir que estoy agradecido a la sociedad en [&hellip;]<\/p>\n","protected":false},"author":1,"featured_media":21346,"comment_status":"closed","ping_status":"closed","sticky":false,"template":"","format":"standard","meta":[],"categories":[19],"tags":[],"_links":{"self":[{"href":"http:\/\/hoycordobaweb.com\/index.php\/wp-json\/wp\/v2\/posts\/21345"}],"collection":[{"href":"http:\/\/hoycordobaweb.com\/index.php\/wp-json\/wp\/v2\/posts"}],"about":[{"href":"http:\/\/hoycordobaweb.com\/index.php\/wp-json\/wp\/v2\/types\/post"}],"author":[{"embeddable":true,"href":"http:\/\/hoycordobaweb.com\/index.php\/wp-json\/wp\/v2\/users\/1"}],"replies":[{"embeddable":true,"href":"http:\/\/hoycordobaweb.com\/index.php\/wp-json\/wp\/v2\/comments?post=21345"}],"version-history":[{"count":0,"href":"http:\/\/hoycordobaweb.com\/index.php\/wp-json\/wp\/v2\/posts\/21345\/revisions"}],"wp:featuredmedia":[{"embeddable":true,"href":"http:\/\/hoycordobaweb.com\/index.php\/wp-json\/wp\/v2\/media\/21346"}],"wp:attachment":[{"href":"http:\/\/hoycordobaweb.com\/index.php\/wp-json\/wp\/v2\/media?parent=21345"}],"wp:term":[{"taxonomy":"category","embeddable":true,"href":"http:\/\/hoycordobaweb.com\/index.php\/wp-json\/wp\/v2\/categories?post=21345"},{"taxonomy":"post_tag","embeddable":true,"href":"http:\/\/hoycordobaweb.com\/index.php\/wp-json\/wp\/v2\/tags?post=21345"}],"curies":[{"name":"wp","href":"https:\/\/api.w.org\/{rel}","templated":true}]}}