{"id":21332,"date":"2021-05-28T19:18:00","date_gmt":"2021-05-28T19:18:00","guid":{"rendered":"https:\/\/fm-comunicar.com.ar\/contenido\/17662\/dos-caroyenses-representaran-al-pais-en-el-mundial-de-hip-hop"},"modified":"2021-05-28T19:18:00","modified_gmt":"2021-05-28T19:18:00","slug":"dos-caroyenses-representaran-al-pais-en-el-mundial-de-hip-hop","status":"publish","type":"post","link":"http:\/\/hoycordobaweb.com\/index.php\/2021\/05\/28\/dos-caroyenses-representaran-al-pais-en-el-mundial-de-hip-hop\/","title":{"rendered":"Dos caroyenses representar\u00e1n al pa\u00eds en el Mundial de Hip Hop"},"content":{"rendered":"<p>Son las profes de ritmos urbanos Vanesa Londero y Valentina V\u00e1zquez Bournot. El evento se har\u00e1 en septiembre y posiblemente se organice con modalidad virtual, aunque la sede original es Estados Unidos. Venden una rifa para cubrir los gastos de la participaci\u00f3n.<img src=\"http:\/\/hoycordobaweb.com\/wp-content\/uploads\/2021\/05\/dos-caroyenses-representaran-al-pais-en-el-mundial-de-hip-hop.jpg\"><\/p>\n","protected":false},"excerpt":{"rendered":"<p>Son las profes de ritmos urbanos Vanesa Londero y Valentina V\u00e1zquez Bournot. El evento se har\u00e1 en septiembre y posiblemente se organice con modalidad virtual, aunque la sede original es Estados Unidos. Venden una rifa para cubrir los gastos de la participaci\u00f3n.<\/p>\n","protected":false},"author":1,"featured_media":21333,"comment_status":"closed","ping_status":"closed","sticky":false,"template":"","format":"standard","meta":[],"categories":[18],"tags":[],"_links":{"self":[{"href":"http:\/\/hoycordobaweb.com\/index.php\/wp-json\/wp\/v2\/posts\/21332"}],"collection":[{"href":"http:\/\/hoycordobaweb.com\/index.php\/wp-json\/wp\/v2\/posts"}],"about":[{"href":"http:\/\/hoycordobaweb.com\/index.php\/wp-json\/wp\/v2\/types\/post"}],"author":[{"embeddable":true,"href":"http:\/\/hoycordobaweb.com\/index.php\/wp-json\/wp\/v2\/users\/1"}],"replies":[{"embeddable":true,"href":"http:\/\/hoycordobaweb.com\/index.php\/wp-json\/wp\/v2\/comments?post=21332"}],"version-history":[{"count":0,"href":"http:\/\/hoycordobaweb.com\/index.php\/wp-json\/wp\/v2\/posts\/21332\/revisions"}],"wp:featuredmedia":[{"embeddable":true,"href":"http:\/\/hoycordobaweb.com\/index.php\/wp-json\/wp\/v2\/media\/21333"}],"wp:attachment":[{"href":"http:\/\/hoycordobaweb.com\/index.php\/wp-json\/wp\/v2\/media?parent=21332"}],"wp:term":[{"taxonomy":"category","embeddable":true,"href":"http:\/\/hoycordobaweb.com\/index.php\/wp-json\/wp\/v2\/categories?post=21332"},{"taxonomy":"post_tag","embeddable":true,"href":"http:\/\/hoycordobaweb.com\/index.php\/wp-json\/wp\/v2\/tags?post=21332"}],"curies":[{"name":"wp","href":"https:\/\/api.w.org\/{rel}","templated":true}]}}