{"id":2120,"date":"2020-09-23T13:55:28","date_gmt":"2020-09-23T13:55:28","guid":{"rendered":"http:\/\/fono.fcm.unc.edu.ar\/?p=5048"},"modified":"2020-09-23T13:55:28","modified_gmt":"2020-09-23T13:55:28","slug":"6-jornada-de-extension-de-fcm-y-1-jornada-virtual-extension","status":"publish","type":"post","link":"http:\/\/hoycordobaweb.com\/index.php\/2020\/09\/23\/6-jornada-de-extension-de-fcm-y-1-jornada-virtual-extension\/","title":{"rendered":"6\u00b0 Jornada de Extensi\u00f3n de FCM y 1\u00b0 Jornada Virtual Extensi\u00f3n"},"content":{"rendered":"<h2 class=\"fusion-post-title\">6\u00b0 Jornada de Extensi\u00f3n de FCM y 1\u00b0 Jornada Virtual Extensi\u00f3n<\/h2>\n<div class=\"post-content\" readability=\"48.171830985915\">\n<p><b><img loading=\"lazy\" class=\" wp-image-4990 alignright\" src=\"https:\/\/fono.fcm.unc.edu.ar\/wp-content\/uploads\/sites\/14\/2020\/09\/unnamed-300x300.jpg\" alt width=\"315\" height=\"315\" srcset=\"https:\/\/fono.fcm.unc.edu.ar\/wp-content\/uploads\/sites\/14\/2020\/09\/unnamed-66x66.jpg 66w, https:\/\/fono.fcm.unc.edu.ar\/wp-content\/uploads\/sites\/14\/2020\/09\/unnamed-150x150.jpg 150w, https:\/\/fono.fcm.unc.edu.ar\/wp-content\/uploads\/sites\/14\/2020\/09\/unnamed-200x200.jpg 200w, https:\/\/fono.fcm.unc.edu.ar\/wp-content\/uploads\/sites\/14\/2020\/09\/unnamed-300x300.jpg 300w, https:\/\/fono.fcm.unc.edu.ar\/wp-content\/uploads\/sites\/14\/2020\/09\/unnamed-400x400.jpg 400w, https:\/\/fono.fcm.unc.edu.ar\/wp-content\/uploads\/sites\/14\/2020\/09\/unnamed-600x600.jpg 600w, https:\/\/fono.fcm.unc.edu.ar\/wp-content\/uploads\/sites\/14\/2020\/09\/unnamed-768x768.jpg 768w, https:\/\/fono.fcm.unc.edu.ar\/wp-content\/uploads\/sites\/14\/2020\/09\/unnamed-800x800.jpg 800w, https:\/\/fono.fcm.unc.edu.ar\/wp-content\/uploads\/sites\/14\/2020\/09\/unnamed-1024x1024.jpg 1024w, https:\/\/fono.fcm.unc.edu.ar\/wp-content\/uploads\/sites\/14\/2020\/09\/unnamed-1200x1200.jpg 1200w, https:\/\/fono.fcm.unc.edu.ar\/wp-content\/uploads\/sites\/14\/2020\/09\/unnamed.jpg 1280w\" sizes=\"(max-width: 315px) 100vw, 315px\">Pautas para la presentaci\u00f3n de trabajos<\/b><\/p>\n<p>Para participar como expositor de trabajos extensionistas se deben reunir los siguientes requisitos:<\/p>\n<ul>\n<li>Todos los trabajos deben presentarse en idioma espa\u00f1ol<\/li>\n<li>Deben haber sido aprobado por el Consejo Directivo de la Facultad de Ciencias M\u00e9dicas- UNC y tener su informe de realizaci\u00f3n tambi\u00e9n aprobado.<\/li>\n<li>Es importante tener en cuenta que el contenido de los trabajos que sean enviados deben ser ubicados dentro de los siguientes ejes tem\u00e1ticos<b>: calidad de vida, promoci\u00f3n y prevenci\u00f3n de la salud, educaci\u00f3n, y ambiente.<\/b><\/li>\n<li>El resumen debe contener<\/li>\n<\/ul>\n<p>\u2013 como m\u00e1ximo 500 palabras. NO INCLUIDOS LOS T\u00cdTULOS, NOMBRES DE AUTORES Y BIBLIOGRAF\u00cdA.<\/p>\n<p>\u2013 Letra: Arial 11<\/p>\n<p>\u2013 Interlineado: sencillo<\/p>\n<p>\u2013 M\u00e1rgenes: Superior e Inferior: 2,5 cm \u2013 Izquierda y derecha 3 cm<\/p>\n<p>Para la realizaci\u00f3n del poster:<\/p>\n<ul>\n<li>Utilizar las plantillas que le ser\u00e1n enviadas por mail, para la realizaci\u00f3n de los posters<\/li>\n<li>Los trabajos seleccionados deben seguir el siguiente formato:<\/li>\n<\/ul>\n<ol>\n<li>T\u00edtulo<\/li>\n<li>Autores<\/li>\n<li>Instituciones<\/li>\n<li>Introducci\u00f3n en la misma debe estar incluido el problema, y la hip\u00f3tesis<\/li>\n<li>Objetivos<\/li>\n<li>Metodolog\u00eda<\/li>\n<li>Conclusiones<\/li>\n<li>Bibliograf\u00eda con normas Harvard (no incluir m\u00e1s de 5 citas)<\/li>\n<li>En caso de financiamiento de debe informar a esta Comisi\u00f3n<\/li>\n<\/ol>\n<p align=\"center\"><b>La fecha l\u00edmite de presentaci\u00f3n de res\u00famenes para su evaluaci\u00f3n ser\u00e1 el d\u00eda 4 de octubre del 2020, a la siguiente direcci\u00f3n de correo&nbsp;<a href=\"mailto:msequeira@fcm.unc.edu.ar\" target=\"_blank\" rel=\"noopener noreferrer\">msequeira@fcm.unc.edu.ar<\/a><\/b><\/p>\n<\/p><\/div>\n","protected":false},"excerpt":{"rendered":"<p>6\u00b0 Jornada de Extensi\u00f3n de FCM y 1\u00b0 Jornada Virtual Extensi\u00f3n Pautas para la presentaci\u00f3n de trabajos Para participar como expositor de trabajos extensionistas se deben reunir los siguientes requisitos: Todos los trabajos deben presentarse en idioma espa\u00f1ol Deben haber sido aprobado por el Consejo Directivo de la Facultad de Ciencias M\u00e9dicas- UNC y tener [&hellip;]<\/p>\n","protected":false},"author":1,"featured_media":0,"comment_status":"closed","ping_status":"closed","sticky":false,"template":"","format":"standard","meta":[],"categories":[1],"tags":[],"_links":{"self":[{"href":"http:\/\/hoycordobaweb.com\/index.php\/wp-json\/wp\/v2\/posts\/2120"}],"collection":[{"href":"http:\/\/hoycordobaweb.com\/index.php\/wp-json\/wp\/v2\/posts"}],"about":[{"href":"http:\/\/hoycordobaweb.com\/index.php\/wp-json\/wp\/v2\/types\/post"}],"author":[{"embeddable":true,"href":"http:\/\/hoycordobaweb.com\/index.php\/wp-json\/wp\/v2\/users\/1"}],"replies":[{"embeddable":true,"href":"http:\/\/hoycordobaweb.com\/index.php\/wp-json\/wp\/v2\/comments?post=2120"}],"version-history":[{"count":0,"href":"http:\/\/hoycordobaweb.com\/index.php\/wp-json\/wp\/v2\/posts\/2120\/revisions"}],"wp:attachment":[{"href":"http:\/\/hoycordobaweb.com\/index.php\/wp-json\/wp\/v2\/media?parent=2120"}],"wp:term":[{"taxonomy":"category","embeddable":true,"href":"http:\/\/hoycordobaweb.com\/index.php\/wp-json\/wp\/v2\/categories?post=2120"},{"taxonomy":"post_tag","embeddable":true,"href":"http:\/\/hoycordobaweb.com\/index.php\/wp-json\/wp\/v2\/tags?post=2120"}],"curies":[{"name":"wp","href":"https:\/\/api.w.org\/{rel}","templated":true}]}}