{"id":21189,"date":"2021-05-26T22:30:04","date_gmt":"2021-05-26T22:30:04","guid":{"rendered":"http:\/\/manoamanocba.com.ar\/?p=4432"},"modified":"2021-05-26T22:30:04","modified_gmt":"2021-05-26T22:30:04","slug":"postales-del-invierno-demografico-que-nos-anticipa-la-pandemia-actual","status":"publish","type":"post","link":"http:\/\/hoycordobaweb.com\/index.php\/2021\/05\/26\/postales-del-invierno-demografico-que-nos-anticipa-la-pandemia-actual\/","title":{"rendered":"Postales del invierno demogr\u00e1fico que nos anticipa la pandemia actual"},"content":{"rendered":"<p><span>Es una corriente invisible que nos atraviesa pero que no alcanzamos a detectar, ni mucho menos a calibrar completamente sus consecuencias. As\u00ed suelen ocurrir las grandes transformaciones: en silencio, sin grandes anuncios y de pronto el mundo cambia y, sin preverlo, estamos pisando territorio nuevo.<\/span><\/p>\n<p><span>En estos d\u00edas estamos transitando un fen\u00f3meno que es mundial, que se viene manifestando desde hace varias d\u00e9cadas, pero est\u00e1 quedando m\u00e1s en evidencia a partir de la pandemia que afecta a todo el planeta.<\/span><\/p>\n<p><span>Tiene que ver con el hecho de que el mundo est\u00e1 avanzando hacia una disminuci\u00f3n de la poblaci\u00f3n global. Estamos yendo hacia un planeta que en el futuro mediato tendr\u00e1 menos seres humanos, y eso nos colocar\u00e1 a todos frente a consecuencias que todav\u00eda no alcanzamos a calibrar.<\/span><\/p>\n<p><b>Un cambio cercano<\/b><\/p>\n<p><span>En 2021 el planeta tiene cerca de 7.800 millones de personas, y seg\u00fan c\u00e1lculos de diferentes organizaciones internacionales, la poblaci\u00f3n seguir\u00e1 creciendo en las pr\u00f3ximas tres d\u00e9cadas para llevar el total por encima de los 9.000 millones de personas.<\/span><\/p>\n<p><span>Si la velocidad de crecimiento poblacional continuara como en el \u00faltimo siglo, el planeta se dirigir\u00eda a una superpoblaci\u00f3n de 11.200 millones de habitantes en 2100, seg\u00fan las proyecciones de la Organizaci\u00f3n de las Naciones Unidas (ONU).<\/span><\/p>\n<p><span>Pero los dem\u00f3grafos esperan que cuando el siglo 21 llegue a la mitad, el crecimiento poblacional se estanque y luego comience un leve pero constante retroceso en el n\u00famero de habitantes.<\/span><\/p>\n<p><span>Es lo que se ha denominado el invierno demogr\u00e1fico, a partir de la definici\u00f3n que cre\u00f3 hace varias d\u00e9cadas el profesor de la Universidad de Lovaina, en B\u00e9lgica, Michel Schooyans.&nbsp;<\/span><\/p>\n<p><span>Esta ca\u00edda en la tasa de fertilidad se deber\u00e1 a varios factores, entre los que podemos mencionar el avance de los derechos de las mujeres, el avance de la educaci\u00f3n y el avance de la anticoncepci\u00f3n.<\/span><\/p>\n<p><span>Hoy, en plena pandemia de coronavirus, diversas estad\u00edsticas muestran que en numerosos pa\u00edses son m\u00e1s las parejas y personas solas que deciden no tener hijos, que postergan los embarazos porque prefieren esperar que pase esta coyuntura y tener m\u00e1s claro el futuro. Pero, m\u00e1s all\u00e1 de la pandemia, esta tendencia se viene afirmando desde hace mucho tiempo.<\/span><\/p>\n<p><b>Nuevos interrogantes<\/b><\/p>\n<p><span>Por eso los dem\u00f3grafos prev\u00e9n que en las pr\u00f3ximas d\u00e9cadas se profundizar\u00e1n fen\u00f3menos como el envejecimiento poblacional, que ahora afecta solamente a pa\u00edses desarrollados pero que pronto comenzar\u00e1 a extenderse tambi\u00e9n a naciones en desarrollo.&nbsp;<\/span><\/p>\n<p><span>Esto generar\u00e1 muchos interrogantes sobre los sistemas jubilatorios, las organizaciones sanitarias y el mundo del trabajo en un planeta que comenzar\u00e1 a ver crecer de manera acelerada sus porcentajes de habitantes envejecidos.<\/span><\/p>\n<p><span>Tambi\u00e9n crecer\u00e1 la migraci\u00f3n, porque habr\u00e1 poblaciones j\u00f3venes que abandonen sus lugares de nacimiento en rincones del globo menos favorecidos para ir a trabajar a pa\u00edses donde necesiten mano de obra nueva, ya que las tasas de fertilidad no alcanzar\u00e1n para reponer sus poblaciones econ\u00f3micamente activas.<\/span><\/p>\n<p><span>Para que un pa\u00eds mantenga su poblaci\u00f3n debe sostener una natalidad de 2,1 nacimientos por mujer, una tasa que hace mucho no alcanzan, por ejemplo, los pa\u00edses de Europa. Argentina, pese a no ser un pa\u00eds desarrollado, se encuentra en el borde de esa cifra l\u00edmite, con una tasa de natalidad de 2,26, seg\u00fan estad\u00edsticas de 2018. En el 2000 esa tasa era de 2,54 y llegaba al 3,0 en 1990, lo que muestra a las claras que Argentina est\u00e1 reproduciendo, quiz\u00e1 por otros motivos, la misma tendencia que los pa\u00edses europeos.<\/span><\/p>\n<p><b>M\u00e1s muertes que nacimientos<\/b><\/p>\n<p><span>Algunos esperan que esta transformaci\u00f3n tenga consecuencias positivas, como la disminuci\u00f3n de la contaminaci\u00f3n y el calentamiento global, aunque tambi\u00e9n podr\u00eda haber graves consecuencias para el desarrollo econ\u00f3mico de los pa\u00edses y un aumento de la desigualdad global.<\/span><\/p>\n<p><span>A partir de mediados de este siglo llegar\u00e1 un mundo en el que habr\u00e1 m\u00e1s fallecimientos que nacimientos, y habr\u00e1 m\u00e1s pueblos y zonas rurales que queden vac\u00edos por falta de poblaci\u00f3n, como ya viene ocurriendo en Europa.<\/span><\/p>\n<p><span>Los \u00faltimos pa\u00edses en ver este fen\u00f3meno ser\u00e1n aquellos donde hoy no se permite la educaci\u00f3n sexual y donde no se respeta el derecho de la mujer a decidir sobre sus propios cuerpos. Los pa\u00edses africanos y los pa\u00edses asi\u00e1ticos musulmanes, por eso, se espera que sean los \u00faltimos en sumarse a esta transformaci\u00f3n.<\/span><\/p>\n<p><span>Seg\u00fan la revista<\/span><b> The Lancet<\/b><span>, en menos de 80 a\u00f1os el 95 por ciento de los pa\u00edses del mundo tendr\u00e1n menos nacimientos que los necesarios para reemplazar a la poblaci\u00f3n actual. Ser\u00e1 un mundo nuevo, con menos personas y con diferentes desaf\u00edos.<\/span><\/p>\n<p>*Periodista de la secci\u00f3n dominguera Primer Plano. Profesor de Investigaci\u00f3n Period\u00edstica. Coordinador de Informes Especiales en La Voz del Interior. Autor de los libros \u00abLa Sagrada Familia\u00bb, sobre corrupci\u00f3n en el Poder Judicial y \u00abEl reino de los Ju\u00e1rez\u00bb, sobre Santiago del Estero.<\/p>\n<p><a href=\"http:\/\/hoycordobaweb.com\/wp-content\/uploads\/2021\/05\/postales-del-invierno-demografico-que-nos-anticipa-la-pandemia-actual.jpg\"><img loading=\"lazy\" class=\"aligncenter wp-image-4298\" src=\"http:\/\/hoycordobaweb.com\/wp-content\/uploads\/2021\/05\/postales-del-invierno-demografico-que-nos-anticipa-la-pandemia-actual.jpg\" alt width=\"355\" height=\"173\" srcset=\"http:\/\/hoycordobaweb.com\/wp-content\/uploads\/2021\/05\/postales-del-invierno-demografico-que-nos-anticipa-la-pandemia-actual.jpg 1280w, http:\/\/hoycordobaweb.com\/wp-content\/uploads\/2021\/05\/postales-del-invierno-demografico-que-nos-anticipa-la-pandemia-actual-1.jpg 300w, http:\/\/hoycordobaweb.com\/wp-content\/uploads\/2021\/05\/postales-del-invierno-demografico-que-nos-anticipa-la-pandemia-actual-2.jpg 1024w, http:\/\/hoycordobaweb.com\/wp-content\/uploads\/2021\/05\/postales-del-invierno-demografico-que-nos-anticipa-la-pandemia-actual-3.jpg 768w\" sizes=\"(max-width: 355px) 100vw, 355px\"><\/a><\/p>\n","protected":false},"excerpt":{"rendered":"<p>Es una corriente invisible que nos atraviesa pero que no alcanzamos a detectar, ni mucho menos a calibrar completamente sus consecuencias. As\u00ed suelen ocurrir las grandes transformaciones: en silencio, sin grandes anuncios y de pronto el mundo cambia y, sin preverlo, estamos pisando territorio nuevo. En estos d\u00edas estamos transitando un fen\u00f3meno que es mundial, [&hellip;]<\/p>\n","protected":false},"author":1,"featured_media":21190,"comment_status":"closed","ping_status":"closed","sticky":false,"template":"","format":"standard","meta":[],"categories":[19],"tags":[],"_links":{"self":[{"href":"http:\/\/hoycordobaweb.com\/index.php\/wp-json\/wp\/v2\/posts\/21189"}],"collection":[{"href":"http:\/\/hoycordobaweb.com\/index.php\/wp-json\/wp\/v2\/posts"}],"about":[{"href":"http:\/\/hoycordobaweb.com\/index.php\/wp-json\/wp\/v2\/types\/post"}],"author":[{"embeddable":true,"href":"http:\/\/hoycordobaweb.com\/index.php\/wp-json\/wp\/v2\/users\/1"}],"replies":[{"embeddable":true,"href":"http:\/\/hoycordobaweb.com\/index.php\/wp-json\/wp\/v2\/comments?post=21189"}],"version-history":[{"count":0,"href":"http:\/\/hoycordobaweb.com\/index.php\/wp-json\/wp\/v2\/posts\/21189\/revisions"}],"wp:featuredmedia":[{"embeddable":true,"href":"http:\/\/hoycordobaweb.com\/index.php\/wp-json\/wp\/v2\/media\/21190"}],"wp:attachment":[{"href":"http:\/\/hoycordobaweb.com\/index.php\/wp-json\/wp\/v2\/media?parent=21189"}],"wp:term":[{"taxonomy":"category","embeddable":true,"href":"http:\/\/hoycordobaweb.com\/index.php\/wp-json\/wp\/v2\/categories?post=21189"},{"taxonomy":"post_tag","embeddable":true,"href":"http:\/\/hoycordobaweb.com\/index.php\/wp-json\/wp\/v2\/tags?post=21189"}],"curies":[{"name":"wp","href":"https:\/\/api.w.org\/{rel}","templated":true}]}}