{"id":21187,"date":"2021-05-26T23:00:29","date_gmt":"2021-05-26T23:00:29","guid":{"rendered":"http:\/\/ladecimaweb.com\/?p=9785"},"modified":"2021-05-26T23:00:29","modified_gmt":"2021-05-26T23:00:29","slug":"el-municipio-anuncia-medidas-paliativas-para-el-comercio-ante-el-confinamiento","status":"publish","type":"post","link":"http:\/\/hoycordobaweb.com\/index.php\/2021\/05\/26\/el-municipio-anuncia-medidas-paliativas-para-el-comercio-ante-el-confinamiento\/","title":{"rendered":"El municipio anuncia medidas paliativas para el comercio ante el confinamiento"},"content":{"rendered":"<p>El Intendente Mart\u00edn Llaryora dispuso medidas econ\u00f3micas para los sectores comerciales afectados por la Pandemia.<\/p>\n<p>\u2022 Eximici\u00f3n de pago de tasa de Comercio e industria a aquellos contribuyentes afectados que no hubieran alcanzado los m\u00ednimos de facturaci\u00f3n imponible. Cuota 5.<\/p>\n<p>\u2022 Eximici\u00f3n a bares, restoranes, salones de Fiesta y Espect\u00e1culos, Jardines Maternales de la tasa de Comercio, cuota 5. Ser\u00e1n las c\u00e1maras que nucleen a estos rubros las que en las mesas de trabajo generadas del sector privado y el municipio deber\u00e1n demostrar la realidad de la ca\u00edda en la facturaci\u00f3n del negocio que solicite la eximici\u00f3n.<\/p>\n<figure id=\"attachment_9786\" aria-describedby=\"caption-attachment-9786\" style=\"width: 523px\" class=\"wp-caption aligncenter\"><img loading=\"lazy\" class=\"wp-image-9786\" src=\"http:\/\/hoycordobaweb.com\/wp-content\/uploads\/2021\/05\/el-municipio-anuncia-medidas-paliativas-para-el-comercio-ante-el-confinamiento.jpg\" alt=\"\" width=\"523\" height=\"303\" srcset=\"http:\/\/hoycordobaweb.com\/wp-content\/uploads\/2021\/05\/el-municipio-anuncia-medidas-paliativas-para-el-comercio-ante-el-confinamiento.jpg 1205w, http:\/\/hoycordobaweb.com\/wp-content\/uploads\/2021\/05\/el-municipio-anuncia-medidas-paliativas-para-el-comercio-ante-el-confinamiento-1.jpg 765w, http:\/\/hoycordobaweb.com\/wp-content\/uploads\/2021\/05\/el-municipio-anuncia-medidas-paliativas-para-el-comercio-ante-el-confinamiento-2.jpg 768w\" sizes=\"(max-width: 523px) 100vw, 523px\" \/><figcaption id=\"caption-attachment-9786\" class=\"wp-caption-text\">Llaryora junto a Siciliano (secretario de Gobierno) y Acosta (secretario de Econom\u00eda)<\/figcaption><\/figure>\n<p>\u2022 Eximici\u00f3n de la tasa del Automotor, cuota 5 para transporte escolar, taxis y remis.<\/p>\n<p>\u2022 La Municipalidad reedita los acuerdos colaborativos que se aplicaron en el a\u00f1o 2020 con la c\u00e1mara Hotelera, Turismo y dem\u00e1s.<\/p>\n<p>\u2022 Suspensi\u00f3n hasta el mes de julio de medidas de ejecuci\u00f3n fiscal por deuda.<\/p>\n<p>&nbsp;<\/p>\n<div class=\"ubm_banner\"><a href=\"https:\/\/www.youtube.com\/watch?v=4MQW8zM648g\" target=\"_blank\" rel=\"dofollow noopener noreferrer\"><img src=\"http:\/\/hoycordobaweb.com\/wp-content\/uploads\/2021\/05\/el-municipio-anuncia-medidas-paliativas-para-el-comercio-ante-el-confinamiento.gif\" alt=\"\"><\/a><\/div>\n<p>La entrada <a rel=\"nofollow\" href=\"https:\/\/ladecimaweb.com\/el-municipio-anuncia-medidas-paliativas-para-el-comercio-ante-el-confinamiento\/\">El municipio anuncia medidas paliativas para el comercio ante el confinamiento<\/a> se public\u00f3 primero en <a rel=\"nofollow\" href=\"https:\/\/ladecimaweb.com\">LaDecima<\/a>.<\/p>\n","protected":false},"excerpt":{"rendered":"<p>El Intendente Mart\u00edn Llaryora dispuso medidas econ\u00f3micas para los sectores comerciales afectados por la Pandemia. \u2022 Eximici\u00f3n de pago de tasa de Comercio e industria a aquellos contribuyentes afectados que no hubieran alcanzado los m\u00ednimos de facturaci\u00f3n imponible. Cuota 5. \u2022 Eximici\u00f3n a bares, restoranes, salones de Fiesta y Espect\u00e1culos, Jardines Maternales de la tasa [&hellip;]<\/p>\n","protected":false},"author":1,"featured_media":21188,"comment_status":"closed","ping_status":"closed","sticky":false,"template":"","format":"standard","meta":[],"categories":[19],"tags":[],"_links":{"self":[{"href":"http:\/\/hoycordobaweb.com\/index.php\/wp-json\/wp\/v2\/posts\/21187"}],"collection":[{"href":"http:\/\/hoycordobaweb.com\/index.php\/wp-json\/wp\/v2\/posts"}],"about":[{"href":"http:\/\/hoycordobaweb.com\/index.php\/wp-json\/wp\/v2\/types\/post"}],"author":[{"embeddable":true,"href":"http:\/\/hoycordobaweb.com\/index.php\/wp-json\/wp\/v2\/users\/1"}],"replies":[{"embeddable":true,"href":"http:\/\/hoycordobaweb.com\/index.php\/wp-json\/wp\/v2\/comments?post=21187"}],"version-history":[{"count":0,"href":"http:\/\/hoycordobaweb.com\/index.php\/wp-json\/wp\/v2\/posts\/21187\/revisions"}],"wp:featuredmedia":[{"embeddable":true,"href":"http:\/\/hoycordobaweb.com\/index.php\/wp-json\/wp\/v2\/media\/21188"}],"wp:attachment":[{"href":"http:\/\/hoycordobaweb.com\/index.php\/wp-json\/wp\/v2\/media?parent=21187"}],"wp:term":[{"taxonomy":"category","embeddable":true,"href":"http:\/\/hoycordobaweb.com\/index.php\/wp-json\/wp\/v2\/categories?post=21187"},{"taxonomy":"post_tag","embeddable":true,"href":"http:\/\/hoycordobaweb.com\/index.php\/wp-json\/wp\/v2\/tags?post=21187"}],"curies":[{"name":"wp","href":"https:\/\/api.w.org\/{rel}","templated":true}]}}