{"id":21178,"date":"2021-05-20T13:15:00","date_gmt":"2021-05-20T13:15:00","guid":{"rendered":"https:\/\/fm-comunicar.com.ar\/contenido\/17613\/crearan-redes-de-apoyo-y-contencion-para-familias-contra-los-consumos-problemati"},"modified":"2021-05-20T13:15:00","modified_gmt":"2021-05-20T13:15:00","slug":"crearan-redes-de-apoyo-y-contencion-para-familias-contra-los-consumos-problematicos","status":"publish","type":"post","link":"http:\/\/hoycordobaweb.com\/index.php\/2021\/05\/20\/crearan-redes-de-apoyo-y-contencion-para-familias-contra-los-consumos-problematicos\/","title":{"rendered":"Crear\u00e1n redes de apoyo y contenci\u00f3n para familias contra los consumos problem\u00e1ticos"},"content":{"rendered":"<p>En junio se abrir\u00e1 este nuevo nuevo espacio en Colonia Caroya que ser\u00e1 coordinado por el equipo t\u00e9cnico del \u00e1rea que trata la problem\u00e1tica a nivel local. Se har\u00e1n encuentros cada 15 d\u00edas para contener, acompa\u00f1ar e involucrar a la comunidad.<img src=\"http:\/\/hoycordobaweb.com\/wp-content\/uploads\/2021\/05\/crearan-redes-de-apoyo-y-contencion-para-familias-contra-los-consumos-problematicos.jpg\"><\/p>\n","protected":false},"excerpt":{"rendered":"<p>En junio se abrir\u00e1 este nuevo nuevo espacio en Colonia Caroya que ser\u00e1 coordinado por el equipo t\u00e9cnico del \u00e1rea que trata la problem\u00e1tica a nivel local. Se har\u00e1n encuentros cada 15 d\u00edas para contener, acompa\u00f1ar e involucrar a la comunidad.<\/p>\n","protected":false},"author":1,"featured_media":21179,"comment_status":"closed","ping_status":"closed","sticky":false,"template":"","format":"standard","meta":[],"categories":[18],"tags":[],"_links":{"self":[{"href":"http:\/\/hoycordobaweb.com\/index.php\/wp-json\/wp\/v2\/posts\/21178"}],"collection":[{"href":"http:\/\/hoycordobaweb.com\/index.php\/wp-json\/wp\/v2\/posts"}],"about":[{"href":"http:\/\/hoycordobaweb.com\/index.php\/wp-json\/wp\/v2\/types\/post"}],"author":[{"embeddable":true,"href":"http:\/\/hoycordobaweb.com\/index.php\/wp-json\/wp\/v2\/users\/1"}],"replies":[{"embeddable":true,"href":"http:\/\/hoycordobaweb.com\/index.php\/wp-json\/wp\/v2\/comments?post=21178"}],"version-history":[{"count":0,"href":"http:\/\/hoycordobaweb.com\/index.php\/wp-json\/wp\/v2\/posts\/21178\/revisions"}],"wp:featuredmedia":[{"embeddable":true,"href":"http:\/\/hoycordobaweb.com\/index.php\/wp-json\/wp\/v2\/media\/21179"}],"wp:attachment":[{"href":"http:\/\/hoycordobaweb.com\/index.php\/wp-json\/wp\/v2\/media?parent=21178"}],"wp:term":[{"taxonomy":"category","embeddable":true,"href":"http:\/\/hoycordobaweb.com\/index.php\/wp-json\/wp\/v2\/categories?post=21178"},{"taxonomy":"post_tag","embeddable":true,"href":"http:\/\/hoycordobaweb.com\/index.php\/wp-json\/wp\/v2\/tags?post=21178"}],"curies":[{"name":"wp","href":"https:\/\/api.w.org\/{rel}","templated":true}]}}