{"id":2106,"date":"2020-09-23T01:59:00","date_gmt":"2020-09-23T01:59:00","guid":{"rendered":"http:\/\/hoycordobaweb.com\/index.php\/2020\/09\/23\/la-amia-destaco-el-reclamo-de-fernandez-a-iran-ante-la-onu-para-esclarecer-el-atentado-de-1994\/"},"modified":"2020-09-23T01:59:00","modified_gmt":"2020-09-23T01:59:00","slug":"la-amia-destaco-el-reclamo-de-fernandez-a-iran-ante-la-onu-para-esclarecer-el-atentado-de-1994","status":"publish","type":"post","link":"http:\/\/hoycordobaweb.com\/index.php\/2020\/09\/23\/la-amia-destaco-el-reclamo-de-fernandez-a-iran-ante-la-onu-para-esclarecer-el-atentado-de-1994\/","title":{"rendered":"La AMIA destac\u00f3 el reclamo de Fern\u00e1ndez a Ir\u00e1n ante la ONU para esclarecer el atentado de 1994"},"content":{"rendered":"<p><img src=\"http:\/\/hoycordobaweb.com\/wp-content\/uploads\/2020\/09\/la-amia-destaco-el-reclamo-de-fernandez-a-iran-ante-la-onu-para-esclarecer-el-atentado-de-1994.jpg\"><\/p>\n<div class=\"image-left\" readability=\"7\"> <img src=\"http:\/\/hoycordobaweb.com\/wp-content\/uploads\/2020\/09\/la-amia-destaco-el-reclamo-de-fernandez-a-iran-ante-la-onu-para-esclarecer-el-atentado-de-1994-2.jpg\" alt=\"El atentado fue perpetrado en julio de 1994\" title=\"El atentado fue perpetrado en julio de 1994\"><\/p>\n<p>El atentado fue perpetrado en julio de 1994<\/p>\n<\/div>\n<p><strong>Las autoridades de la AMIA destacaron este martes que el presidente Alberto Fern\u00e1ndez haya reclamado en el discurso que pronunci\u00f3 ante la Asamblea General de la ONU la colaboraci\u00f3n de Ir\u00e1n para esclarecer el atentado que sufri\u00f3 la sede de la mutual jud\u00eda en julio de 1994, al calificar el gesto del jefe de Estado \u00abcomo de vital importancia para juzgar a los culpables\u00bb del hecho.<\/strong><\/p>\n<p>\u00abEn l\u00ednea con el reclamo sostenido por AMIA a lo largo de los a\u00f1os, el pedido del primer mandatario a la comunidad internacional, para que cumplimente los pedidos de detenci\u00f3n con alertas rojas de Interpol ante la eventual presencia de un acusado en sus territorios, insta a los pa\u00edses a cooperar de manera directa para lograr que los responsables del ataque comparezcan frente a los tribunales argentinos\u00bb, remarc\u00f3 la instituci\u00f3n.<\/p>\n<p>En ese sentido, el comunicado de la AMIA expresa que \u00abse encuentra probada la responsabilidad intelectual y material del ataque\u00bb por parte de \u00abciudadanos y funcionarios de la Rep\u00fablica Isl\u00e1mica de Ir\u00e1n, y de la agrupaci\u00f3n terrorista Hezbollah\u00bb.<\/p>\n<div class=\"image-left\" readability=\"7\"> <img src=\"http:\/\/hoycordobaweb.com\/wp-content\/uploads\/2020\/09\/la-amia-destaco-el-reclamo-de-fernandez-a-iran-ante-la-onu-para-esclarecer-el-atentado-de-1994-3.jpg\" alt=\"El mandatario brind\u00f3 su discurso de forma virtual\" title=\"El mandatario brind\u00f3 su discurso de forma virtual\"><\/p>\n<p>El mandatario brind\u00f3 su discurso de forma virtual<\/p>\n<\/div>\n<p>\u00abLos funcionarios judiciales a cargo del caso han dictado, hace a\u00f1os, pedidos de captura internacional contra ciudadanos iran\u00edes y libaneses, acusados de ser los responsables del ataque. Estos pedidos de captura han sido convalidados, en reiteradas ocasiones, por la organizaci\u00f3n Interpol que a su vez ha establecido la m\u00e1xima prioridad para estos pedidos de captura, y emiti\u00f3 alertas rojas para los mismos\u00bb, se apunt\u00f3 en el texto.<\/p>\n<p>La AMIA subray\u00f3 que \u00abexisten constancias de que los fugitivos de la justicia argentina en m\u00e1s de una ocasi\u00f3n han viajado al exterior de sus pa\u00edses de origen, sin ser arrestados y extraditados\u00bb.<\/p>\n<p>\u00abPor tal motivo, el pedido de cooperaci\u00f3n internacional reviste gran importancia. A m\u00e1s de 26 a\u00f1os del atentado contra su sede, la AMIA vuelve a expresar su firme reclamo de Verdad y Justicia para que sean juzgados y condenados los responsables materiales e intelectuales del ataque terrorista que termin\u00f3 brutalmente con la vida de 85 personas y dej\u00f3 m\u00e1s de 300 heridos\u00bb, subrayaron las autoridades de la mutual jud\u00eda. <\/p>\n","protected":false},"excerpt":{"rendered":"<p>El atentado fue perpetrado en julio de 1994 Las autoridades de la AMIA destacaron este martes que el presidente Alberto Fern\u00e1ndez haya reclamado en el discurso que pronunci\u00f3 ante la Asamblea General de la ONU la colaboraci\u00f3n de Ir\u00e1n para esclarecer el atentado que sufri\u00f3 la sede de la mutual jud\u00eda en julio de 1994, [&hellip;]<\/p>\n","protected":false},"author":1,"featured_media":2107,"comment_status":"open","ping_status":"closed","sticky":false,"template":"","format":"standard","meta":[],"categories":[19],"tags":[],"_links":{"self":[{"href":"http:\/\/hoycordobaweb.com\/index.php\/wp-json\/wp\/v2\/posts\/2106"}],"collection":[{"href":"http:\/\/hoycordobaweb.com\/index.php\/wp-json\/wp\/v2\/posts"}],"about":[{"href":"http:\/\/hoycordobaweb.com\/index.php\/wp-json\/wp\/v2\/types\/post"}],"author":[{"embeddable":true,"href":"http:\/\/hoycordobaweb.com\/index.php\/wp-json\/wp\/v2\/users\/1"}],"replies":[{"embeddable":true,"href":"http:\/\/hoycordobaweb.com\/index.php\/wp-json\/wp\/v2\/comments?post=2106"}],"version-history":[{"count":0,"href":"http:\/\/hoycordobaweb.com\/index.php\/wp-json\/wp\/v2\/posts\/2106\/revisions"}],"wp:featuredmedia":[{"embeddable":true,"href":"http:\/\/hoycordobaweb.com\/index.php\/wp-json\/wp\/v2\/media\/2107"}],"wp:attachment":[{"href":"http:\/\/hoycordobaweb.com\/index.php\/wp-json\/wp\/v2\/media?parent=2106"}],"wp:term":[{"taxonomy":"category","embeddable":true,"href":"http:\/\/hoycordobaweb.com\/index.php\/wp-json\/wp\/v2\/categories?post=2106"},{"taxonomy":"post_tag","embeddable":true,"href":"http:\/\/hoycordobaweb.com\/index.php\/wp-json\/wp\/v2\/tags?post=2106"}],"curies":[{"name":"wp","href":"https:\/\/api.w.org\/{rel}","templated":true}]}}