{"id":21023,"date":"2021-05-19T23:23:45","date_gmt":"2021-05-19T23:23:45","guid":{"rendered":"http:\/\/ladecimaweb.com\/?p=9713"},"modified":"2021-05-19T23:23:45","modified_gmt":"2021-05-19T23:23:45","slug":"la-segunda-ola-de-coronavirus-pega-cada-vez-mas-fuerte-en-cordoba-y-en-el-pais","status":"publish","type":"post","link":"http:\/\/hoycordobaweb.com\/index.php\/2021\/05\/19\/la-segunda-ola-de-coronavirus-pega-cada-vez-mas-fuerte-en-cordoba-y-en-el-pais\/","title":{"rendered":"La segunda ola de coronavirus pega cada vez m\u00e1s fuerte en C\u00f3rdoba y en el pa\u00eds"},"content":{"rendered":"<p>La segunda ola de coronavirus llegada al pa\u00eds a principios del mes de abril pega cada vez con m\u00e1s fuerza en C\u00f3rdoba y en el pa\u00eds.<\/p>\n<p>Esto es debido a la cantidad de muertes y contagios que se reportan a diario, de acuerdo a los informes del Ministerio de Salud de la Naci\u00f3n.<\/p>\n<p>Argentina parece transitar el peor momento sanitario desde el comienzo de la pandemia en marzo del a\u00f1o pasado por el crecimiento vertiginoso de casos que producen las nuevas variantes de Covid-19.<\/p>\n<p><strong>Este mi\u00e9rcoles se report\u00f3 un nuevo r\u00e9cord negro con 39.652 nuevos casos de coronavirus en las \u00faltimas 24 horas, la cifra m\u00e1s alta desde el inicio de la pandemia.<\/strong><\/p>\n<p>Adem\u00e1s, en el reporte vespertino se report\u00f3 que hubo 494 muertes.<\/p>\n<p>Con las cifras de hoy ya son 3.411.160<b>\u00a0<\/b>los casos confirmados de Covid-19 en la Argentina, y hay 72.265 muertos<b>.<\/b>\u00a0Adem\u00e1s hay 3.009.150 personas que lograron recuperarse<b>,<\/b>\u00a0mientras otras 329.745 son casos<b>\u00a0<\/b>activos.<\/p>\n<p>En cuanto a C\u00f3rdoba, se reportaron 23 fallecimientos y 3.910 nuevos casos, si bien algo menos que los m\u00e1s de 4 mil de ayer, m\u00e1s que la Ciudad de Buenos Aires con 3.060 casos.<\/p>\n<p><strong>Es tal la preocupaci\u00f3n que genera la segunda ola de Covid-19 que hoy se vivi\u00f3 un caos entre los cordobeses que asistieron al Centro de Convenciones en el Parque San Mart\u00edn con la esperanza de vacunarse.\u00a0<\/strong><\/p>\n<p><strong>Distritos<\/strong><\/p>\n<div class=\"clearfix\">En cuanto al total de muertes, 277 son hombres (151 de la provincia de Buenos Aires, 20 de la ciudad de Buenos Aires, cuatro de Chaco, dos de Corrientes,<b>\u00a014 de C\u00f3rdoba<\/b>, cinco de Entre R\u00edos, 23 de Formosa, cuatro de Jujuy, uno de La Pampa, cuatro de Mendoza, tres de Neuqu\u00e9n, cuatro de R\u00edo Negro, tres de Salta, cuatro de San Juan, uno de San Luis, cuatro de Santa Cruz, 23 de Santa Fe, uno de Santiago del Estero y seis de Tucum\u00e1n).<\/div>\n<p>En tanto, 213 son mujeres (121 de la provincia de Buenos Aires, 14 de la ciudad de Buenos Aires, cinco de Chaco, una de Chubut, tres de Corrientes,<b>\u00a0nueve de C\u00f3rdoba<\/b>, seis de Entre R\u00edos, ocho de Formosa, dos de Jujuy, tres de Mendoza, una de Neuqu\u00e9n, seis de R\u00edo Negro, una de Salta, cinco de San Luis, 23 de Santa Fe, una de Santiago del Estero y cuatro de Tucum\u00e1n).<\/p>\n<p>Del total de nuevos contagios, 14.055 son de la provincia de Buenos Aires, 3.060 de la ciudad de Buenos Aires, 428 de Catamarca, 613 de Chaco, 314 de Chubut, 1.042 de Corrientes,\u00a0<b>3.910 de C\u00f3rdoba<\/b>, 1.046 de Entre R\u00edos, 5.016 de Formosa, 139 de Jujuy, 783 de La Pampa, 109 de La Rioja, 1.145 de Mendoza, 151 de Misiones, 738 de Neuqu\u00e9n, 536 de R\u00edo Negro, 465 de Salta, 659 de San Juan, 524 de San Luis, 260 de Santa Cruz, 3.086 de Santa Fe, 639 de Santiago del Estero, 107 de Tierra del Fuego y 827 de Tucum\u00e1n.<\/p>\n<p><em>Foto principal de Eldoce.tv<\/em><\/p>\n<div class=\"ubm_banner\"><a href=\"https:\/\/www.youtube.com\/watch?v=4MQW8zM648g\" target=\"_blank\" rel=\"dofollow noopener noreferrer\"><img src=\"http:\/\/hoycordobaweb.com\/wp-content\/uploads\/2021\/05\/la-segunda-ola-de-coronavirus-pega-cada-vez-mas-fuerte-en-cordoba-y-en-el-pais.gif\" alt=\"\"><\/a><\/div>\n<p>La entrada <a rel=\"nofollow\" href=\"https:\/\/ladecimaweb.com\/la-segunda-ola-de-coronavirus-pega-cada-vez-mas-fuerte-en-cordoba-y-el-pais\/\">La segunda ola de coronavirus pega cada vez m\u00e1s fuerte en C\u00f3rdoba y en el pa\u00eds<\/a> se public\u00f3 primero en <a rel=\"nofollow\" href=\"https:\/\/ladecimaweb.com\">LaDecima<\/a>.<\/p>\n","protected":false},"excerpt":{"rendered":"<p>La segunda ola de coronavirus llegada al pa\u00eds a principios del mes de abril pega cada vez con m\u00e1s fuerza en C\u00f3rdoba y en el pa\u00eds. Esto es debido a la cantidad de muertes y contagios que se reportan a diario, de acuerdo a los informes del Ministerio de Salud de la Naci\u00f3n. Argentina parece [&hellip;]<\/p>\n","protected":false},"author":1,"featured_media":21024,"comment_status":"closed","ping_status":"closed","sticky":false,"template":"","format":"standard","meta":[],"categories":[19],"tags":[],"_links":{"self":[{"href":"http:\/\/hoycordobaweb.com\/index.php\/wp-json\/wp\/v2\/posts\/21023"}],"collection":[{"href":"http:\/\/hoycordobaweb.com\/index.php\/wp-json\/wp\/v2\/posts"}],"about":[{"href":"http:\/\/hoycordobaweb.com\/index.php\/wp-json\/wp\/v2\/types\/post"}],"author":[{"embeddable":true,"href":"http:\/\/hoycordobaweb.com\/index.php\/wp-json\/wp\/v2\/users\/1"}],"replies":[{"embeddable":true,"href":"http:\/\/hoycordobaweb.com\/index.php\/wp-json\/wp\/v2\/comments?post=21023"}],"version-history":[{"count":0,"href":"http:\/\/hoycordobaweb.com\/index.php\/wp-json\/wp\/v2\/posts\/21023\/revisions"}],"wp:featuredmedia":[{"embeddable":true,"href":"http:\/\/hoycordobaweb.com\/index.php\/wp-json\/wp\/v2\/media\/21024"}],"wp:attachment":[{"href":"http:\/\/hoycordobaweb.com\/index.php\/wp-json\/wp\/v2\/media?parent=21023"}],"wp:term":[{"taxonomy":"category","embeddable":true,"href":"http:\/\/hoycordobaweb.com\/index.php\/wp-json\/wp\/v2\/categories?post=21023"},{"taxonomy":"post_tag","embeddable":true,"href":"http:\/\/hoycordobaweb.com\/index.php\/wp-json\/wp\/v2\/tags?post=21023"}],"curies":[{"name":"wp","href":"https:\/\/api.w.org\/{rel}","templated":true}]}}