{"id":21004,"date":"2021-05-25T00:00:00","date_gmt":"2021-05-25T00:00:00","guid":{"rendered":"http:\/\/hoycordobaweb.com\/index.php\/2021\/05\/25\/conmebol-inspecciono-el-estadio-de-estudiantes-de-la-plata-para-seguir-sumando-sedes\/"},"modified":"2021-05-25T00:00:00","modified_gmt":"2021-05-25T00:00:00","slug":"conmebol-inspecciono-el-estadio-de-estudiantes-de-la-plata-para-seguir-sumando-sedes","status":"publish","type":"post","link":"http:\/\/hoycordobaweb.com\/index.php\/2021\/05\/25\/conmebol-inspecciono-el-estadio-de-estudiantes-de-la-plata-para-seguir-sumando-sedes\/","title":{"rendered":"Conmebol inspeccion\u00f3 el estadio de Estudiantes de La Plata para seguir sumando sedes"},"content":{"rendered":"<p><img src=\"http:\/\/hoycordobaweb.com\/wp-content\/uploads\/2021\/05\/conmebol-inspecciono-el-estadio-de-estudiantes-de-la-plata-para-seguir-sumando-sedes.jpg\"><\/p>\n<div class=\"image\" id=\"image\" readability=\"7\"> <img src=\"http:\/\/hoycordobaweb.com\/wp-content\/uploads\/2021\/05\/conmebol-inspecciono-el-estadio-de-estudiantes-de-la-plata-para-seguir-sumando-sedes-2.jpg\" alt=\"El estadio de Estudiantes de La Plata. \" title=\"El estadio de Estudiantes de La Plata. \"><\/p>\n<p>El estadio de Estudiantes de La Plata. <\/p>\n<\/div>\n<p>La comisi\u00f3n T\u00e9cnica de la Conmebol realiz\u00f3 este lunes una <strong>exhaustiva inspecci\u00f3n del estadio \u00abUNO\u00bb<\/strong>, de <strong>Estudiantes de La Plata, <\/strong>que se extendi\u00f3 por espacio de tres horas, para sumarlo como sede de la Copa Am\u00e9rica ante la intenci\u00f3n del ente sudamericano de convertir a la Argentina en el \u00fanico organizador del certamen.<\/p>\n<p>El vicepresidente segundo estudiantil <strong>Juan Prates<\/strong> y el secretario de marketing, <strong>Mariano V\u00e1zquez Mangano<\/strong>, fueron los anfitriones de los seis comisionados que llegaron al estadio<strong> Jorge Luis Hirschi<\/strong> poco antes del mediod\u00eda y durante esas tres horas realizaron una inspecci\u00f3n muy minuciosa, tras la que le realizaron exigencias muy puntuales a los dirigentes \u00abpinchas\u00bb.<\/p>\n<p>Esas exigencias se tradujeron en un texto que apunt\u00f3 a un \u00edtem muy significativo, y que ser\u00eda el m\u00e1s importante para los examinadores, ya que en el aspecto estructural el flamante estadio del club platense super\u00f3 el examen.<\/p>\n<p>\u00abEs condici\u00f3n de Conmebol que cuando hay un corte de energ\u00eda por alguna falla de alg\u00fan equipo, haya otro que lo respalde sin que se produzca el corte. Eso implica que hay que tener dos generadores conectados en paralelo que abastezcan toda la carga del estadio\u00bb, puntualiza el pedido formal de Conmebol, seg\u00fan indicaron fuentes cercanas a T\u00e9lam.<\/p>\n<p>Y agrega: \u00abSi fallara una m\u00e1quina, la que est\u00e1 en paralelo asumir\u00eda el total de la carga. Como esas m\u00e1quinas ser\u00edan de alquiler, solamente habr\u00eda que hacer una m\u00ednima modificaci\u00f3n al estadio\u00bb.<\/p>\n<p>Por otra parte los inspectores destacaron la capacidad edilicia del flamante estadio de Estudiantes, comenzando por la zona de vestuarios, de una amplitud inusual, ya que el local tiene una extensi\u00f3n de 4.000 metros cuadrados, mientras que el visitante es de 170.<\/p>\n<p>Pr\u00f3ximos eventos de la Comisi\u00f3n<\/p>\n<p>La Comisi\u00f3n de media docena de integrantes estar\u00e1 inspeccionado el pr\u00f3ximo mi\u00e9rcoles el estadio de V\u00e9lez Sarsfield y al d\u00eda siguiente llegar\u00eda a Buenos Aires el presidente de la Conmebol, Alejandro Dom\u00ednguez, para reunirse con su par de AFA, Claudio Tapia, y adoptar una decisi\u00f3n definitiva sobre la totalidad de la sede de la Copa Am\u00e9rica.<\/p>\n<p>Esa definici\u00f3n debe producirse antes del fin de semana, ya que en la siguiente se empezar\u00e1n a jugar los partidos de la ventana de junio de eliminatorias sudamericanas y por lo tanto las cinco delegaciones que iban a jugar por el Grupo B de la Copa Am\u00e9rica en Colombia, deben concretar su log\u00edstica para la estad\u00eda en Argentina durante el certamen.<\/p>\n<p>Esos cinco seleccionados son los de Brasil, Venezuela, Ecuador, Per\u00fa y el mencionado Colombia, ya que los del Grupo A (Argentina, Uruguay, Chile, Paraguay y Bolivia) ya tienen resuelto no solamente sus hospedajes, sino tambi\u00e9n sus fixtures con los escenarios respectivos, algo que obviamente no ocurre con los mencionados en primer t\u00e9rmino.<\/p>\n<p>Los estadios disponibles hasta el momento<\/p>\n<p><\/p>\n<div class=\"image\" id=\"image\" readability=\"7\"> <img src=\"http:\/\/hoycordobaweb.com\/wp-content\/uploads\/2021\/05\/conmebol-inspecciono-el-estadio-de-estudiantes-de-la-plata-para-seguir-sumando-sedes-3.jpg\" alt=\"El estadio de River Plate.\" title=\"El estadio de River Plate.\"><\/p>\n<p>El estadio de River Plate.<\/p>\n<\/div>\n<p>Los cuatro escenarios disponibles hasta el momento son los estadios de River Plate; Mario Alberto Kempes, de C\u00f3rdoba; Malvinas Argentinas, de Mendoza y el \u00danico-Madre de Ciudades, de Santiago del Estero. En tanto que adem\u00e1s de los de Estudiantes y V\u00e9lez, est\u00e1n en carrera los de Independiente, Boca Juniors y Del Bicentenario, de San Juan. El Ciudad de La Plata ser\u00eda desestimado y el de Racing se utilizar\u00eda para entrenamientos.<\/p>\n<p>Y en cuanto al seleccionado argentino, que durante el transcurso de esta semana empezar\u00e1 a poblar el predio de AFA en Ezeiza con la llegada progresiva de los 33 convocados por el director t\u00e9cnico Lionel Scaloni, la particularidad de la concentraci\u00f3n, a partir de las medidas sanitarias para prevenir contagios de coronavirus, es que los futbolistas no se hospedar\u00e1n en las habitaciones del hotel del lugar, sino en 17 motorhomes.<\/p>\n<p>Esos veh\u00edculos prolijamente equipados ya se encuentran en el predio de AFA y justamente esa cantidad obedece a que en cada uno vivir\u00e1n dos jugadores, quedando solamente uno de ellos con un ocupante.<\/p>\n<p>Esos 33 jugadores son: Arqueros: Agust\u00edn Marches\u00edn (Porto), Emiliano Mart\u00ednez (Aston Villa), Franco Armani (River Plate) y Juan Musso (Udinese).<\/p>\n<p>Defensores: Jos\u00e9 Palomino (Atalante), Nahuel Molina (Udinese), Juan Foyth (Villarreal), Lucas Mart\u00ednez Quarta (Fiorentina), Cristian Romero (Atalanta), Nicol\u00e1s Otamendi (Benfica), Germ\u00e1n Pezzella (Fiorentina), Gonzalo Montiel (River Plate) y Nicol\u00e1s Tagliafico (Ajax).<\/p>\n<p>Mediocampistas: Emiliano Buend\u00eda (Norwich), Lisandro Mart\u00ednez (Ajax), Marcos Acu\u00f1a (Sevilla),Joaqu\u00edn Correa (Lazio), Rodrigo De Paul (Udinese), \u00c1ngel Di Mar\u00eda (PSG), Nicol\u00e1s Dom\u00ednguez (Bologna), Alejandro G\u00f3mez (Sevilla), Giovanni Lo Celso (Tottenham Hotspur), Guido Rodr\u00edguez (Betis), Lucas Ocampos (Sevilla), Exequiel Palacios (Bayer Leverkusen) y Leandro Paredes (PSG).<\/p>\n<p>Delanteros: Lionel Messi (Barcelona), Sergio Ag\u00fcero (Manchester City), Lucas Alario (Bayer Leverkusen), \u00c1ngel Correa (Atl\u00e9tico de Madrid), Nicol\u00e1s Gonz\u00e1lez (Stuttgart), Juli\u00e1n \u00c1lvarez (River Plate) y Lautaro Mart\u00ednez (Inter).<\/p>\n<p>Despu\u00e9s de los dos partidos por la s\u00e9ptima y octava fechas de eliminatorias del 3 de junio (en Santiago del Estero frente a Chile) y el 8 (ante Colombia en Barranquilla), el seleccionado argentino estar\u00e1 debutando en la Copa Am\u00e9rica el domingo 13 de junio, enfrentando nuevamente a los chilenos, en el estadio Monumental de River Plate. <\/p>\n","protected":false},"excerpt":{"rendered":"<p>El estadio de Estudiantes de La Plata. La comisi\u00f3n T\u00e9cnica de la Conmebol realiz\u00f3 este lunes una exhaustiva inspecci\u00f3n del estadio \u00abUNO\u00bb, de Estudiantes de La Plata, que se extendi\u00f3 por espacio de tres horas, para sumarlo como sede de la Copa Am\u00e9rica ante la intenci\u00f3n del ente sudamericano de convertir a la Argentina en [&hellip;]<\/p>\n","protected":false},"author":1,"featured_media":21005,"comment_status":"open","ping_status":"closed","sticky":false,"template":"","format":"standard","meta":[],"categories":[16],"tags":[],"_links":{"self":[{"href":"http:\/\/hoycordobaweb.com\/index.php\/wp-json\/wp\/v2\/posts\/21004"}],"collection":[{"href":"http:\/\/hoycordobaweb.com\/index.php\/wp-json\/wp\/v2\/posts"}],"about":[{"href":"http:\/\/hoycordobaweb.com\/index.php\/wp-json\/wp\/v2\/types\/post"}],"author":[{"embeddable":true,"href":"http:\/\/hoycordobaweb.com\/index.php\/wp-json\/wp\/v2\/users\/1"}],"replies":[{"embeddable":true,"href":"http:\/\/hoycordobaweb.com\/index.php\/wp-json\/wp\/v2\/comments?post=21004"}],"version-history":[{"count":0,"href":"http:\/\/hoycordobaweb.com\/index.php\/wp-json\/wp\/v2\/posts\/21004\/revisions"}],"wp:featuredmedia":[{"embeddable":true,"href":"http:\/\/hoycordobaweb.com\/index.php\/wp-json\/wp\/v2\/media\/21005"}],"wp:attachment":[{"href":"http:\/\/hoycordobaweb.com\/index.php\/wp-json\/wp\/v2\/media?parent=21004"}],"wp:term":[{"taxonomy":"category","embeddable":true,"href":"http:\/\/hoycordobaweb.com\/index.php\/wp-json\/wp\/v2\/categories?post=21004"},{"taxonomy":"post_tag","embeddable":true,"href":"http:\/\/hoycordobaweb.com\/index.php\/wp-json\/wp\/v2\/tags?post=21004"}],"curies":[{"name":"wp","href":"https:\/\/api.w.org\/{rel}","templated":true}]}}