{"id":20990,"date":"2021-05-24T00:45:00","date_gmt":"2021-05-24T00:45:00","guid":{"rendered":"http:\/\/hoycordobaweb.com\/index.php\/2021\/05\/24\/heller-tevez-perdio-su-esencia-pero-tendra-que-terminar-pagando\/"},"modified":"2021-05-24T00:45:00","modified_gmt":"2021-05-24T00:45:00","slug":"heller-tevez-perdio-su-esencia-pero-tendra-que-terminar-pagando","status":"publish","type":"post","link":"http:\/\/hoycordobaweb.com\/index.php\/2021\/05\/24\/heller-tevez-perdio-su-esencia-pero-tendra-que-terminar-pagando\/","title":{"rendered":"Heller: \u00abTevez perdi\u00f3 su esencia, pero tendr\u00e1 que terminar pagando\u00bb"},"content":{"rendered":"<p><img src=\"http:\/\/hoycordobaweb.com\/wp-content\/uploads\/2021\/05\/heller-tevez-perdio-su-esencia-pero-tendra-que-terminar-pagando.jpg\"><\/p>\n<div class=\"image\" id=\"image\" readability=\"8\"> <img src=\"http:\/\/hoycordobaweb.com\/wp-content\/uploads\/2021\/05\/heller-tevez-perdio-su-esencia-pero-tendra-que-terminar-pagando-2.jpg\" alt=\"El diputado nacional afirm\u00f3 que el futbolista Carlos T\u00e9vez &quot;ha perdido mucho de lo que fue su esencia&quot;\" title=\"El diputado nacional afirm\u00f3 que el futbolista Carlos T\u00e9vez &quot;ha perdido mucho de lo que fue su esencia&quot;\"><\/p>\n<p>El diputado nacional afirm\u00f3 que el futbolista Carlos T\u00e9vez \u00abha perdido mucho de lo que fue su esencia\u00bb<\/p>\n<\/div>\n<p>El diputado nacional oficialista Carlos Heller afirm\u00f3 que <strong>el futbolista Carlos Tevez \u00abha perdido mucho de lo que fue su esencia y perdi\u00f3 la oportunidad de tener una actitud solidaria\u00bb<\/strong>, al negarse a pagar el aporte solidario de los grandes patrimonios, pero estim\u00f3 que \u00abhabr\u00e1 resoluciones judiciales y terminar\u00e1 pagando\u00bb.<\/p>\n<p>\u00abCarlos Tevez ha perdido mucho de lo que fue su esencia. Lo lamento por \u00e9l. En definitiva, que quiera o no pagar no va a determinar si va a pagar o no, porque se lo intimar\u00e1 y seguramente habr\u00e1 resoluciones judiciales, y <strong>tendr\u00e1 que terminar pagando\u00bb<\/strong>, advirti\u00f3 Heller en declaraciones a Somos Radio AM 530.<\/p>\n<p><strong>Heller (Frente de Todos), presidente de la Comisi\u00f3n de Presupuesto de la C\u00e1mara baja<\/strong>, dijo que el delantero de Boca Juniors \u00abperdi\u00f3 la oportunidad de tener una actitud solidaria pagando un aporte que no lo hubiera afectado, ni le hubiera cambiado nada\u00bb.<\/p>\n<div class=\"image\" id=\"image\" readability=\"7\"> <img src=\"http:\/\/hoycordobaweb.com\/wp-content\/uploads\/2021\/05\/heller-tevez-perdio-su-esencia-pero-tendra-que-terminar-pagando-3.jpg\" alt=\"Carlos Tevez se neg\u00f3 a pagar el aporte solidario de los grandes patrimonios\" title=\"Carlos Tevez se neg\u00f3 a pagar el aporte solidario de los grandes patrimonios\"><\/p>\n<p>Carlos Tevez se neg\u00f3 a pagar el aporte solidario de los grandes patrimonios<\/p>\n<\/div>\n<p>\u00abMe animo a pensar que su decisi\u00f3n tiene que ver con un contenido militante, por su v\u00ednculo con (el expresidente Mauricio) Macri y con todo lo que el macrismo representa, y que por eso lo lleva a actuar de esta manera\u00bb, sentenci\u00f3.<\/p>\n<p>El legislador record\u00f3 que <strong>\u00abes un aporte obligatorio. Por lo tanto el que no cumple con las obligaciones fiscales tendr\u00e1 un tema con la AFIP y eventualmente con la justicia\u00bb.<\/strong><\/p>\n<p>\u00abNosotros estim\u00e1bamos que este aporte iba a alcanzar aproximadamente a 12 mil personas. <strong>Diez mil ya pagaron y ahora la AFIP ha intimado a m\u00e1s de 2 mil personas que son las que no quieren pagar\u00bb<\/strong>, ampli\u00f3.<\/p>\n<p>Y sostuvo que \u00aba esa intimaci\u00f3n habr\u00e1 una cantidad que responder\u00e1 positivamente. Habr\u00e1 otra cantidad que lo judicializar\u00e1 y ese tema lo resolver\u00e1 la justicia\u00bb. <\/p>\n","protected":false},"excerpt":{"rendered":"<p>El diputado nacional afirm\u00f3 que el futbolista Carlos T\u00e9vez \u00abha perdido mucho de lo que fue su esencia\u00bb El diputado nacional oficialista Carlos Heller afirm\u00f3 que el futbolista Carlos Tevez \u00abha perdido mucho de lo que fue su esencia y perdi\u00f3 la oportunidad de tener una actitud solidaria\u00bb, al negarse a pagar el aporte solidario [&hellip;]<\/p>\n","protected":false},"author":1,"featured_media":20991,"comment_status":"open","ping_status":"closed","sticky":false,"template":"","format":"standard","meta":[],"categories":[19],"tags":[],"_links":{"self":[{"href":"http:\/\/hoycordobaweb.com\/index.php\/wp-json\/wp\/v2\/posts\/20990"}],"collection":[{"href":"http:\/\/hoycordobaweb.com\/index.php\/wp-json\/wp\/v2\/posts"}],"about":[{"href":"http:\/\/hoycordobaweb.com\/index.php\/wp-json\/wp\/v2\/types\/post"}],"author":[{"embeddable":true,"href":"http:\/\/hoycordobaweb.com\/index.php\/wp-json\/wp\/v2\/users\/1"}],"replies":[{"embeddable":true,"href":"http:\/\/hoycordobaweb.com\/index.php\/wp-json\/wp\/v2\/comments?post=20990"}],"version-history":[{"count":0,"href":"http:\/\/hoycordobaweb.com\/index.php\/wp-json\/wp\/v2\/posts\/20990\/revisions"}],"wp:featuredmedia":[{"embeddable":true,"href":"http:\/\/hoycordobaweb.com\/index.php\/wp-json\/wp\/v2\/media\/20991"}],"wp:attachment":[{"href":"http:\/\/hoycordobaweb.com\/index.php\/wp-json\/wp\/v2\/media?parent=20990"}],"wp:term":[{"taxonomy":"category","embeddable":true,"href":"http:\/\/hoycordobaweb.com\/index.php\/wp-json\/wp\/v2\/categories?post=20990"},{"taxonomy":"post_tag","embeddable":true,"href":"http:\/\/hoycordobaweb.com\/index.php\/wp-json\/wp\/v2\/tags?post=20990"}],"curies":[{"name":"wp","href":"https:\/\/api.w.org\/{rel}","templated":true}]}}