{"id":20947,"date":"2021-05-23T23:40:58","date_gmt":"2021-05-23T23:40:58","guid":{"rendered":"https:\/\/www.ole.com.ar\/futbol-ascenso\/temperley-primera-nacional_0_Ry7rnaPqI.html"},"modified":"2021-05-23T23:40:58","modified_gmt":"2021-05-23T23:40:58","slug":"preocupacion-en-temperley-por-un-caso-de-covid","status":"publish","type":"post","link":"http:\/\/hoycordobaweb.com\/index.php\/2021\/05\/23\/preocupacion-en-temperley-por-un-caso-de-covid\/","title":{"rendered":"Preocupaci\u00f3n en Temperley por un caso de Covid"},"content":{"rendered":"<p><img src=\"http:\/\/hoycordobaweb.com\/wp-content\/uploads\/2021\/05\/preocupacion-en-temperley-por-un-caso-de-covid.jpg\"><\/p>\n<div><img src=\"http:\/\/hoycordobaweb.com\/wp-content\/uploads\/2021\/05\/preocupacion-en-temperley-por-un-caso-de-covid.jpg\" class=\"ff-og-image-inserted\"><\/div>\n<p>Luego de perderse el encuentro frente a Talleres de Escalada por Copa Argentina, Franco D\u00edaz dio positivo de coronavirus y se encuentra aislado de acuerdo a las medidas sanitarias.<\/p>\n<p>El volante central no trabaj\u00f3 durante la semana pasada con el resto del plantel profesional por ser contacto estrecho de un caso positivo, hecho que impidi\u00f3 que forme parte de la clasificaci\u00f3n del Gasolero a los octavos de final, donde se enfrentar\u00e1 a Sarmiento de Jun\u00edn. A ra\u00edz de eso, el jugador se hisop\u00f3 y en las \u00faltimas horas se dio a conocer el resultado.<\/p>\n<p>\u201cEl futbolista se encuentra sintom\u00e1tico y aislado en su domicilio\u201d, informaron desde el Celeste. D\u00edaz, que tendr\u00e1 que permanecer 14 d\u00edas en su casa, es el tercer caso de Covid que se registr\u00f3 en el equipo del Sur en la actual temporada de la Primera Nacional. Los anteriores: Facundo Pumpido y Cristian Villagra.<\/p>\n<div class=\"entry-tags\">\n<h2>TEMAS QUE APARECEN EN ESTA NOTA<\/h2>\n<\/p><\/div>\n","protected":false},"excerpt":{"rendered":"<p>Luego de perderse el encuentro frente a Talleres de Escalada por Copa Argentina, Franco D\u00edaz dio positivo de coronavirus y se encuentra aislado de acuerdo a las medidas sanitarias. El volante central no trabaj\u00f3 durante la semana pasada con el resto del plantel profesional por ser contacto estrecho de un caso positivo, hecho que impidi\u00f3 [&hellip;]<\/p>\n","protected":false},"author":1,"featured_media":20948,"comment_status":"open","ping_status":"closed","sticky":false,"template":"","format":"standard","meta":[],"categories":[16],"tags":[],"_links":{"self":[{"href":"http:\/\/hoycordobaweb.com\/index.php\/wp-json\/wp\/v2\/posts\/20947"}],"collection":[{"href":"http:\/\/hoycordobaweb.com\/index.php\/wp-json\/wp\/v2\/posts"}],"about":[{"href":"http:\/\/hoycordobaweb.com\/index.php\/wp-json\/wp\/v2\/types\/post"}],"author":[{"embeddable":true,"href":"http:\/\/hoycordobaweb.com\/index.php\/wp-json\/wp\/v2\/users\/1"}],"replies":[{"embeddable":true,"href":"http:\/\/hoycordobaweb.com\/index.php\/wp-json\/wp\/v2\/comments?post=20947"}],"version-history":[{"count":0,"href":"http:\/\/hoycordobaweb.com\/index.php\/wp-json\/wp\/v2\/posts\/20947\/revisions"}],"wp:featuredmedia":[{"embeddable":true,"href":"http:\/\/hoycordobaweb.com\/index.php\/wp-json\/wp\/v2\/media\/20948"}],"wp:attachment":[{"href":"http:\/\/hoycordobaweb.com\/index.php\/wp-json\/wp\/v2\/media?parent=20947"}],"wp:term":[{"taxonomy":"category","embeddable":true,"href":"http:\/\/hoycordobaweb.com\/index.php\/wp-json\/wp\/v2\/categories?post=20947"},{"taxonomy":"post_tag","embeddable":true,"href":"http:\/\/hoycordobaweb.com\/index.php\/wp-json\/wp\/v2\/tags?post=20947"}],"curies":[{"name":"wp","href":"https:\/\/api.w.org\/{rel}","templated":true}]}}