{"id":20906,"date":"2021-05-23T00:20:00","date_gmt":"2021-05-23T00:20:00","guid":{"rendered":"http:\/\/hoycordobaweb.com\/index.php\/2021\/05\/23\/hablan-las-vacunadoras-que-implica-vacunar-bajo-alarma-epidemiologica\/"},"modified":"2021-05-23T00:20:00","modified_gmt":"2021-05-23T00:20:00","slug":"hablan-las-vacunadoras-que-implica-vacunar-bajo-alarma-epidemiologica","status":"publish","type":"post","link":"http:\/\/hoycordobaweb.com\/index.php\/2021\/05\/23\/hablan-las-vacunadoras-que-implica-vacunar-bajo-alarma-epidemiologica\/","title":{"rendered":"Hablan las vacunadoras: \u00bfQu\u00e9 implica vacunar bajo alarma epidemiol\u00f3gica?"},"content":{"rendered":"<p><img src=\"http:\/\/hoycordobaweb.com\/wp-content\/uploads\/2021\/05\/hablan-las-vacunadoras-que-implica-vacunar-bajo-alarma-epidemiologica.jpg\"><\/p>\n<p> <iframe width=\"560\" height=\"315\" src=\"https:\/\/www.youtube.com\/embed\/I73V1oWM1bQ?wmode=transparent&amp;showinfo=0&amp;autohide=1&amp;rel=0\" frameborder=\"0\" allowfullscreen>[embedded content]<\/iframe> <\/p>\n<p>Vacunadores y vacunadoras: Otra historia que contar<\/p>\n<p>A diario, durante horas que por momentos se vuelven interminables, entre viales, jeringas, algod\u00f3n y emociones que van del llanto al baile, pero sobre todo apostadas en territorios bajo alarma epidemiol\u00f3gica y sanitaria, un grupo de enfermeras profesionales o que van camino a serlo, revelan pormenores de su labor y qu\u00e9 sienten al ser una pieza clave de la campa\u00f1a p\u00fablica de inmunizaci\u00f3n que llevan adelante la Provincia y la Ciudad de Buenos Aires.<\/p>\n<p>\u2022 M\u00f3nica Lunaza Dur\u00e9 y Griselda V\u00e1zquez<\/p>\n<p><strong>Esteban Echeverria, Provincia de Buenos Aires<\/strong><\/p>\n<p>\u00abAl principio yo particularmente sent\u00ed mucho miedo\u00bb, admite M\u00f3nica Luzana Dur\u00e9, quien trabaja hace cinco a\u00f1os en el Hospital Santamarina, hace tres en el \u00e1rea de guardia pedi\u00e1trica y este a\u00f1o se sum\u00f3 a la vacunaci\u00f3n. \u00abAhora no tanto porque con la vacuna nos sentimos m\u00e1s protegidos\u00bb.<\/p>\n<div class=\"image\" id=\"image\" readability=\"10\"> <img src=\"http:\/\/hoycordobaweb.com\/wp-content\/uploads\/2021\/05\/hablan-las-vacunadoras-que-implica-vacunar-bajo-alarma-epidemiologica-2.jpg\" alt=\"M\u00f3nica Lunaza Dur\u00e9 y Griselda V\u00e1zquez, vacunadoras en Esteban Echeverr\u00eda, provincia de Buenos Aires. Foto: Ra\u00fal Ferrari.\" title=\"M\u00f3nica Lunaza Dur\u00e9 y Griselda V\u00e1zquez, vacunadoras en Esteban Echeverr\u00eda, provincia de Buenos Aires. Foto: Ra\u00fal Ferrari.\"><\/p>\n<p>M\u00f3nica Lunaza Dur\u00e9 y Griselda V\u00e1zquez, vacunadoras en Esteban Echeverr\u00eda, provincia de Buenos Aires. Foto: Ra\u00fal Ferrari.<\/p>\n<\/div>\n<p>En el vacunatorio hay tres enfermeras a cargo de las aplicaciones. \u00abEstamos en una carpa en frente del hospital, en el estacionamiento. Cuando llegan se les hace una encuesta breve, despu\u00e9s pasan a otro sector donde est\u00e1n unos sillones, respondemos a sus preguntas y despu\u00e9s los vacunamos. Luego esperan el tiempo prudencial y se van\u00bb, explica, por su parte, Griselda V\u00e1zquez, colega de M\u00f3nica en las tareas de inmunizaci\u00f3n.<\/p>\n<p>La carga horaria en los vacunatorios en general es extensa. Ingresan a las 7 de la ma\u00f1ana y finalizan a las 18, jornada que a veces se extiende por tareas administrativas.<\/p>\n<p>\u00abGeneralmente tenemos 200 turnos\u00bb, continua Griselda. \u00abPero la semana pasada hubo 400 por d\u00eda de la segunda dosis y de la primera, 200. Por suerte est\u00e1n viniendo todos, faltan muy poquitos\u00bb. Hasta el momento hay vacunadas 8.200 personas en el distrito.<\/p>\n<p>Ambas coinciden en sentir orgullo por estar siendo parte de la campa\u00f1a. \u00abPara m\u00ed es un inmenso placer poder estar vacunando, me genera mucha satisfacci\u00f3n. Trabajamos en equipo y hacemos que la gente se vaya contenta\u00bb, agrega M\u00f3nica.<\/p>\n<div class=\"image\" id=\"image\" readability=\"10\"> <img src=\"http:\/\/hoycordobaweb.com\/wp-content\/uploads\/2021\/05\/hablan-las-vacunadoras-que-implica-vacunar-bajo-alarma-epidemiologica-3.jpg\" alt=\"Griselda V\u00e1zquez, una de las enfermeras vacunadoras que cumple su profesi\u00f3n en Esteban Echeverr\u00eda, provincia de Buenos Aires. Foto: Ra\u00fal Ferrari.\" title=\"Griselda V\u00e1zquez, una de las enfermeras vacunadoras que cumple su profesi\u00f3n en Esteban Echeverr\u00eda, provincia de Buenos Aires. Foto: Ra\u00fal Ferrari.\"><\/p>\n<p>Griselda V\u00e1zquez, una de las enfermeras vacunadoras que cumple su profesi\u00f3n en Esteban Echeverr\u00eda, provincia de Buenos Aires. Foto: Ra\u00fal Ferrari.<\/p>\n<\/div>\n<p>\u2022 Florencia Villaverde<\/p>\n<p><strong>Almirante Brown, Provincia de Buenos Aires<\/strong><\/p>\n<p>Florencia Villaverde (27 a\u00f1os) es oriunda de San Francisco Solano y estudi\u00f3 Enfermer\u00eda en la Universidad de Nacional de Avellaneda. En febrero, cuando comenz\u00f3 la campa\u00f1a de vacunaci\u00f3n, trabaj\u00f3 en la Escuela N\u00b0 11 y luego fue trasladada, junto a su equipo, a la posta de la Sociedad Italiana, de Adrogu\u00e9, en Almirante Brown, municipio que lleva aplicadas 115.636 dosis.<\/p>\n<div class=\"image\" id=\"image\" readability=\"10\"> <img src=\"http:\/\/hoycordobaweb.com\/wp-content\/uploads\/2021\/05\/hablan-las-vacunadoras-que-implica-vacunar-bajo-alarma-epidemiologica-4.jpg\" alt=\"Florencia Villaverde, enfermera vacunadora que realiza su labor en Almirante Brown, provincia de Buenos Aires. Foto: Gustavo Amarelle.\" title=\"Florencia Villaverde, enfermera vacunadora que realiza su labor en Almirante Brown, provincia de Buenos Aires. Foto: Gustavo Amarelle.\"><\/p>\n<p>Florencia Villaverde, enfermera vacunadora que realiza su labor en Almirante Brown, provincia de Buenos Aires. Foto: Gustavo Amarelle.<\/p>\n<\/div>\n<p>En di\u00e1logo con T\u00e9lam, Florencia se\u00f1ala que \u00abel momento en que llegaron las vacunas fue muy emocionante\u00bb. Y dice al respecto que, \u00abdurante las semanas anteriores, estuvimos reuni\u00e9ndonos en equipos, planificando c\u00f3mo \u00edbamos a organizar la posta y faltaba lo m\u00e1s importante, que eran las vacunas, sab\u00edamos que estaban prontas a llegar. El d\u00eda que llegaron fue una emoci\u00f3n enorme: saber que era como el principio de que esto en alg\u00fan momento tenga un final\u00bb.<\/p>\n<p>Cuenta Florencia que su familia \u00abest\u00e1 muy orgullosa\u00bb por su desempe\u00f1o en la campa\u00f1a p\u00fablica de inmunizaci\u00f3n que llevan adelante los Estados nacional y provinciales. \u00abMi hija -agrega- siempre cuenta cuando est\u00e1 en clase que yo estoy vacunando, que estoy cuidando\u00bb a la poblaci\u00f3n.<\/p>\n<div class=\"image\" id=\"image\" readability=\"10\"> <img src=\"http:\/\/hoycordobaweb.com\/wp-content\/uploads\/2021\/05\/hablan-las-vacunadoras-que-implica-vacunar-bajo-alarma-epidemiologica-5.jpg\" alt=\"Florencia Villaverde, enfermera vacunadora que realiza su labor en Almirante Brown, provincia de Buenos Aires. Foto: Gustavo Amarelle.\" title=\"Florencia Villaverde, enfermera vacunadora que realiza su labor en Almirante Brown, provincia de Buenos Aires. Foto: Gustavo Amarelle.\"><\/p>\n<p>Florencia Villaverde, enfermera vacunadora que realiza su labor en Almirante Brown, provincia de Buenos Aires. Foto: Gustavo Amarelle.<\/p>\n<\/div>\n<p>\u2022 M\u00f3nica Pi\u00f1el<\/p>\n<p><strong>Bol\u00edvar, Provincia de Buenos Aires<\/strong><\/p>\n<p>En la posta de Bol\u00edvar, que tiene lugar en el centro deportivo llamado Complejo de la Rep\u00fablica de Venezuela, hay 30 enfermeras: 10 profesionales y, el resto, estudiantes de Enfermer\u00eda de tercer a\u00f1o. Entre las primeras, se encuentra M\u00f3nica Pi\u00f1el, de 52 a\u00f1os, quien tambi\u00e9n es una de las coordinadoras del vacunatorio.<\/p>\n<p>Al igual que en otras postas, en el complejo se vacunan 200 personas por d\u00eda y hasta el momento hay 9.222 vacunados. Sin embargo, no s\u00f3lo atienden a las personas en el vacunatorio, sino tambi\u00e9n se trasladan a pueblos cercanos o van a domicilios particulares para aplicar la vacuna.<\/p>\n<blockquote readability=\"6\">\n<p>\u00abEl reconocimiento de la gente es lo que nos llena, el motor del d\u00eda a d\u00eda\u00bb<span class=\"comilla\">\u201d<\/span><\/p>\n<p><span>M\u00f3nica Pi\u00f1el<\/span><\/p>\n<\/blockquote>\n<p>Para M\u00f3nica, al igual que para las dem\u00e1s entrevistadas por T\u00e9lam, algo que llam\u00f3 especialmente su atenci\u00f3n fue el agradecimiento de las personas que se acercan a vacunarse.<\/p>\n<p>\u00abHemos tenido una abuela en silla de ruedas que entr\u00f3 aplaudiendo con un cartel inmenso, felicit\u00e1ndonos por el trabajo que hacemos. La gente nos lleva facturas, caramelos, nos agradece por la atenci\u00f3n. Es como que les estamos dando vida y ellos nos agradecen de esa forma. Hay gente que llora por recibir su primera vacuna: los que est\u00e1n aislados, los abuelos que hace m\u00e1s de un a\u00f1o que est\u00e1n en aislamiento. El reconocimiento de la gente es lo que nos llena, el motor del d\u00eda a d\u00eda\u00bb, relata M\u00f3nica.<\/p>\n<p>Adem\u00e1s, su familia le recuerda el rol que est\u00e1 cumpliendo. \u00abLos otros d\u00edas mi nieta me dec\u00eda: &#8216;Abuela, vos pens\u00e1 que en un momento yo voy a poder contar o vos vas a poder contar que cuando fue la pandemia estuviste ligada a todo esto'\u00bb.<\/p>\n<p>\u2022 Zulma Guerrero Leguizam\u00f3n<\/p>\n<p><strong>Mor\u00f3n, Provincia de Buenos Aires<\/strong><\/p>\n<p>Donde hubo muerte hay vida. Con m\u00e1s de tres d\u00e9cadas de profesi\u00f3n, Zulma Guerrero Leguizam\u00f3n es una de las 10 vacunadoras de la posta sanitaria emplazada en el Polideportivo Gorki Grana, del Municipio de Mor\u00f3n, en cuyo predio se encuentra adem\u00e1s la Mansi\u00f3n Ser\u00e9, un centro clandestino de detenci\u00f3n de la \u00faltima dictadura c\u00edvico militar.<\/p>\n<div class=\"image\" id=\"image\" readability=\"12\"> <img src=\"http:\/\/hoycordobaweb.com\/wp-content\/uploads\/2021\/05\/hablan-las-vacunadoras-que-implica-vacunar-bajo-alarma-epidemiologica-6.jpg\" alt=\"La enfermera vacunadora, Zulma Guerrero Leguizam\u00f3n, que ejerce su profesi\u00f3n en el vacunatorio Gorki Grana, Municipio de Mor\u00f3n, provincia de Buenos Aires. Foto Camila Godoy\" title=\"La enfermera vacunadora, Zulma Guerrero Leguizam\u00f3n, que ejerce su profesi\u00f3n en el vacunatorio Gorki Grana, Municipio de Mor\u00f3n, provincia de Buenos Aires. Foto Camila Godoy\"><\/p>\n<p>La enfermera vacunadora, Zulma Guerrero Leguizam\u00f3n, que ejerce su profesi\u00f3n en el vacunatorio Gorki Grana, Municipio de Mor\u00f3n, provincia de Buenos Aires. Foto Camila Godoy<\/p>\n<\/div>\n<p>En su faena cotidiana, a Zulma le toc\u00f3 vivir una experiencia in\u00e9dita, que todav\u00eda la conmueve: vacun\u00f3 a un hombre que hab\u00eda estado detenido en aquel centro clandestino, hace 45 a\u00f1os, y quien solo luego de un buen rato, producto de la contenci\u00f3n de esta enfermera, logr\u00f3 detener el llanto que lo hab\u00eda tomado por asalto.<\/p>\n<p>\u00abPara nosotros -dice Zulma en otro pasaje de la entrevista con T\u00e9lam-, es muy importante la (campa\u00f1a de vacunaci\u00f3n) porque ya al decir &#8216;pandemia&#8217; se iba mucho m\u00e1s all\u00e1 de lo que por ah\u00ed uno pudo haber vivido en su historia de trabajo. A m\u00ed me pas\u00f3 que viv\u00ed la epidemia del 92, del 2009, el c\u00f3lera y la gripe A. Pero eran otras \u00e9pocas: de repente no cont\u00e1bamos con un mont\u00f3n de elementos para cuidarnos, no hab\u00eda tanta comunicaci\u00f3n, no hab\u00eda tanta biotecnolog\u00eda y hoy s\u00ed\u00bb.<\/p>\n<p>La Municipalidad de Mor\u00f3n est\u00e1 cerca de alcanzar los 19.000 vacunados. En el Polideportivo Gorki Grana, las enfermeras vacunan a 200 personas por d\u00eda, llegando, en ocasiones, a las 400.<\/p>\n<div class=\"image\" id=\"image\" readability=\"12\"> <img src=\"http:\/\/hoycordobaweb.com\/wp-content\/uploads\/2021\/05\/hablan-las-vacunadoras-que-implica-vacunar-bajo-alarma-epidemiologica-7.jpg\" alt=\"La enfermera vacunadora, Zulma Guerrero Leguizam\u00f3n, que ejerce su profesi\u00f3n en el vacunatorio Gorki Grana, Municipio de Mor\u00f3n, provincia de Buenos Aires. Foto Camila Godoy\" title=\"La enfermera vacunadora, Zulma Guerrero Leguizam\u00f3n, que ejerce su profesi\u00f3n en el vacunatorio Gorki Grana, Municipio de Mor\u00f3n, provincia de Buenos Aires. Foto Camila Godoy\"><\/p>\n<p>La enfermera vacunadora, Zulma Guerrero Leguizam\u00f3n, que ejerce su profesi\u00f3n en el vacunatorio Gorki Grana, Municipio de Mor\u00f3n, provincia de Buenos Aires. Foto Camila Godoy<\/p>\n<\/div>\n<p>\u2022 Mar\u00eda Pachado<\/p>\n<p><strong>Ciudad Aut\u00f3noma de Buenos Aires<\/strong><\/p>\n<p>\u00abCon la llegada de la vacuna -contra el Covid-19- se vislumbra una gran esperanza\u00bb, .se\u00f1ala Mar\u00eda Pachado, jefa del vacunatorio integrado del Hospital de Cl\u00ednicas, donde se desempe\u00f1a desde hace 20 a\u00f1os como enfermera y docente.<\/p>\n<div class=\"image\" id=\"image\" readability=\"9\"> <img src=\"http:\/\/hoycordobaweb.com\/wp-content\/uploads\/2021\/05\/hablan-las-vacunadoras-que-implica-vacunar-bajo-alarma-epidemiologica-8.jpg\" alt=\"Mar\u00eda Pachado, una de las enfermeras vacunadoras en la Ciudad Aut\u00f3noma de Buenos Aires. Foto: Lara Sartor\" title=\"Mar\u00eda Pachado, una de las enfermeras vacunadoras en la Ciudad Aut\u00f3noma de Buenos Aires. Foto: Lara Sartor\"><\/p>\n<p>Mar\u00eda Pachado, una de las enfermeras vacunadoras en la Ciudad Aut\u00f3noma de Buenos Aires. Foto: Lara Sartor<\/p>\n<\/div>\n<p>Los d\u00edas de Mar\u00eda transcurren dentro del vacunatorio del edificio ubicado al 2351 de la Avenida porte\u00f1a C\u00f3rdoba, pero su pasi\u00f3n por la profesi\u00f3n se remonta a sus 14 a\u00f1os, cuando animada por su \u00abt\u00eda Blanquita\u00bb, a quien considera su \u00abgu\u00eda y motivadora\u00bb, decidi\u00f3 que iba a ser enfermera.<\/p>\n<blockquote readability=\"7\">\n<p>\u00abTuve la oportunidad de hacer algo para cambiar el curso de la enfermedad, por lo menos en algunas miles de personas\u00bb<span class=\"comilla\">\u201d<\/span><\/p>\n<p><span>Mar\u00eda Pachado<\/span><\/p>\n<\/blockquote>\n<p>El equipo de trabajo de Pachado est\u00e1 conformado por inmunizadores capacitados con el curso Programa Ampliado en Inmunizaciones (PAI), administrativas y m\u00e9dicos, con funciones espec\u00edficas y estrat\u00e9gicas, lo cual \u00abfacilita la din\u00e1mica de trabajo\u00bb, puntualiza.<\/p>\n<p>\u00abCon la llegada de las primeras vacunas y su distribuci\u00f3n en los centros de salud, tuve la oportunidad de hacer algo para cambiar el curso de la enfermedad, por lo menos en algunas miles de personas\u00bb, enfatiza.<\/p>\n<p>Son muchas las an\u00e9cdotas con personas vacunadas que conmueven a Mar\u00eda, entre ellas la que experiment\u00f3 el d\u00eda que vacun\u00f3 a un m\u00e9dico: \u00ab\u00c9l me dijo que estaba muy feliz y una vez terminado el procedimiento me mir\u00f3 a los ojos y me dijo: <strong>&#8216;No ten\u00e9s idea lo que siento, me salvaste la vida&#8217;<\/strong>\u00ab.<\/p>\n<div class=\"image\" id=\"image\" readability=\"9\"> <img src=\"http:\/\/hoycordobaweb.com\/wp-content\/uploads\/2021\/05\/hablan-las-vacunadoras-que-implica-vacunar-bajo-alarma-epidemiologica-9.jpg\" alt=\"Mar\u00eda Pachado, una de las enfermeras vacunadoras en la Ciudad Aut\u00f3noma de Buenos Aires. Foto: Lara Sartor\" title=\"Mar\u00eda Pachado, una de las enfermeras vacunadoras en la Ciudad Aut\u00f3noma de Buenos Aires. Foto: Lara Sartor\"><\/p>\n<p>Mar\u00eda Pachado, una de las enfermeras vacunadoras en la Ciudad Aut\u00f3noma de Buenos Aires. Foto: Lara Sartor<\/p>\n<\/div>\n<p>La jefa del vacunatorio del Cl\u00ednicas detalla que desde el comienzo de la vacunaci\u00f3n, el 5 de enero \u00faltimo, entre la primera y la segunda dosis de la vacuna Sputnik V, se dieron un total de 10.310 vacunas en el hospital universitario del barrio porte\u00f1o de Recoleta.<\/p>\n","protected":false},"excerpt":{"rendered":"<p>[embedded content] Vacunadores y vacunadoras: Otra historia que contar A diario, durante horas que por momentos se vuelven interminables, entre viales, jeringas, algod\u00f3n y emociones que van del llanto al baile, pero sobre todo apostadas en territorios bajo alarma epidemiol\u00f3gica y sanitaria, un grupo de enfermeras profesionales o que van camino a serlo, revelan pormenores [&hellip;]<\/p>\n","protected":false},"author":1,"featured_media":20907,"comment_status":"open","ping_status":"closed","sticky":false,"template":"","format":"standard","meta":[],"categories":[19],"tags":[],"_links":{"self":[{"href":"http:\/\/hoycordobaweb.com\/index.php\/wp-json\/wp\/v2\/posts\/20906"}],"collection":[{"href":"http:\/\/hoycordobaweb.com\/index.php\/wp-json\/wp\/v2\/posts"}],"about":[{"href":"http:\/\/hoycordobaweb.com\/index.php\/wp-json\/wp\/v2\/types\/post"}],"author":[{"embeddable":true,"href":"http:\/\/hoycordobaweb.com\/index.php\/wp-json\/wp\/v2\/users\/1"}],"replies":[{"embeddable":true,"href":"http:\/\/hoycordobaweb.com\/index.php\/wp-json\/wp\/v2\/comments?post=20906"}],"version-history":[{"count":0,"href":"http:\/\/hoycordobaweb.com\/index.php\/wp-json\/wp\/v2\/posts\/20906\/revisions"}],"wp:featuredmedia":[{"embeddable":true,"href":"http:\/\/hoycordobaweb.com\/index.php\/wp-json\/wp\/v2\/media\/20907"}],"wp:attachment":[{"href":"http:\/\/hoycordobaweb.com\/index.php\/wp-json\/wp\/v2\/media?parent=20906"}],"wp:term":[{"taxonomy":"category","embeddable":true,"href":"http:\/\/hoycordobaweb.com\/index.php\/wp-json\/wp\/v2\/categories?post=20906"},{"taxonomy":"post_tag","embeddable":true,"href":"http:\/\/hoycordobaweb.com\/index.php\/wp-json\/wp\/v2\/tags?post=20906"}],"curies":[{"name":"wp","href":"https:\/\/api.w.org\/{rel}","templated":true}]}}