{"id":20879,"date":"2021-05-18T16:32:12","date_gmt":"2021-05-18T16:32:12","guid":{"rendered":"https:\/\/www.mujerhoy.com\/moda\/tendencias\/202105\/18\/look-tendencia-sexy-pantalones-panuelo-zara-arrasa-instagram-influencers-mas-joven-delgada-20210517170826.html"},"modified":"2021-05-18T16:32:12","modified_gmt":"2021-05-18T16:32:12","slug":"este-es-el-look-de-tendencia-que-tienes-que-tener-en-tu-armario-este-verano-para-dejar-a-todo-el-mundo-alucinando","status":"publish","type":"post","link":"http:\/\/hoycordobaweb.com\/index.php\/2021\/05\/18\/este-es-el-look-de-tendencia-que-tienes-que-tener-en-tu-armario-este-verano-para-dejar-a-todo-el-mundo-alucinando\/","title":{"rendered":"Este es el look de tendencia que tienes que tener en tu armario este verano para dejar a todo el mundo alucinando"},"content":{"rendered":"<p>El revival de la <strong>tendencia a\u00f1os 70 <\/strong>ha llegado a la moda y ha arrasado. Llevamos ya varias temporadas respirando el esp\u00edritu de la d\u00e9cada del pop y la piscodelia y, estaba claro, este verano ten\u00eda que llegar a su m\u00e1ximo. Lo estamos viendo en la<a href=\"https:\/\/www.mujerhoy.com\/moda\/no-te-pierdas\/202103\/18\/pantalones-nueva-coleccion-zara-baratos-menos-20-euros-estilizan-llevar-camiseta-blanca-20210318002021.html\"> nueva colecci\u00f3n de Zara<\/a>: los <a href=\"https:\/\/www.mujerhoy.com\/moda\/no-te-pierdas\/202105\/17\/pantalones-flare-estampados-flores-zara-look-primavera-barato-arrasa-influencers-agotados-20210517110519.html\">estampados<\/a> y las prendas m\u00e1s llamativas de los \u00faltimos &#8216;drops&#8217; son cien por cien sententeros. De hecho, tienen un rollo tan vintage, que muchos looks <strong>parecen reci\u00e9n salidos de un armario retro<\/strong>. No nos extra\u00f1a nada que el look m\u00e1s potente para esta primavera y verano sea setentero a tope: <a href=\"https:\/\/www.mujerhoy.com\/moda\/no-te-pierdas\/202104\/22\/pantalones-flare-estampados-zara-sientan-bien-nagore-robles-look-primavera-barato-20210422132711.html\">pantalones flare<\/a> y pa\u00f1uelo a la cabeza. <\/p>\n<div class=\"comp_mm\">\n<figure><picture><source srcset=\"http:\/\/hoycordobaweb.com\/wp-content\/uploads\/2021\/05\/este-es-el-look-de-tendencia-que-tienes-que-tener-en-tu-armario-este-verano-para-dejar-a-todo-el-mundo-alucinando.png, http:\/\/hoycordobaweb.com\/wp-content\/uploads\/2021\/05\/este-es-el-look-de-tendencia-que-tienes-que-tener-en-tu-armario-este-verano-para-dejar-a-todo-el-mundo-alucinando.png 2x\" media=\"(min-width: 1054px)\"><source srcset=\"http:\/\/hoycordobaweb.com\/wp-content\/uploads\/2021\/05\/este-es-el-look-de-tendencia-que-tienes-que-tener-en-tu-armario-este-verano-para-dejar-a-todo-el-mundo-alucinando.png, http:\/\/hoycordobaweb.com\/wp-content\/uploads\/2021\/05\/este-es-el-look-de-tendencia-que-tienes-que-tener-en-tu-armario-este-verano-para-dejar-a-todo-el-mundo-alucinando.png 2x\" media=\"(min-width: 720px)\"><source srcset=\"https:\/\/resizer.mujerhoy.com\/resizer\/resizer.php?imagen=http:\/\/hoycordobaweb.com\/wp-content\/uploads\/2021\/05\/este-es-el-look-de-tendencia-que-tienes-que-tener-en-tu-armario-este-verano-para-dejar-a-todo-el-mundo-alucinando.png&amp;nuevoalto=714&amp;nuevoancho=476\"><img src=\"http:\/\/hoycordobaweb.com\/wp-content\/uploads\/2021\/05\/este-es-el-look-de-tendencia-que-tienes-que-tener-en-tu-armario-este-verano-para-dejar-a-todo-el-mundo-alucinando.png\" alt=\"Pantalones 'flare' con estampado floral rosa y naranja de Zara.\" title=\"Pantalones 'flare' con estampado floral rosa y naranja de Zara.\" itemprop=\"image\"><\/picture><figcaption> Pantalones &#8216;flare&#8217; con estampado floral rosa y naranja de Zara. <span class=\"firma\"><\/span><\/figcaption><\/figure>\n<\/div>\n<p>Hemos ido directas a la tienda online de Zara para encontrar los <strong>pantalones &#8216;flare&#8217; m\u00e1s llamativos y con el estampado m\u00e1s colorista<\/strong> posible. De hecho, los que lleva <strong>Teresa Andr\u00e9s Gonzalvo <\/strong>pueden ser incluso m\u00e1s discretos que los que te proponemos (incluso m\u00e1s bonitos, pero eso va en gustos). Estos pantalones de pata ancha con estampado floral naranja y rosa son maravillosos (29,95 euros). <\/p>\n<div class=\"comp_mm\">\n<figure><picture><source srcset=\"http:\/\/hoycordobaweb.com\/wp-content\/uploads\/2021\/05\/este-es-el-look-de-tendencia-que-tienes-que-tener-en-tu-armario-este-verano-para-dejar-a-todo-el-mundo-alucinando-1.png, http:\/\/hoycordobaweb.com\/wp-content\/uploads\/2021\/05\/este-es-el-look-de-tendencia-que-tienes-que-tener-en-tu-armario-este-verano-para-dejar-a-todo-el-mundo-alucinando-1.png 2x\" media=\"(min-width: 1054px)\"><source srcset=\"http:\/\/hoycordobaweb.com\/wp-content\/uploads\/2021\/05\/este-es-el-look-de-tendencia-que-tienes-que-tener-en-tu-armario-este-verano-para-dejar-a-todo-el-mundo-alucinando-1.png, http:\/\/hoycordobaweb.com\/wp-content\/uploads\/2021\/05\/este-es-el-look-de-tendencia-que-tienes-que-tener-en-tu-armario-este-verano-para-dejar-a-todo-el-mundo-alucinando-1.png 2x\" media=\"(min-width: 720px)\"><source srcset=\"https:\/\/resizer.mujerhoy.com\/resizer\/resizer.php?imagen=http:\/\/hoycordobaweb.com\/wp-content\/uploads\/2021\/05\/este-es-el-look-de-tendencia-que-tienes-que-tener-en-tu-armario-este-verano-para-dejar-a-todo-el-mundo-alucinando-1.png&amp;nuevoalto=714&amp;nuevoancho=476\"><img src=\"http:\/\/hoycordobaweb.com\/wp-content\/uploads\/2021\/05\/este-es-el-look-de-tendencia-que-tienes-que-tener-en-tu-armario-este-verano-para-dejar-a-todo-el-mundo-alucinando-1.png\" alt=\"Pantalones 'flare' estampados en distintos tonos de rosa de Zara.\" title=\"Pantalones 'flare' estampados en distintos tonos de rosa de Zara.\" itemprop=\"image\"><\/picture><figcaption> Pantalones &#8216;flare&#8217; estampados en distintos tonos de rosa de Zara. <span class=\"firma\"><\/span><\/figcaption><\/figure>\n<\/div>\n<p>El look es<strong> absolutamente democr\u00e1tico<\/strong>: puedes llevar los pantalones estampados con un top sujetador m\u00ednimo, como Teresa Andr\u00e9s Gonzalvo, o con una camiseta oversize: queda exactamente igual de bien. <strong>Estos pantalones en la gama del rosa son tambi\u00e9n maravillosos y de Zara<\/strong>, con lo que el precio es ajsutado (39,95 euros) y el bajo tiene un ligero efecto evas\u00e9. M\u00e1s tendencia, imposible.<\/p>\n<div class=\"comp_mm\">\n<figure><picture><source srcset=\"http:\/\/hoycordobaweb.com\/wp-content\/uploads\/2021\/05\/este-es-el-look-de-tendencia-que-tienes-que-tener-en-tu-armario-este-verano-para-dejar-a-todo-el-mundo-alucinando-2.png, http:\/\/hoycordobaweb.com\/wp-content\/uploads\/2021\/05\/este-es-el-look-de-tendencia-que-tienes-que-tener-en-tu-armario-este-verano-para-dejar-a-todo-el-mundo-alucinando-2.png 2x\" media=\"(min-width: 1054px)\"><source srcset=\"http:\/\/hoycordobaweb.com\/wp-content\/uploads\/2021\/05\/este-es-el-look-de-tendencia-que-tienes-que-tener-en-tu-armario-este-verano-para-dejar-a-todo-el-mundo-alucinando-2.png, http:\/\/hoycordobaweb.com\/wp-content\/uploads\/2021\/05\/este-es-el-look-de-tendencia-que-tienes-que-tener-en-tu-armario-este-verano-para-dejar-a-todo-el-mundo-alucinando-2.png 2x\" media=\"(min-width: 720px)\"><source srcset=\"https:\/\/resizer.mujerhoy.com\/resizer\/resizer.php?imagen=http:\/\/hoycordobaweb.com\/wp-content\/uploads\/2021\/05\/este-es-el-look-de-tendencia-que-tienes-que-tener-en-tu-armario-este-verano-para-dejar-a-todo-el-mundo-alucinando-2.png&amp;nuevoalto=714&amp;nuevoancho=476\"><img src=\"http:\/\/hoycordobaweb.com\/wp-content\/uploads\/2021\/05\/este-es-el-look-de-tendencia-que-tienes-que-tener-en-tu-armario-este-verano-para-dejar-a-todo-el-mundo-alucinando-2.png\" alt=\"Pa&amp;ntilde;uelo de seda cien por cien con un precios estampado floral, de Zara.\" title=\"Pa&amp;ntilde;uelo de seda cien por cien con un precios estampado floral, de Zara.\" itemprop=\"image\"><\/picture><figcaption> Pa\u00f1uelo de seda cien por cien con un precios estampado floral, de Zara. <span class=\"firma\"><\/span><\/figcaption><\/figure>\n<\/div>\n<p>Tenemos<strong> dos opciones de pa\u00f1uelo <\/strong>para proponerte en este look tan espectacular, de <strong>esp\u00edritu vintage setentero<\/strong>. Que no te eche para atr\u00e1s si no tienes en melen\u00f3n liso de Teresa Andr\u00e9s Gonzalvo: el pa\u00f1uelo tipo pirata queda exactamente igual de bien con una melenita corta o el pelo rizado. Este pa\u00f1uelo es de los m\u00e1s caros del low cost, pero tiene un estampado tan bonito que quer\u00edamos mostr\u00e1rtelo:<strong> es de seda cien por cien<\/strong> y cuesta 25,95 euros.<\/p>\n<div class=\"comp_mm\">\n<figure><picture><source srcset=\"http:\/\/hoycordobaweb.com\/wp-content\/uploads\/2021\/05\/este-es-el-look-de-tendencia-que-tienes-que-tener-en-tu-armario-este-verano-para-dejar-a-todo-el-mundo-alucinando-3.png, http:\/\/hoycordobaweb.com\/wp-content\/uploads\/2021\/05\/este-es-el-look-de-tendencia-que-tienes-que-tener-en-tu-armario-este-verano-para-dejar-a-todo-el-mundo-alucinando-3.png 2x\" media=\"(min-width: 1054px)\"><source srcset=\"http:\/\/hoycordobaweb.com\/wp-content\/uploads\/2021\/05\/este-es-el-look-de-tendencia-que-tienes-que-tener-en-tu-armario-este-verano-para-dejar-a-todo-el-mundo-alucinando-3.png, http:\/\/hoycordobaweb.com\/wp-content\/uploads\/2021\/05\/este-es-el-look-de-tendencia-que-tienes-que-tener-en-tu-armario-este-verano-para-dejar-a-todo-el-mundo-alucinando-3.png 2x\" media=\"(min-width: 720px)\"><source srcset=\"https:\/\/resizer.mujerhoy.com\/resizer\/resizer.php?imagen=http:\/\/hoycordobaweb.com\/wp-content\/uploads\/2021\/05\/este-es-el-look-de-tendencia-que-tienes-que-tener-en-tu-armario-este-verano-para-dejar-a-todo-el-mundo-alucinando-3.png&amp;nuevoalto=714&amp;nuevoancho=476\"><img src=\"http:\/\/hoycordobaweb.com\/wp-content\/uploads\/2021\/05\/este-es-el-look-de-tendencia-que-tienes-que-tener-en-tu-armario-este-verano-para-dejar-a-todo-el-mundo-alucinando-3.png\" alt=\"Pa&amp;ntilde;uelo satinado de colores de la nueva colecci&amp;oacute;n de Zara.\" title=\"Pa&amp;ntilde;uelo satinado de colores de la nueva colecci&amp;oacute;n de Zara.\" itemprop=\"image\"><\/picture><figcaption> Pa\u00f1uelo satinado de colores de la nueva colecci\u00f3n de Zara. <span class=\"firma\"><\/span><\/figcaption><\/figure>\n<\/div>\n<p>La opci\u00f3n barata en la nueva colecci\u00f3n de Zara no tiene nada que envidiar a la cara: este<strong> pa\u00f1uelo de colores es una verdadera maravilla, con una mezcla de estampados tambi\u00e9n muy bonita<\/strong>. Eso s\u00ed, el anterio pa\u00f1uelo med\u00eda 90&#215;90 cent\u00edmetros y este es un poco m\u00e1s peque\u00f1o, 70&#215;70 cent\u00edmetros. El precio es m\u00e1s que interesante: 9,95 euros.<\/p>\n<div class=\"tb-interesa\">\n<h3>Tambi\u00e9n te interesa<\/h3>\n<\/div>\n","protected":false},"excerpt":{"rendered":"<p>El revival de la tendencia a\u00f1os 70 ha llegado a la moda y ha arrasado. Llevamos ya varias temporadas respirando el esp\u00edritu de la d\u00e9cada del pop y la piscodelia y, estaba claro, este verano ten\u00eda que llegar a su m\u00e1ximo. Lo estamos viendo en la nueva colecci\u00f3n de Zara: los estampados y las prendas [&hellip;]<\/p>\n","protected":false},"author":1,"featured_media":20880,"comment_status":"closed","ping_status":"closed","sticky":false,"template":"","format":"standard","meta":[],"categories":[1],"tags":[],"_links":{"self":[{"href":"http:\/\/hoycordobaweb.com\/index.php\/wp-json\/wp\/v2\/posts\/20879"}],"collection":[{"href":"http:\/\/hoycordobaweb.com\/index.php\/wp-json\/wp\/v2\/posts"}],"about":[{"href":"http:\/\/hoycordobaweb.com\/index.php\/wp-json\/wp\/v2\/types\/post"}],"author":[{"embeddable":true,"href":"http:\/\/hoycordobaweb.com\/index.php\/wp-json\/wp\/v2\/users\/1"}],"replies":[{"embeddable":true,"href":"http:\/\/hoycordobaweb.com\/index.php\/wp-json\/wp\/v2\/comments?post=20879"}],"version-history":[{"count":0,"href":"http:\/\/hoycordobaweb.com\/index.php\/wp-json\/wp\/v2\/posts\/20879\/revisions"}],"wp:featuredmedia":[{"embeddable":true,"href":"http:\/\/hoycordobaweb.com\/index.php\/wp-json\/wp\/v2\/media\/20880"}],"wp:attachment":[{"href":"http:\/\/hoycordobaweb.com\/index.php\/wp-json\/wp\/v2\/media?parent=20879"}],"wp:term":[{"taxonomy":"category","embeddable":true,"href":"http:\/\/hoycordobaweb.com\/index.php\/wp-json\/wp\/v2\/categories?post=20879"},{"taxonomy":"post_tag","embeddable":true,"href":"http:\/\/hoycordobaweb.com\/index.php\/wp-json\/wp\/v2\/tags?post=20879"}],"curies":[{"name":"wp","href":"https:\/\/api.w.org\/{rel}","templated":true}]}}