{"id":20852,"date":"2021-05-20T17:45:49","date_gmt":"2021-05-20T17:45:49","guid":{"rendered":"http:\/\/ladecimaweb.com\/?p=9726"},"modified":"2021-05-20T17:45:49","modified_gmt":"2021-05-20T17:45:49","slug":"prohiben-arrojar-filtros-colillas-y-cigarros-en-la-via-publica-y-espacios-comunes","status":"publish","type":"post","link":"http:\/\/hoycordobaweb.com\/index.php\/2021\/05\/20\/prohiben-arrojar-filtros-colillas-y-cigarros-en-la-via-publica-y-espacios-comunes\/","title":{"rendered":"Proh\u00edben arrojar filtros, colillas y cigarros, en la v\u00eda p\u00fablica y espacios comunes"},"content":{"rendered":"<p>La prohibici\u00f3n fue convertida en ordenanza por el Concejo Deliberante en la d\u00e9cima\u00a0primera sesi\u00f3n ordinaria de hoy.<\/p>\n<p>El proyecto fue impulsado por la concejala Natalia Qui\u00f1onez y el concejal Juan Negri, y proh\u00edbe &#8220;arrojar filtros, colillas de cigarrillos o cigarros en la v\u00eda p\u00fablica y en espacios comunes de uso p\u00fabico&#8221;.<\/p>\n<p>La sesi\u00f3n fue presidida por la presidenta provisoria Sandra Trigo y se desarroll\u00f3 con la presencia de las autoridades del cuerpo y ediles en el recinto, mientras que el resto de los concejales participaron a trav\u00e9s de la plataforma online.<\/p>\n<div class=\"ubm_banner\"><a href=\"https:\/\/www.youtube.com\/watch?v=4MQW8zM648g\" target=\"_blank\" rel=\"dofollow noopener noreferrer\"><img src=\"http:\/\/hoycordobaweb.com\/wp-content\/uploads\/2021\/05\/prohiben-arrojar-filtros-colillas-y-cigarros-en-la-via-publica-y-espacios-comunes.gif\" alt=\"\"><\/a><\/div>\n<p>La entrada <a rel=\"nofollow\" href=\"https:\/\/ladecimaweb.com\/prohiben-arrojar-filtros-colillas-y-cigarros-en-la-via-publica-y-espacios-comunes\/\">Proh\u00edben arrojar filtros, colillas y cigarros, en la v\u00eda p\u00fablica y espacios comunes<\/a> se public\u00f3 primero en <a rel=\"nofollow\" href=\"https:\/\/ladecimaweb.com\">LaDecima<\/a>.<\/p>\n","protected":false},"excerpt":{"rendered":"<p>La prohibici\u00f3n fue convertida en ordenanza por el Concejo Deliberante en la d\u00e9cima\u00a0primera sesi\u00f3n ordinaria de hoy. El proyecto fue impulsado por la concejala Natalia Qui\u00f1onez y el concejal Juan Negri, y proh\u00edbe &#8220;arrojar filtros, colillas de cigarrillos o cigarros en la v\u00eda p\u00fablica y en espacios comunes de uso p\u00fabico&#8221;. La sesi\u00f3n fue presidida [&hellip;]<\/p>\n","protected":false},"author":1,"featured_media":20853,"comment_status":"closed","ping_status":"closed","sticky":false,"template":"","format":"standard","meta":[],"categories":[19],"tags":[],"_links":{"self":[{"href":"http:\/\/hoycordobaweb.com\/index.php\/wp-json\/wp\/v2\/posts\/20852"}],"collection":[{"href":"http:\/\/hoycordobaweb.com\/index.php\/wp-json\/wp\/v2\/posts"}],"about":[{"href":"http:\/\/hoycordobaweb.com\/index.php\/wp-json\/wp\/v2\/types\/post"}],"author":[{"embeddable":true,"href":"http:\/\/hoycordobaweb.com\/index.php\/wp-json\/wp\/v2\/users\/1"}],"replies":[{"embeddable":true,"href":"http:\/\/hoycordobaweb.com\/index.php\/wp-json\/wp\/v2\/comments?post=20852"}],"version-history":[{"count":0,"href":"http:\/\/hoycordobaweb.com\/index.php\/wp-json\/wp\/v2\/posts\/20852\/revisions"}],"wp:featuredmedia":[{"embeddable":true,"href":"http:\/\/hoycordobaweb.com\/index.php\/wp-json\/wp\/v2\/media\/20853"}],"wp:attachment":[{"href":"http:\/\/hoycordobaweb.com\/index.php\/wp-json\/wp\/v2\/media?parent=20852"}],"wp:term":[{"taxonomy":"category","embeddable":true,"href":"http:\/\/hoycordobaweb.com\/index.php\/wp-json\/wp\/v2\/categories?post=20852"},{"taxonomy":"post_tag","embeddable":true,"href":"http:\/\/hoycordobaweb.com\/index.php\/wp-json\/wp\/v2\/tags?post=20852"}],"curies":[{"name":"wp","href":"https:\/\/api.w.org\/{rel}","templated":true}]}}