{"id":20821,"date":"2021-05-22T00:04:00","date_gmt":"2021-05-22T00:04:00","guid":{"rendered":"http:\/\/hoycordobaweb.com\/index.php\/2021\/05\/22\/el-repro-incorpora-nuevos-sectores-en-el-marco-de-las-restricciones-por-la-pandemia\/"},"modified":"2021-05-22T00:04:00","modified_gmt":"2021-05-22T00:04:00","slug":"el-repro-incorpora-nuevos-sectores-en-el-marco-de-las-restricciones-por-la-pandemia","status":"publish","type":"post","link":"http:\/\/hoycordobaweb.com\/index.php\/2021\/05\/22\/el-repro-incorpora-nuevos-sectores-en-el-marco-de-las-restricciones-por-la-pandemia\/","title":{"rendered":"El Repro incorpora nuevos sectores en el marco de las restricciones por la pandemia"},"content":{"rendered":"<p><img src=\"http:\/\/hoycordobaweb.com\/wp-content\/uploads\/2021\/05\/el-repro-incorpora-nuevos-sectores-en-el-marco-de-las-restricciones-por-la-pandemia.jpg\"> &nbsp; <\/p>\n<div class=\"image\" id=\"image\"> <img src=\"http:\/\/hoycordobaweb.com\/wp-content\/uploads\/2021\/05\/el-repro-incorpora-nuevos-sectores-en-el-marco-de-las-restricciones-por-la-pandemia-2.jpg\" alt title><\/div>\n<p>El Gobierno nacional decidi\u00f3 hoy la incorporaci\u00f3n al Programa de Recuperaci\u00f3n Productiva (Repro II) de nuevos sectores a las denominadas actividades criticas, lo que permitir\u00e1 asistir a comercios de rubros esenciales, no esenciales y centros de compras del \u00e1rea metropolitana, como parte de las medidas adoptadas para aliviar el impacto de las nuevas restricciones por la pandemia.<\/p>\n<p>Tambi\u00e9n se anunci\u00f3 que <strong>la inscripci\u00f3n al programa ser\u00e1 desde el mi\u00e9rcoles 26 de mayo hasta el 1 de junio<\/strong>, una novedad importante para los beneficiarios, ya que en principio estaba previsto para el pr\u00f3ximo lunes 24.<\/p>\n<p>El presidente Alberto Fern\u00e1ndez hab\u00eda anunciado ayer la ampliaci\u00f3n del Repro para atender a los sectores que se ver\u00e1n afectados por las medidas, a lo que se decidi\u00f3 incrementar el <strong>monto m\u00e1ximo del beneficio a $22.000<\/strong> por relaci\u00f3n laboral para empleadores encuadrados en los sectores cr\u00edticos y salud.<\/p>\n<p>Las empresas pertenecientes a los sectores cr\u00edticos particularmente afectados por la actual coyuntura contar\u00e1n con una <strong>reducci\u00f3n del 100% de las contribuciones patronales<\/strong> destinadas al Sistema Integrado Previsional Argentino (SIPA), se inform\u00f3 esta noche.<\/p>\n<p>Tambi\u00e9n se dispuso que el requerimiento de informaci\u00f3n estar\u00e1 limitado a dos indicadores, facturaci\u00f3n y liquidez corriente, y que se exime de la obligaci\u00f3n de presentar balance.<\/p>\n<p>Adem\u00e1s, para evaluar la variaci\u00f3n de la facturaci\u00f3n, se compara todos los d\u00edas de mayo de 2019 contra los primeros 24 d\u00edas de mayo de 2021, lo que implica que el Programa asume que la empresa no tendr\u00e1 facturaci\u00f3n entre el 25 y el 31 de mayo, se explic\u00f3.<\/p>\n<p>En cuanto a la ampliaci\u00f3n del listado de actividades consideradas \u201ccr\u00edticas\u201d, el Gobierno decidi\u00f3 la incorporaci\u00f3n de comercio de rubros no esenciales como <strong>indumentaria, textiles, cuero, calzado, electr\u00f3nica, electrodom\u00e9sticos, muebles y veh\u00edculos<\/strong>, entre otros.<\/p>\n<p>Tambi\u00e9n se suman comercios de ramas esenciales pero que en los \u00faltimos meses han estado afectados por la ca\u00edda de la circulaci\u00f3n, como<strong> kioscos, panader\u00edas, helader\u00edas y estaciones de servicio<\/strong>, y tambi\u00e9n se contemplan en esta instancia centros de compra localizados en el AMBA.<\/p>\n<p>El monto del beneficio alcanza a los $22.000 por trabajador independiente y alcanzar\u00e1 a sectores de gastronom\u00eda, turismo, transporte, industrias culturales, actividades deportivas y de esparcimiento, comercio de rubros no esenciales y de ramas esenciales pero que en los \u00faltimos meses han estado afectados por la ca\u00edda de la circulaci\u00f3n, peluquer\u00edas y centros de belleza<\/p>\n<p>Para acceder al beneficio, los trabajadores deber\u00e1n contar con al menos dos aportes en los \u00faltimos seis meses en el r\u00e9gimen de monotributo y\/o aut\u00f3nomo.<\/p>\n<p>Tambi\u00e9n deber\u00e1 presentar una reducci\u00f3n de la facturaci\u00f3n mayor al 20% en t\u00e9rminos reales, entre mayo de 2019 y del 1\u00b0 al 24\u00b0 de mayo de 2021.<\/p>\n<p>Para el caso de ser empleador deber\u00e1 registrar un nivel de liquidez corriente inferior a un valor establecido por el Comit\u00e9 de evaluaci\u00f3n y seguimiento del Repro II.<\/p>\n","protected":false},"excerpt":{"rendered":"<p>&nbsp; El Gobierno nacional decidi\u00f3 hoy la incorporaci\u00f3n al Programa de Recuperaci\u00f3n Productiva (Repro II) de nuevos sectores a las denominadas actividades criticas, lo que permitir\u00e1 asistir a comercios de rubros esenciales, no esenciales y centros de compras del \u00e1rea metropolitana, como parte de las medidas adoptadas para aliviar el impacto de las nuevas restricciones [&hellip;]<\/p>\n","protected":false},"author":1,"featured_media":20822,"comment_status":"open","ping_status":"closed","sticky":false,"template":"","format":"standard","meta":[],"categories":[19],"tags":[],"_links":{"self":[{"href":"http:\/\/hoycordobaweb.com\/index.php\/wp-json\/wp\/v2\/posts\/20821"}],"collection":[{"href":"http:\/\/hoycordobaweb.com\/index.php\/wp-json\/wp\/v2\/posts"}],"about":[{"href":"http:\/\/hoycordobaweb.com\/index.php\/wp-json\/wp\/v2\/types\/post"}],"author":[{"embeddable":true,"href":"http:\/\/hoycordobaweb.com\/index.php\/wp-json\/wp\/v2\/users\/1"}],"replies":[{"embeddable":true,"href":"http:\/\/hoycordobaweb.com\/index.php\/wp-json\/wp\/v2\/comments?post=20821"}],"version-history":[{"count":0,"href":"http:\/\/hoycordobaweb.com\/index.php\/wp-json\/wp\/v2\/posts\/20821\/revisions"}],"wp:featuredmedia":[{"embeddable":true,"href":"http:\/\/hoycordobaweb.com\/index.php\/wp-json\/wp\/v2\/media\/20822"}],"wp:attachment":[{"href":"http:\/\/hoycordobaweb.com\/index.php\/wp-json\/wp\/v2\/media?parent=20821"}],"wp:term":[{"taxonomy":"category","embeddable":true,"href":"http:\/\/hoycordobaweb.com\/index.php\/wp-json\/wp\/v2\/categories?post=20821"},{"taxonomy":"post_tag","embeddable":true,"href":"http:\/\/hoycordobaweb.com\/index.php\/wp-json\/wp\/v2\/tags?post=20821"}],"curies":[{"name":"wp","href":"https:\/\/api.w.org\/{rel}","templated":true}]}}