{"id":20747,"date":"2021-05-21T23:47:00","date_gmt":"2021-05-21T23:47:00","guid":{"rendered":"http:\/\/hoycordobaweb.com\/index.php\/2021\/05\/21\/el-volante-de-boca-cristian-medina-se-contagio-de-coronavirus\/"},"modified":"2021-05-21T23:47:00","modified_gmt":"2021-05-21T23:47:00","slug":"el-volante-de-boca-cristian-medina-se-contagio-de-coronavirus","status":"publish","type":"post","link":"http:\/\/hoycordobaweb.com\/index.php\/2021\/05\/21\/el-volante-de-boca-cristian-medina-se-contagio-de-coronavirus\/","title":{"rendered":"El volante de Boca Cristian Medina se contagi\u00f3 de coronavirus"},"content":{"rendered":"<p><img src=\"http:\/\/hoycordobaweb.com\/wp-content\/uploads\/2021\/05\/el-volante-de-boca-cristian-medina-se-contagio-de-coronavirus.jpg\"><\/p>\n<div class=\"image\" id=\"image\" readability=\"7\"> <img src=\"http:\/\/hoycordobaweb.com\/wp-content\/uploads\/2021\/05\/el-volante-de-boca-cristian-medina-se-contagio-de-coronavirus-2.jpg\" alt=\"Medina en un pr\u00e1ctica junto a Mauro Z\u00e1rate. (foto archivo)\" title=\"Medina en un pr\u00e1ctica junto a Mauro Z\u00e1rate. (foto archivo)\"><\/p>\n<p>Medina en un pr\u00e1ctica junto a Mauro Z\u00e1rate. (foto archivo)<\/p>\n<\/div>\n<p>El volante de Boca Juniors Cristian Medina dio positivo en coronavirus tras los testeos realizados hoy al plantel, inform\u00f3 el club, y no estar\u00e1 en el partido del mi\u00e9rcoles contra The Strongest, de Bolivia, en el cierre de la fase de grupos de la Copa Libertadores.<\/p>\n<p>\u00abEl plantel de Miguel Russo se someti\u00f3 a los test PCR de rigor y, salvo el jugador Cristian Medina, que dio positivo de covid presentando un <strong>nexo epidemiol\u00f3gico familiar<\/strong>, el resto fueron todos negativos y est\u00e1n a disposici\u00f3n del DT\u00bb, inform\u00f3 oficialmente el club en un parte m\u00e9dico a trav\u00e9s de sus redes sociales.<\/p>\n<p>La aclaraci\u00f3n sobre el nexo epidemiol\u00f3gico del caso de Medina trae, en principio, cierta tranquilidad: en Boca hubo un especial inter\u00e9s en los testeos realizados al plantel juego del supercl\u00e1sico con River Plate, que tiene m\u00e1s de 20 jugadores contagiados.<\/p>\n<p>En el cl\u00e1sico, jugado en la Bombonera el domingo 16, River present\u00f3 varios futbolistas que luego dieron positivo en los testeos, como Leonardo Ponzio, Jos\u00e9 Paradela y Fabrizio Angileri.<\/p>\n<p>Medina jug\u00f3 los cinco partidos de Boca en la actual Libertadores: cuatro como titular y el restante ingresando desde el banco.<\/p>\n<p>Mientras tanto, el plantel de Boca practic\u00f3 la ma\u00f1ana el vernes en el predio de Ezeiza y ante la suspensi\u00f3n del f\u00fatbol local por decisi\u00f3n de la AFA en el marco de la segunda ola en la pandemia de coronavirus, el objetivo ahora es ganarle a The Strongest de Bolivia para<strong> clasificar a octavos de final de la Copa Libertadores.<\/strong><\/p>\n<p>Boca deb\u00eda enfrentar este domingo a Racing en San Juan por semifinales de la Copa de la Liga Profesional, pero el f\u00fatbol argentino no tendr\u00e1 actividad hasta el 30 de mayo inclusive, ya que la AFA resolvi\u00f3 hoy acompa\u00f1ar las medidas del Gobierno nacional en el marco de la pandemia de coronavirus.<\/p>\n<p>El plantel boquense, antes del entrenamiento, se realiz\u00f3 el testeo PCR previsto para jugar ante Racing.<\/p>\n<p>En el predio que Boca tiene en Ezeiza, los futbolistas que ayer igualaron sin goles contra Barcelona de Ecuador realizaron ejercicios regenerativos, y el resto del plantel realiz\u00f3 f\u00fatbol en espacios reducidos.<\/p>\n<p>El club resolvi\u00f3 que el plantel practique en forma normal desde hoy hasta el d\u00eda del encuentro como local con The Strongest, aunque cabe destacar que todav\u00eda no esta confirmado por parte de la Conmebol si el Gobierno argentino autorizar\u00e1 a que se juegue en Buenos Aires, aunque la dirigencia boquense piensa que no habr\u00e1 inconvenientes.<\/p>\n<p>Por las dudas, esta ma\u00f1ana -al conocer la medida que suspendi\u00f3 el f\u00fatbol local- los integrantes de la secretar\u00eda de f\u00fatbol \u00abxeneize\u00bb empezaron a gestionar alg\u00fan lugar para albergarse en Montevideo o en Asunci\u00f3n.<\/p>\n<p>Para el partido ante el conjunto boliviano, al que Boca derrot\u00f3 por 1-0 en la altura de La Paz, volver\u00edan varios de los titulares que ayer estuvieron en el banco y jugaron solo unos minutos.<\/p>\n<p>Entre ellos, el volante colombiano Edwin Cardona, quien tendr\u00eda la chance -ahora sin el partido de Racing en el medio- de poder ser nuevamente titular en el encuentro en el que Boca se jugar\u00e1 la clasificaci\u00f3n a octavos de final de la Libertadores.<\/p>\n<p><strong>Boca (7) recibir\u00e1 a The Strongest de local el pr\u00f3ximo mi\u00e9rcoles desde las 21 por la \u00faltima fecha del Grupo C <\/strong>de la Copa Libertadores, que lidera Barcelona de Guayaquil con 10 puntos, mientras que Santos de Brasil y el equipo boliviano tienen 6 unidades.<\/p>\n<p>En otro orden, la dirigencia podr\u00eda aplicar una sanci\u00f3n econ\u00f3mica al delantero Sebasti\u00e1n Villa por haber festejado su cumplea\u00f1os con m\u00e1s de 10 personas presentes y sin los protocolos establecidos por la pandemia de Covid-19.<\/p>\n","protected":false},"excerpt":{"rendered":"<p>Medina en un pr\u00e1ctica junto a Mauro Z\u00e1rate. (foto archivo) El volante de Boca Juniors Cristian Medina dio positivo en coronavirus tras los testeos realizados hoy al plantel, inform\u00f3 el club, y no estar\u00e1 en el partido del mi\u00e9rcoles contra The Strongest, de Bolivia, en el cierre de la fase de grupos de la Copa [&hellip;]<\/p>\n","protected":false},"author":1,"featured_media":20748,"comment_status":"open","ping_status":"closed","sticky":false,"template":"","format":"standard","meta":[],"categories":[16],"tags":[],"_links":{"self":[{"href":"http:\/\/hoycordobaweb.com\/index.php\/wp-json\/wp\/v2\/posts\/20747"}],"collection":[{"href":"http:\/\/hoycordobaweb.com\/index.php\/wp-json\/wp\/v2\/posts"}],"about":[{"href":"http:\/\/hoycordobaweb.com\/index.php\/wp-json\/wp\/v2\/types\/post"}],"author":[{"embeddable":true,"href":"http:\/\/hoycordobaweb.com\/index.php\/wp-json\/wp\/v2\/users\/1"}],"replies":[{"embeddable":true,"href":"http:\/\/hoycordobaweb.com\/index.php\/wp-json\/wp\/v2\/comments?post=20747"}],"version-history":[{"count":0,"href":"http:\/\/hoycordobaweb.com\/index.php\/wp-json\/wp\/v2\/posts\/20747\/revisions"}],"wp:featuredmedia":[{"embeddable":true,"href":"http:\/\/hoycordobaweb.com\/index.php\/wp-json\/wp\/v2\/media\/20748"}],"wp:attachment":[{"href":"http:\/\/hoycordobaweb.com\/index.php\/wp-json\/wp\/v2\/media?parent=20747"}],"wp:term":[{"taxonomy":"category","embeddable":true,"href":"http:\/\/hoycordobaweb.com\/index.php\/wp-json\/wp\/v2\/categories?post=20747"},{"taxonomy":"post_tag","embeddable":true,"href":"http:\/\/hoycordobaweb.com\/index.php\/wp-json\/wp\/v2\/tags?post=20747"}],"curies":[{"name":"wp","href":"https:\/\/api.w.org\/{rel}","templated":true}]}}