{"id":20700,"date":"2021-05-20T21:22:04","date_gmt":"2021-05-20T21:22:04","guid":{"rendered":"https:\/\/www.ole.com.ar\/river-plate\/river-enzo-perez-pinola-fluminense_0_07zZ8TNrU.html"},"modified":"2021-05-20T21:22:04","modified_gmt":"2021-05-20T21:22:04","slug":"dos-buenas-para-river-la-lesion-de-enzo-no-se-agravo-y-le-hacen-estudios-a-pinola","status":"publish","type":"post","link":"http:\/\/hoycordobaweb.com\/index.php\/2021\/05\/20\/dos-buenas-para-river-la-lesion-de-enzo-no-se-agravo-y-le-hacen-estudios-a-pinola\/","title":{"rendered":"Dos buenas para River: la lesi\u00f3n de Enzo no se agrav\u00f3 y le hacen estudios a Pinola"},"content":{"rendered":"<p><img src=\"http:\/\/hoycordobaweb.com\/wp-content\/uploads\/2021\/05\/dos-buenas-para-river-la-lesion-de-enzo-no-se-agravo-y-le-hacen-estudios-a-pinola.jpg\"><\/p>\n<div><img src=\"http:\/\/hoycordobaweb.com\/wp-content\/uploads\/2021\/05\/dos-buenas-para-river-la-lesion-de-enzo-no-se-agravo-y-le-hacen-estudios-a-pinola.jpg\" class=\"ff-og-image-inserted\"><\/div>\n<p><strong><a alt=\"enzo-perez\" class=\"slug\" href=\"https:\/\/www.ole.com.ar\/tema\/enzo-perez.html\" target=\"_blank\" title=\"enzo-perez\" rel=\"noopener noreferrer\">Enzo P\u00e9rez<\/a><\/strong> corri\u00f3 el riesgo de que su distensi\u00f3n en el isquiotibial derecho de convirtiera en desgarro por su heroica decisi\u00f3n de ser el arquero de River contra Santa Fe por la Copa Libertadores. <strong><a alt=\"javier-pinola\" class=\"slug\" href=\"https:\/\/www.ole.com.ar\/tema\/javier-pinola.html\" target=\"_blank\" title=\"javier-pinola\" rel=\"noopener noreferrer\">Javier Pinola<\/a><\/strong>, en cambio, tambi\u00e9n estaba dispuesto a poner el cuerpo pese a que, si jugaba, se expon\u00eda a resentirse de la fractura en el antebrazo derecho que sufri\u00f3 el 28 de febrero contra Platense. Sin embargo, <mark>la apuesta y las decisiones de <strong><a alt=\"marcelo-gallardo\" class=\"slug\" href=\"https:\/\/www.ole.com.ar\/tema\/marcelo-gallardo.html\" target=\"_blank\" title=\"marcelo-gallardo\" rel=\"noopener noreferrer\">Marcelo Gallardo<\/a><\/strong> resultaron positivas. Porque la evoluci\u00f3n de la lesi\u00f3n del volante mendocino de 35 a\u00f1os no se detuvo y porque si este viernes se confirma que el zaguero de 38 a\u00f1os ya tiene sus huesos c\u00fabito y radio soldados con un callo s\u00f3lido, ambos podr\u00edan estar disponibles el martes contra Fluminense<\/mark> en la \u00faltima fecha del grupo D de la fase de grupos de la Copa Libertadores.<\/p>\n<p>A estas dos buenas noticias que recibi\u00f3 el entrenador este jueves hay que sumarle la posibilidad de que logre contar con algunos de los primeros 15 casos de Covid positivos del fin de semana, que ser\u00e1n hisopados en las pr\u00f3ximas horas para constar si la carga del virus disminuy\u00f3 y los PCR arrojan resultados negativos. <\/p>\n<p>M\u00e1s all\u00e1 de esta chance que potenciar\u00eda de gran manera al equipo, el Mu\u00f1eco sabe que en el arco puede volver a recurrir el pibe Leo D\u00edaz y tambi\u00e9n mantuvo en el plantel a los juveniles que debutaron ante Santa Fe: Tom\u00e1s Lecanda y Felipe Pe\u00f1a Biafore.&nbsp;<\/p>\n<div class=\"entry-tags\">\n<h2>TEMAS QUE APARECEN EN ESTA NOTA<\/h2>\n<\/p><\/div>\n","protected":false},"excerpt":{"rendered":"<p>Enzo P\u00e9rez corri\u00f3 el riesgo de que su distensi\u00f3n en el isquiotibial derecho de convirtiera en desgarro por su heroica decisi\u00f3n de ser el arquero de River contra Santa Fe por la Copa Libertadores. Javier Pinola, en cambio, tambi\u00e9n estaba dispuesto a poner el cuerpo pese a que, si jugaba, se expon\u00eda a resentirse de [&hellip;]<\/p>\n","protected":false},"author":1,"featured_media":20701,"comment_status":"open","ping_status":"closed","sticky":false,"template":"","format":"standard","meta":[],"categories":[16],"tags":[],"_links":{"self":[{"href":"http:\/\/hoycordobaweb.com\/index.php\/wp-json\/wp\/v2\/posts\/20700"}],"collection":[{"href":"http:\/\/hoycordobaweb.com\/index.php\/wp-json\/wp\/v2\/posts"}],"about":[{"href":"http:\/\/hoycordobaweb.com\/index.php\/wp-json\/wp\/v2\/types\/post"}],"author":[{"embeddable":true,"href":"http:\/\/hoycordobaweb.com\/index.php\/wp-json\/wp\/v2\/users\/1"}],"replies":[{"embeddable":true,"href":"http:\/\/hoycordobaweb.com\/index.php\/wp-json\/wp\/v2\/comments?post=20700"}],"version-history":[{"count":0,"href":"http:\/\/hoycordobaweb.com\/index.php\/wp-json\/wp\/v2\/posts\/20700\/revisions"}],"wp:featuredmedia":[{"embeddable":true,"href":"http:\/\/hoycordobaweb.com\/index.php\/wp-json\/wp\/v2\/media\/20701"}],"wp:attachment":[{"href":"http:\/\/hoycordobaweb.com\/index.php\/wp-json\/wp\/v2\/media?parent=20700"}],"wp:term":[{"taxonomy":"category","embeddable":true,"href":"http:\/\/hoycordobaweb.com\/index.php\/wp-json\/wp\/v2\/categories?post=20700"},{"taxonomy":"post_tag","embeddable":true,"href":"http:\/\/hoycordobaweb.com\/index.php\/wp-json\/wp\/v2\/tags?post=20700"}],"curies":[{"name":"wp","href":"https:\/\/api.w.org\/{rel}","templated":true}]}}