{"id":20674,"date":"2021-05-20T15:19:00","date_gmt":"2021-05-20T15:19:00","guid":{"rendered":"https:\/\/fm-comunicar.com.ar\/contenido\/17618\/julio-saluzzo-recibio-la-condena-de-prision-perpetua-en-el-juicio-abreviado-por-"},"modified":"2021-05-20T15:19:00","modified_gmt":"2021-05-20T15:19:00","slug":"julio-saluzzo-recibio-la-condena-de-prision-perpetua-en-el-juicio-abreviado-por-el-crimen-de-veronica-tottis","status":"publish","type":"post","link":"http:\/\/hoycordobaweb.com\/index.php\/2021\/05\/20\/julio-saluzzo-recibio-la-condena-de-prision-perpetua-en-el-juicio-abreviado-por-el-crimen-de-veronica-tottis\/","title":{"rendered":"Julio Saluzzo recibi\u00f3 la condena de prisi\u00f3n perpetua en el juicio abreviado por el crimen de Ver\u00f3nica Tottis"},"content":{"rendered":"<p>El femicida acept\u00f3 los cargos y pidi\u00f3 \u00abperd\u00f3n\u00bb. El hermano de la v\u00edctima, Nicol\u00e1s Tottis, agradeci\u00f3 a los investigadores por el trabajo. \u00abA \u00e9l, que est\u00e1 del otro lado, era m\u00e1s f\u00e1cil dejarla ir para que siga viviendo, que era lo que quer\u00eda ella\u00bb, dijo ante el jurado. En la nota, lo que expuso cada parte.<img src=\"http:\/\/hoycordobaweb.com\/wp-content\/uploads\/2021\/05\/julio-saluzzo-recibio-la-condena-de-prision-perpetua-en-el-juicio-abreviado-por-el-crimen-de-veronica-tottis.png\"><\/p>\n","protected":false},"excerpt":{"rendered":"<p>El femicida acept\u00f3 los cargos y pidi\u00f3 \u00abperd\u00f3n\u00bb. El hermano de la v\u00edctima, Nicol\u00e1s Tottis, agradeci\u00f3 a los investigadores por el trabajo. \u00abA \u00e9l, que est\u00e1 del otro lado, era m\u00e1s f\u00e1cil dejarla ir para que siga viviendo, que era lo que quer\u00eda ella\u00bb, dijo ante el jurado. En la nota, lo que expuso cada [&hellip;]<\/p>\n","protected":false},"author":1,"featured_media":20675,"comment_status":"closed","ping_status":"closed","sticky":false,"template":"","format":"standard","meta":[],"categories":[18],"tags":[],"_links":{"self":[{"href":"http:\/\/hoycordobaweb.com\/index.php\/wp-json\/wp\/v2\/posts\/20674"}],"collection":[{"href":"http:\/\/hoycordobaweb.com\/index.php\/wp-json\/wp\/v2\/posts"}],"about":[{"href":"http:\/\/hoycordobaweb.com\/index.php\/wp-json\/wp\/v2\/types\/post"}],"author":[{"embeddable":true,"href":"http:\/\/hoycordobaweb.com\/index.php\/wp-json\/wp\/v2\/users\/1"}],"replies":[{"embeddable":true,"href":"http:\/\/hoycordobaweb.com\/index.php\/wp-json\/wp\/v2\/comments?post=20674"}],"version-history":[{"count":0,"href":"http:\/\/hoycordobaweb.com\/index.php\/wp-json\/wp\/v2\/posts\/20674\/revisions"}],"wp:featuredmedia":[{"embeddable":true,"href":"http:\/\/hoycordobaweb.com\/index.php\/wp-json\/wp\/v2\/media\/20675"}],"wp:attachment":[{"href":"http:\/\/hoycordobaweb.com\/index.php\/wp-json\/wp\/v2\/media?parent=20674"}],"wp:term":[{"taxonomy":"category","embeddable":true,"href":"http:\/\/hoycordobaweb.com\/index.php\/wp-json\/wp\/v2\/categories?post=20674"},{"taxonomy":"post_tag","embeddable":true,"href":"http:\/\/hoycordobaweb.com\/index.php\/wp-json\/wp\/v2\/tags?post=20674"}],"curies":[{"name":"wp","href":"https:\/\/api.w.org\/{rel}","templated":true}]}}