{"id":20582,"date":"2021-05-19T08:20:00","date_gmt":"2021-05-19T08:20:00","guid":{"rendered":"https:\/\/fm-comunicar.com.ar\/contenido\/17598\/desde-el-inicio-de-clases-jesus-maria-tuvo-80-burbujas-educativas-aisladas"},"modified":"2021-05-19T08:20:00","modified_gmt":"2021-05-19T08:20:00","slug":"desde-el-inicio-de-clases-jesus-maria-tuvo-80-burbujas-educativas-aisladas","status":"publish","type":"post","link":"http:\/\/hoycordobaweb.com\/index.php\/2021\/05\/19\/desde-el-inicio-de-clases-jesus-maria-tuvo-80-burbujas-educativas-aisladas\/","title":{"rendered":"Desde el inicio de clases, Jes\u00fas Mar\u00eda tuvo 80 burbujas educativas aisladas"},"content":{"rendered":"<p>Este n\u00famero representa al 11 por ciento de la poblaci\u00f3n escolar de la ciudad entre alumnos y personal docente. Ninguno de los contagios se dio dentro del \u00e1mbito educativo, sino por contactos estrechos ajenos al colegio.<img src=\"http:\/\/hoycordobaweb.com\/wp-content\/uploads\/2021\/05\/desde-el-inicio-de-clases-jesus-maria-tuvo-80-burbujas-educativas-aisladas.jpg\"><\/p>\n","protected":false},"excerpt":{"rendered":"<p>Este n\u00famero representa al 11 por ciento de la poblaci\u00f3n escolar de la ciudad entre alumnos y personal docente. Ninguno de los contagios se dio dentro del \u00e1mbito educativo, sino por contactos estrechos ajenos al colegio.<\/p>\n","protected":false},"author":1,"featured_media":20583,"comment_status":"closed","ping_status":"closed","sticky":false,"template":"","format":"standard","meta":[],"categories":[18],"tags":[],"_links":{"self":[{"href":"http:\/\/hoycordobaweb.com\/index.php\/wp-json\/wp\/v2\/posts\/20582"}],"collection":[{"href":"http:\/\/hoycordobaweb.com\/index.php\/wp-json\/wp\/v2\/posts"}],"about":[{"href":"http:\/\/hoycordobaweb.com\/index.php\/wp-json\/wp\/v2\/types\/post"}],"author":[{"embeddable":true,"href":"http:\/\/hoycordobaweb.com\/index.php\/wp-json\/wp\/v2\/users\/1"}],"replies":[{"embeddable":true,"href":"http:\/\/hoycordobaweb.com\/index.php\/wp-json\/wp\/v2\/comments?post=20582"}],"version-history":[{"count":0,"href":"http:\/\/hoycordobaweb.com\/index.php\/wp-json\/wp\/v2\/posts\/20582\/revisions"}],"wp:featuredmedia":[{"embeddable":true,"href":"http:\/\/hoycordobaweb.com\/index.php\/wp-json\/wp\/v2\/media\/20583"}],"wp:attachment":[{"href":"http:\/\/hoycordobaweb.com\/index.php\/wp-json\/wp\/v2\/media?parent=20582"}],"wp:term":[{"taxonomy":"category","embeddable":true,"href":"http:\/\/hoycordobaweb.com\/index.php\/wp-json\/wp\/v2\/categories?post=20582"},{"taxonomy":"post_tag","embeddable":true,"href":"http:\/\/hoycordobaweb.com\/index.php\/wp-json\/wp\/v2\/tags?post=20582"}],"curies":[{"name":"wp","href":"https:\/\/api.w.org\/{rel}","templated":true}]}}