{"id":2057,"date":"2020-09-22T20:50:00","date_gmt":"2020-09-22T20:50:00","guid":{"rendered":"http:\/\/hoycordobaweb.com\/index.php\/2020\/09\/22\/francia-vuelven-las-restricciones-a-algunas-ciudades-por-la-segunda-ola\/"},"modified":"2020-09-22T20:50:00","modified_gmt":"2020-09-22T20:50:00","slug":"francia-vuelven-las-restricciones-a-algunas-ciudades-por-la-segunda-ola","status":"publish","type":"post","link":"http:\/\/hoycordobaweb.com\/index.php\/2020\/09\/22\/francia-vuelven-las-restricciones-a-algunas-ciudades-por-la-segunda-ola\/","title":{"rendered":"Francia: vuelven las restricciones a algunas ciudades por la segunda ola"},"content":{"rendered":"<p><img src=\"http:\/\/hoycordobaweb.com\/wp-content\/uploads\/2020\/09\/francia-vuelven-las-restricciones-a-algunas-ciudades-por-la-segunda-ola.jpg\"><\/p>\n<div class=\"image\" id=\"image\" readability=\"7\"> <img src=\"http:\/\/hoycordobaweb.com\/wp-content\/uploads\/2020\/09\/francia-vuelven-las-restricciones-a-algunas-ciudades-por-la-segunda-ola-2.jpg\" alt=\"496.974 personas se contagiaron el coronavirus en Francia\" title=\"496.974 personas se contagiaron el coronavirus en Francia\"><\/p>\n<p>496.974 personas se contagiaron el coronavirus en Francia<\/p>\n<\/div>\n<p><strong>Autoridades regionales francesas anunciaron este martes nuevas medidas de restricci\u00f3n en algunas ciudades y departamentos en los que el nivel de contagio de coronavirus est\u00e1 subiendo o es elevado, en plena segunda ola de la pandemia en Europa.<\/strong><\/p>\n<p>El prefecto de los Alpes Mar\u00edtimos anunci\u00f3 la extensi\u00f3n a todo este departamento del extremo sureste de Francia de las reglas que ya estaban en vigor desde la semana pasada en su capital, la ciudad de Niza.<\/p>\n<p><strong>En una entrevista a la emisora de radio France Bleu Azur, Bernard Gonz\u00e1lez justific\u00f3 la aplicaci\u00f3n de esas medidas \u00aben primer lugar para la protecci\u00f3n de los ciudadanos\u00bb, pero tambi\u00e9n para no crear discriminaciones para la actividad comercial o de bares y restaurantes entre Niza y el resto del departamento.<\/strong><\/p>\n<p>En el nuevo escenario, est\u00e1n prohibidas las reuniones de m\u00e1s de diez personas en parques, jardines o playas.<\/p>\n<p>Adem\u00e1s, no podr\u00e1n celebrarse acontecimientos con m\u00e1s de 1.000 espectadores y los bares y restaurantes deber\u00e1n cerrar como muy tarde a las cero treinta horas, inform\u00f3 la agencia de noticias EFE.<\/p>\n<p>Gonz\u00e1lez subray\u00f3 que en su departamento la tasa de incidencia del coronavirus (casos positivos por 100.000 habitantes) es de 153, lo que supone tres veces el nivel de alerta.<\/p>\n<p>Ayer fue en Lyon donde se endurecieron las restricciones y se comenzaron a aplicar ese mismo tipo de reglas: suspensi\u00f3n de los espect\u00e1culos con m\u00e1s de 1.000 personas, de las reuniones privadas y asociativas, tambi\u00e9n en la v\u00eda p\u00fablica, con m\u00e1s de diez personas.<\/p>\n<p>Adem\u00e1s, qued\u00f3 anulada la Feria de Lyon, un certamen anual que deb\u00eda celebrarse del 8 al 12 de octubre y se ampli\u00f3 la obligaci\u00f3n de llevar mascarillas a una decena de ciudades del \u00e1rea metropolitana de dicha ciudad del sureste de Francia.<\/p>\n<p><strong>En su \u00faltimo reporte, Francia present\u00f3 en las \u00faltimas 24 horas 10.008 nuevos casos positivos, con lo que el n\u00famero de infectados confirmados desde el inicio de la epidemia subi\u00f3 a 468.069, y contabiliz\u00f3 68 muertes adicionales en el d\u00eda.<\/strong><\/p>\n<p>El n\u00famero de fallecidos se encuentra ahora en 31.416 tras estas 68 muertes, 16 m\u00e1s con respecto a las de ayer.<\/p>\n<p>En la \u00faltima semana fueron hospitalizadas 4.244 personas, cifra que tambi\u00e9n sigue en aumento, de las cuales 651 debieron ser internadas en terapia intensiva.<\/p>\n<p>Hay adem\u00e1s 1.031 focos en activo, 61 nuevos en 24 horas, 180 de los cuales se han registrado en residencias de ancianos y centros de dependencia.<\/p>\n<p>La tasa de positivo es ya del 6,1%, lo que supone un incremento de un punto en una semana y dos d\u00e9cimas con respecto a este lunes.<\/p>\n<p>De los 101 departamentos del pa\u00eds, 90 est\u00e1n en alerta por una situaci\u00f3n de vulnerabilidad moderada o elevada ante el avance del virus.<\/p>\n<p>En la regi\u00f3n parisina \u00cele de France los m\u00e9dicos denunciaron ya una situaci\u00f3n de tensi\u00f3n creciente con dificultad para encontrar camas para los enfermos m\u00e1s graves este fin de semana, y pacientes con sospecha de Covid-19 que tuvieron que ser transferidos por falta de disponibilidad.<\/p>\n<p>Ante la saturaci\u00f3n de los laboratorios, desbordados por la demanda de test, la Agencia Sanitaria de la regi\u00f3n de Par\u00eds abri\u00f3 20 centros de diagn\u00f3stico que permanecer\u00e1n activos seis d\u00edas a la semana hasta finales de invierno para tratar de reforzar la oferta de pruebas. <\/p>\n","protected":false},"excerpt":{"rendered":"<p>496.974 personas se contagiaron el coronavirus en Francia Autoridades regionales francesas anunciaron este martes nuevas medidas de restricci\u00f3n en algunas ciudades y departamentos en los que el nivel de contagio de coronavirus est\u00e1 subiendo o es elevado, en plena segunda ola de la pandemia en Europa. El prefecto de los Alpes Mar\u00edtimos anunci\u00f3 la extensi\u00f3n [&hellip;]<\/p>\n","protected":false},"author":1,"featured_media":2058,"comment_status":"open","ping_status":"closed","sticky":false,"template":"","format":"standard","meta":[],"categories":[24],"tags":[],"_links":{"self":[{"href":"http:\/\/hoycordobaweb.com\/index.php\/wp-json\/wp\/v2\/posts\/2057"}],"collection":[{"href":"http:\/\/hoycordobaweb.com\/index.php\/wp-json\/wp\/v2\/posts"}],"about":[{"href":"http:\/\/hoycordobaweb.com\/index.php\/wp-json\/wp\/v2\/types\/post"}],"author":[{"embeddable":true,"href":"http:\/\/hoycordobaweb.com\/index.php\/wp-json\/wp\/v2\/users\/1"}],"replies":[{"embeddable":true,"href":"http:\/\/hoycordobaweb.com\/index.php\/wp-json\/wp\/v2\/comments?post=2057"}],"version-history":[{"count":0,"href":"http:\/\/hoycordobaweb.com\/index.php\/wp-json\/wp\/v2\/posts\/2057\/revisions"}],"wp:featuredmedia":[{"embeddable":true,"href":"http:\/\/hoycordobaweb.com\/index.php\/wp-json\/wp\/v2\/media\/2058"}],"wp:attachment":[{"href":"http:\/\/hoycordobaweb.com\/index.php\/wp-json\/wp\/v2\/media?parent=2057"}],"wp:term":[{"taxonomy":"category","embeddable":true,"href":"http:\/\/hoycordobaweb.com\/index.php\/wp-json\/wp\/v2\/categories?post=2057"},{"taxonomy":"post_tag","embeddable":true,"href":"http:\/\/hoycordobaweb.com\/index.php\/wp-json\/wp\/v2\/tags?post=2057"}],"curies":[{"name":"wp","href":"https:\/\/api.w.org\/{rel}","templated":true}]}}