{"id":20514,"date":"2021-05-18T13:35:57","date_gmt":"2021-05-18T13:35:57","guid":{"rendered":"http:\/\/manoamanocba.com.ar\/?p=4422"},"modified":"2021-05-18T13:35:57","modified_gmt":"2021-05-18T13:35:57","slug":"la-insoportable-levedad-de-los-ministros-argentinos-de-economia","status":"publish","type":"post","link":"http:\/\/hoycordobaweb.com\/index.php\/2021\/05\/18\/la-insoportable-levedad-de-los-ministros-argentinos-de-economia\/","title":{"rendered":"La insoportable levedad de los ministros argentinos de Econom\u00eda"},"content":{"rendered":"<p>Los ministros de Econom\u00eda argentinos son como globos, siempre est\u00e1n flotando en el aire, se desinflan r\u00e1pidamente y, m\u00e1s de una vez, explotan al primer toque.<\/p>\n<p>Hoy le toca al ministro de Econom\u00eda Mart\u00edn Guzm\u00e1n, quien se encuentra a merced de los vientos por una combinaci\u00f3n de motivos, propios y ajenos.<\/p>\n<p>En mayo de 2021 su autoridad fue puesta en tela de juicio cuando no pudo despedir al subsecretario de Energ\u00eda, Federico Basualdo, pese a que contaba a su favor con el visto bueno del presidente Alberto Fern\u00e1ndez.<\/p>\n<p>Pero el funcionario de segundo nivel sigui\u00f3 firme en su cargo, apoyado por La C\u00e1mpora y por la vicepresidenta Cristina Fern\u00e1ndez, por esas cosas que tiene el original esquema de poder votado por los argentinos en 2019.<\/p>\n<h3><span>Heridas para un ministro<\/span><\/h3>\n<p>La desautorizaci\u00f3n del ministro tuvo otros cap\u00edtulos. No s\u00f3lo le prohibieron aumentar las tarifas al nivel en que \u00e9l lo hab\u00eda previsto en el presupuesto nacional, sino que desde el propio oficialismo intentaron limitarle la libertad para decidir sobre los fondos especiales que liberar\u00eda el FMI.<\/p>\n<p>El ministro quer\u00eda usar esos miles de millones de d\u00f3lares extra para pagar deuda, pero un sector de la alianza de gobierno le se\u00f1al\u00f3 el calendario y le record\u00f3 que a fin de 2021 hay elecciones nacionales legislativas, que ser\u00eda bueno ganarlas, y que aquel dinero tendr\u00eda mejor destino si se usaba para engordar la masa de subsidios y ayudas que puedan ablandar las voluntades en el d\u00eda de los comicios.<\/p>\n<p>En medio del actual derrumbe econ\u00f3mico, en plena pandemia y en un a\u00f1o de elecciones, los planes de Mart\u00edn Guzm\u00e1n fueron heridos seriamente.<\/p>\n<p>Su pron\u00f3stico de inflaci\u00f3n del 29 por ciento anual se evapor\u00f3 en el aire, el presupuesto que le aprob\u00f3 el Congreso pas\u00f3 a ser ciencia ficci\u00f3n, y la negociaci\u00f3n fundamental de un acuerdo con el FMI por la deuda se vio obstaculizada por el propio gobierno que \u00e9l integra.<\/p>\n<p>Como sea, todas esas no fueron m\u00e1s que las primeras se\u00f1ales claras que recordaron que el devenir de Guzm\u00e1n como ministro estaba limitado en el tiempo. Que \u00e9l tampoco, como muchos de sus antecesores, parec\u00eda haber sido elegido por las estrellas para terminar en el cargo a lo largo de toda una gesti\u00f3n presidencial.<\/p>\n<h3><span>Rumbo al ministro 128<\/span><\/h3>\n<p>Cuando Guzm\u00e1n, en el momento que sea, termine dejando el Ministerio, Argentina ver\u00e1 llegar al ministro de Econom\u00eda n\u00famero 128 de su historia.<\/p>\n<p>El cargo de ministro de Econom\u00eda es el m\u00e1s inseguro y menos durable que tiene la pol\u00edtica argentina.<\/p>\n<p>Guzm\u00e1n es el ministro de Econom\u00eda 127 de la historia y el ministro n\u00famero 25 desde el retorno de la democracia en 1983.<\/p>\n<p>La cartera de Econom\u00eda fue creada hace casi 170 a\u00f1os, en 1854, y aunque nos resulte sorpresivo ahora, todos los primeros ministros de econom\u00eda fueron abogados. Reci\u00e9n con el arribo del peronismo all\u00e1 por 1946 llegaron los primeros ministros con formaci\u00f3n econ\u00f3mica.<\/p>\n<p>La persona que es nombrada ministro de econom\u00eda en la Argentina dura muy poco en el cargo, lo que es un indicador de que hace 70 a\u00f1os estamos en un carrusel de crisis econ\u00f3mica tras crisis econ\u00f3mica. Nunca tenemos la suerte de enganchar la sortija.<\/p>\n<p>Hablemos de r\u00e9cords: el ministro de Econom\u00eda que menos dur\u00f3 en el cargo fue Miguel \u00c1ngel Roig, ministro del presidente Carlos Menem, quien a los siete d\u00edas de asumir muri\u00f3 de un infarto, en 1989.<\/p>\n<p>En el otro extremo, el ministro que m\u00e1s dur\u00f3 en funciones fue el cordob\u00e9s Domingo Cavallo, tambi\u00e9n ministro de Menem y del presidente Fernando De la R\u00faa. Estuvo 2.287 d\u00edas a lo largo de sus dos mandatos.<\/p>\n<p>S\u00f3lo hubo otra persona que fue dos veces ministro de Econom\u00eda. Fue Roberto Lavagna, quien se desempe\u00f1\u00f3 con los presidentes Eduardo Duhalde y N\u00e9stor Kirchner.<\/p>\n<h3><span>Vidas breves<\/span><\/h3>\n<p>Los ministros argentinos duran, en promedio, solamente 14 meses en el cargo, as\u00ed que el ministro Mart\u00edn Guzm\u00e1n, que asumi\u00f3 en diciembre de 2019, por lo menos super\u00f3 el promedio de sus predecesores.<\/p>\n<p>El nombre del ministerio fue cambiando con los gobiernos. Se llam\u00f3 ministerio de hacienda, de finanzas, de econom\u00eda y trabajo, de econom\u00eda y servicios p\u00fablicos, etc\u00e9tera. Hasta hubo un presidente que lo redujo a ser secretar\u00eda. Fue Adolfo Rodr\u00edguez Sa\u00e1, quien apenas dur\u00f3 siete d\u00edas en su inolvidable presidencia.<\/p>\n<p>Si Guzm\u00e1n se va, se ir\u00e1 tambi\u00e9n la promesa de Alberto Fern\u00e1ndez de ser el presidente que ten\u00eda como prioridad acordar con el Fondo Monetario e integrar a la Argentina en el mercado internacional. Lo que queda es, otra vez, un pa\u00eds con cifras que marcan la profundizaci\u00f3n de la pobreza y con un gobierno que s\u00f3lo aspira, a cualquier precio, a mantenerse en el poder.<\/p>\n<p>*Periodista de la secci\u00f3n dominguera Primer Plano. Profesor de Investigaci\u00f3n Period\u00edstica. Coordinador de Informes Especiales en La Voz del Interior. Autor de los libros \u00abLa Sagrada Familia\u00bb, sobre corrupci\u00f3n en el Poder Judicial y \u00abEl reino de los Ju\u00e1rez\u00bb, sobre Santiago del Estero.<\/p>\n<p><a href=\"http:\/\/hoycordobaweb.com\/wp-content\/uploads\/2021\/05\/la-insoportable-levedad-de-los-ministros-argentinos-de-economia.jpg\"><img loading=\"lazy\" class=\"aligncenter wp-image-4298\" src=\"http:\/\/hoycordobaweb.com\/wp-content\/uploads\/2021\/05\/la-insoportable-levedad-de-los-ministros-argentinos-de-economia.jpg\" alt width=\"355\" height=\"173\" srcset=\"http:\/\/hoycordobaweb.com\/wp-content\/uploads\/2021\/05\/la-insoportable-levedad-de-los-ministros-argentinos-de-economia.jpg 1280w, http:\/\/hoycordobaweb.com\/wp-content\/uploads\/2021\/05\/la-insoportable-levedad-de-los-ministros-argentinos-de-economia-1.jpg 300w, http:\/\/hoycordobaweb.com\/wp-content\/uploads\/2021\/05\/la-insoportable-levedad-de-los-ministros-argentinos-de-economia-2.jpg 1024w, http:\/\/hoycordobaweb.com\/wp-content\/uploads\/2021\/05\/la-insoportable-levedad-de-los-ministros-argentinos-de-economia-3.jpg 768w\" sizes=\"(max-width: 355px) 100vw, 355px\"><\/a><\/p>\n","protected":false},"excerpt":{"rendered":"<p>Los ministros de Econom\u00eda argentinos son como globos, siempre est\u00e1n flotando en el aire, se desinflan r\u00e1pidamente y, m\u00e1s de una vez, explotan al primer toque. Hoy le toca al ministro de Econom\u00eda Mart\u00edn Guzm\u00e1n, quien se encuentra a merced de los vientos por una combinaci\u00f3n de motivos, propios y ajenos. En mayo de 2021 [&hellip;]<\/p>\n","protected":false},"author":1,"featured_media":20515,"comment_status":"closed","ping_status":"closed","sticky":false,"template":"","format":"standard","meta":[],"categories":[19],"tags":[],"_links":{"self":[{"href":"http:\/\/hoycordobaweb.com\/index.php\/wp-json\/wp\/v2\/posts\/20514"}],"collection":[{"href":"http:\/\/hoycordobaweb.com\/index.php\/wp-json\/wp\/v2\/posts"}],"about":[{"href":"http:\/\/hoycordobaweb.com\/index.php\/wp-json\/wp\/v2\/types\/post"}],"author":[{"embeddable":true,"href":"http:\/\/hoycordobaweb.com\/index.php\/wp-json\/wp\/v2\/users\/1"}],"replies":[{"embeddable":true,"href":"http:\/\/hoycordobaweb.com\/index.php\/wp-json\/wp\/v2\/comments?post=20514"}],"version-history":[{"count":0,"href":"http:\/\/hoycordobaweb.com\/index.php\/wp-json\/wp\/v2\/posts\/20514\/revisions"}],"wp:featuredmedia":[{"embeddable":true,"href":"http:\/\/hoycordobaweb.com\/index.php\/wp-json\/wp\/v2\/media\/20515"}],"wp:attachment":[{"href":"http:\/\/hoycordobaweb.com\/index.php\/wp-json\/wp\/v2\/media?parent=20514"}],"wp:term":[{"taxonomy":"category","embeddable":true,"href":"http:\/\/hoycordobaweb.com\/index.php\/wp-json\/wp\/v2\/categories?post=20514"},{"taxonomy":"post_tag","embeddable":true,"href":"http:\/\/hoycordobaweb.com\/index.php\/wp-json\/wp\/v2\/tags?post=20514"}],"curies":[{"name":"wp","href":"https:\/\/api.w.org\/{rel}","templated":true}]}}