{"id":20512,"date":"2021-05-18T15:53:20","date_gmt":"2021-05-18T15:53:20","guid":{"rendered":"http:\/\/ladecimaweb.com\/?p=9671"},"modified":"2021-05-18T15:53:20","modified_gmt":"2021-05-18T15:53:20","slug":"alberto-fernandez-descarto-una-vuelta-a-fase-1-y-critico-el-relajamiento-de-cordoba-y-caba","status":"publish","type":"post","link":"http:\/\/hoycordobaweb.com\/index.php\/2021\/05\/18\/alberto-fernandez-descarto-una-vuelta-a-fase-1-y-critico-el-relajamiento-de-cordoba-y-caba\/","title":{"rendered":"Alberto Fern\u00e1ndez descart\u00f3 una vuelta a Fase 1, y critic\u00f3 el \u201crelajamiento\u201d de C\u00f3rdoba y CABA"},"content":{"rendered":"<p><em>(Agencia T\u00e9lam)<\/em> El presidente Alberto Fern\u00e1ndez dijo este martes que en los &#8220;t\u00e9rminos&#8221; en los que se presenta actualmente la evoluci\u00f3n de la pandemia de coronavirus, <strong>&#8220;van a seguir las restricciones&#8221;<\/strong> m\u00e1s all\u00e1 de este viernes, cuando vencen las actuales medidas, aunque <strong>descart\u00f3 de plano un regreso a Fase 1 y lament\u00f3 &#8220;el tiempo que han perdido&#8221; distritos como la ciudad de Buenos Aires y C\u00f3rdoba al no adoptar algunas de esas decisiones.<\/strong><\/p>\n<p>&#8220;En estos t\u00e9rminos, van a seguir las restricciones&#8221; frente a la segunda ola de coronavirus, anticip\u00f3 el mandatario en declaraciones formuladas a Radio 10, en las que, no obstante, aclar\u00f3 que no habr\u00e1 una vuelta a Fase 1, incluso &#8220;por un tema sociol\u00f3gico&#8221;, y reclam\u00f3 a las jurisdicciones que &#8220;se hagan cargo&#8221; de la situaci\u00f3n.<\/p>\n<p>&#8220;Me parece que, en estos t\u00e9rminos, debemos seguir&#8221; con las restricciones, asever\u00f3 el Presidente, con vistas al vencimiento este viernes del \u00faltimo decreto de necesidad y urgencia que estableci\u00f3 las restricciones que rigen actualmente para mitigar la propagaci\u00f3n de la segunda ola de coronavirus.<\/p>\n<p>En esa l\u00ednea, sostuvo que &#8220;todos estamos cansados, angustiados, pero es lo que nos toca vivir, y lo que m\u00e1s queremos es vivir y dejar de hacer pol\u00edtica por la pandemia&#8221;.<\/p>\n<p>Cuando fue consultado sobre la posibilidad de que<strong> el gobernador cordob\u00e9s, Juan Schiaretti, y el jefe de Gobierno porte\u00f1o, Horacio Rodr\u00edguez Larreta,<\/strong> est\u00e9n analizando aplicar aplicar en esta oportunidad, a diferencia de la anterior, las nuevas restricciones, el Presidente dijo: <strong>&#8220;Lamento el tiempo que han perdido&#8221;.<\/strong><\/p>\n<p>En ese marco, Fern\u00e1ndez agreg\u00f3 que es &#8220;muy respetuoso de las libertades individuales&#8221; y enfatiz\u00f3:<strong>\u00a0&#8220;Algo que no he querido es restringir la circulaci\u00f3n, pero no hay otro modo de resolver el tema que no sea \u00e9ste&#8221;<\/strong>.<\/p>\n<p>De todos modos, asegur\u00f3 que &#8220;a Fase 1 no se vuelve&#8221; y le pidi\u00f3 a las autoridades de cada jurisdicci\u00f3n que &#8220;vuelvan a poner los controles&#8221; ante un cierto relajamiento de la poblaci\u00f3n frente a las medidas necesarias para evitar los contagios.<\/p>\n<p>&#8220;Lo que pido es que se entienda lo que est\u00e1 pasando y <strong>que se hagan cargo de esta mayor cantidad de casos,<\/strong> que es el resultado de decir que la vida siga como si no pasara nada&#8221;, sostuvo el mandatario.<\/p>\n<p>En ese sentido, Fern\u00e1ndez insisti\u00f3 en que &#8220;hay una pandemia, un virus que nos contagia y nos mata, y nos tiene que doler el n\u00famero de 500 personas muertas en un d\u00eda, y tenemos que llamar a la reflexi\u00f3n porque no nos estamos cuidando&#8221;.<\/p>\n<p>En ese marco, respecto de las restricciones, record\u00f3 que la semana pasada, durante su gira europea y en Par\u00eds, se fue &#8220;caminando desde el hotel a las 11 de la ma\u00f1ana hasta la torre Eiffel&#8221; y sostuvo que, en el trayecto de &#8220;25 cuadras&#8221; no encontr\u00f3 &#8220;un bar donde comprar un caf\u00e9&#8221;.<\/p>\n<p>Respeto de diferencias con Rodr\u00edguez Larreta, explic\u00f3:<strong>\u00a0&#8220;Siempre digo lo mismo, le dije a Horacio que si en el colegio no se contagian, si en los restaurants, los bares y cines no se contagian, \u00bfd\u00f3nde se contagian?&#8221;<\/strong>.<\/p>\n<p>Record\u00f3 adem\u00e1s que, cuando tom\u00f3 la decisi\u00f3n de disponer nuevas restricciones, \u00e9l mismo &#8220;acababa de salir del Covid (por su contagio el abril \u00faltimo), y habl\u00e9 con los infect\u00f3logos, y todos me dec\u00edan que hab\u00edamos adquirido un ritmo con el que \u00edbamos a llegar a 40 mil contagios diarios&#8221;.<\/p>\n<p>&#8220;Durante d\u00edas no dorm\u00ed pensando en eso, y tuvimos uno de los d\u00edas 29 mil, y sal\u00ed decidido a decir que se cortaban las clases presenciales y la circulaci\u00f3n desde las 8 de la noche, pero me criticaron y me llevaron a la Corte, a la que le hicieron decir lo que le hicieron decir&#8221;, concluy\u00f3 el mandatario.<\/p>\n<div class=\"btn_externos\">\n<div class=\"ubm_banner\"><a href=\"https:\/\/www.youtube.com\/watch?v=4MQW8zM648g\" target=\"_blank\" rel=\"dofollow noopener noreferrer\"><img src=\"http:\/\/hoycordobaweb.com\/wp-content\/uploads\/2021\/05\/alberto-fernandez-descarto-una-vuelta-a-fase-1-y-critico-el-relajamiento-de-cordoba-y-caba.gif\" alt=\"\"><\/a><\/div>\n<\/div>\n<p>La entrada <a rel=\"nofollow\" href=\"https:\/\/ladecimaweb.com\/alberto-fernandez-descarto-una-vuelta-a-fase-1-y-critico-el-relajamiento-de-cordoba-y-caba\/\">Alberto Fern\u00e1ndez descart\u00f3 una vuelta a Fase 1, y critic\u00f3 el &#8220;relajamiento&#8221; de C\u00f3rdoba y CABA<\/a> se public\u00f3 primero en <a rel=\"nofollow\" href=\"https:\/\/ladecimaweb.com\">LaDecima<\/a>.<\/p>\n","protected":false},"excerpt":{"rendered":"<p>(Agencia T\u00e9lam) El presidente Alberto Fern\u00e1ndez dijo este martes que en los &#8220;t\u00e9rminos&#8221; en los que se presenta actualmente la evoluci\u00f3n de la pandemia de coronavirus, &#8220;van a seguir las restricciones&#8221; m\u00e1s all\u00e1 de este viernes, cuando vencen las actuales medidas, aunque descart\u00f3 de plano un regreso a Fase 1 y lament\u00f3 &#8220;el tiempo que [&hellip;]<\/p>\n","protected":false},"author":1,"featured_media":20513,"comment_status":"closed","ping_status":"closed","sticky":false,"template":"","format":"standard","meta":[],"categories":[19],"tags":[],"_links":{"self":[{"href":"http:\/\/hoycordobaweb.com\/index.php\/wp-json\/wp\/v2\/posts\/20512"}],"collection":[{"href":"http:\/\/hoycordobaweb.com\/index.php\/wp-json\/wp\/v2\/posts"}],"about":[{"href":"http:\/\/hoycordobaweb.com\/index.php\/wp-json\/wp\/v2\/types\/post"}],"author":[{"embeddable":true,"href":"http:\/\/hoycordobaweb.com\/index.php\/wp-json\/wp\/v2\/users\/1"}],"replies":[{"embeddable":true,"href":"http:\/\/hoycordobaweb.com\/index.php\/wp-json\/wp\/v2\/comments?post=20512"}],"version-history":[{"count":0,"href":"http:\/\/hoycordobaweb.com\/index.php\/wp-json\/wp\/v2\/posts\/20512\/revisions"}],"wp:featuredmedia":[{"embeddable":true,"href":"http:\/\/hoycordobaweb.com\/index.php\/wp-json\/wp\/v2\/media\/20513"}],"wp:attachment":[{"href":"http:\/\/hoycordobaweb.com\/index.php\/wp-json\/wp\/v2\/media?parent=20512"}],"wp:term":[{"taxonomy":"category","embeddable":true,"href":"http:\/\/hoycordobaweb.com\/index.php\/wp-json\/wp\/v2\/categories?post=20512"},{"taxonomy":"post_tag","embeddable":true,"href":"http:\/\/hoycordobaweb.com\/index.php\/wp-json\/wp\/v2\/tags?post=20512"}],"curies":[{"name":"wp","href":"https:\/\/api.w.org\/{rel}","templated":true}]}}