{"id":20493,"date":"2021-05-18T21:21:00","date_gmt":"2021-05-18T21:21:00","guid":{"rendered":"http:\/\/hoycordobaweb.com\/index.php\/2021\/05\/18\/esperaba-mas-de-mi-admitio-federer-tras-perder-en-su-regreso-al-circuito\/"},"modified":"2021-05-18T21:21:00","modified_gmt":"2021-05-18T21:21:00","slug":"esperaba-mas-de-mi-admitio-federer-tras-perder-en-su-regreso-al-circuito","status":"publish","type":"post","link":"http:\/\/hoycordobaweb.com\/index.php\/2021\/05\/18\/esperaba-mas-de-mi-admitio-federer-tras-perder-en-su-regreso-al-circuito\/","title":{"rendered":"\u00abEsperaba m\u00e1s de m\u00ed\u00bb, admiti\u00f3 Federer tras perder en su regreso al circuito"},"content":{"rendered":"<p><img src=\"http:\/\/hoycordobaweb.com\/wp-content\/uploads\/2021\/05\/esperaba-mas-de-mi-admitio-federer-tras-perder-en-su-regreso-al-circuito.jpg\"><\/p>\n<div class=\"image\" id=\"image\" readability=\"7\"> <img src=\"http:\/\/hoycordobaweb.com\/wp-content\/uploads\/2021\/05\/esperaba-mas-de-mi-admitio-federer-tras-perder-en-su-regreso-al-circuito-2.jpg\" alt=\"Roger Federer cumplir\u00e1 40 a\u00f1os el pr\u00f3ximo 8 de agosto.\" title=\"Roger Federer cumplir\u00e1 40 a\u00f1os el pr\u00f3ximo 8 de agosto.\"><\/p>\n<p>Roger Federer cumplir\u00e1 40 a\u00f1os el pr\u00f3ximo 8 de agosto.<\/p>\n<\/div>\n<p>El suizo Roger Federer, uno de los mejores tenistas de todos los tiempos, reapareci\u00f3 este martes en el ATP de Ginebra despu\u00e9s de varios meses alejado del circuito y perdi\u00f3 en su debut frente al espa\u00f1ol Pablo And\u00fajar por 6-4, 4-6 y 6-4.<\/p>\n<p>\u00abEsperaba m\u00e1s de m\u00ed\u00bb, asegur\u00f3 Federer, de 39 a\u00f1os y actual n\u00famero 5 del mundo, quien no jugaba sobre polvo de ladrillo desde la edici\u00f3n 2019 de Roland Garros, cuando perdi\u00f3 en semifinales con el espa\u00f1ol Rafael Nadal.<\/p>\n<p><strong>Exactamente 712 d\u00edas despu\u00e9s<\/strong>, el \u00eddolo suizo mostr\u00f3 un buen nivel ante And\u00fajar (59) por la segunda ronda del torneo de Ginebra, aunque no pudo imponerse en una hora y 51 minutos de juego.<\/p>\n<p><strong>\u00abEs bueno estar de vuelta en la cancha<\/strong>, pero despu\u00e9s perd\u00e9s un partido como este y est\u00e1s abajo. Nunca se siente bien. Ten\u00eda muchas ganas de jugar aqu\u00ed, de eso no hay duda\u00bb, declar\u00f3 Federer en conferencia de prensa.<\/p>\n<p>\u00abHubo momentos en los que estaba realmente feliz de entretener al p\u00fablico y pensando en el largo camino que recorr\u00ed para volver. Claro, es gratificante estar de regreso en una cancha de tenis. Pero espero algo mejor de m\u00ed mismo. Siento que en los entrenamientos he jugado mejor, incluso en los entrenamientos aqu\u00ed. Pero los partidos son algo diferente\u00bb, agreg\u00f3.<\/p>\n<p><strong>El de este martes fue el tercer partido en 15 meses de Federer, tras dos operaciones de rodilla. <\/strong>Roger hab\u00eda jugado por \u00faltima vez en marzo de este a\u00f1o, en Doha, donde alcanz\u00f3 los cuartos de final.<\/p>\n<p>Ya vacunado contra el coronaviruszer, el ganador de 103 t\u00edtulos de la ATP (entre ellos 20 torneos de Grand Slam) regres\u00f3 a Ginebra como m\u00e1ximo favorito. \u00abOjal\u00e1 hubiera podido quedarme y jugar algunos partidos m\u00e1s para la gente de aqu\u00ed porque el ambiente es muy bueno, considerando las circunstancias, y<strong> todos parec\u00edan muy felices de verme aqu\u00ed<\/strong>\u00ab, se lament\u00f3 el suizo.<\/p>\n<p>Entre los objetivos del ex N\u00b01, en el a\u00f1o que cumple 40, est\u00e1n su \u00faltimo Wimbledon (su torneo favorito sobre su superficie predilecta, el c\u00e9sped) y los Juegos Ol\u00edmpicos de Tokio 2020.<\/p>\n<p>En este mismo torneo de Ginebra, con premios por 481.270 euros, <strong>Guido Pella -\u00fanico argentino en el cuadro principal- extendi\u00f3 su racha negativa<\/strong> en la temporada 2021 y qued\u00f3 eliminado en la ronda inicial frente al italiano Fabio Fognini por 6-2 y 6-2.<\/p>\n<p>El bahiense Pella, ubicado en el puesto 44 del ranking mundial de la ATP, perdi\u00f3 con Fognini (17) luego de una hora y cinco minutos de juego, y ahora qued\u00f3 abajo en el historial por 3-2 con el tenista nacido en San Remo. <\/p>\n","protected":false},"excerpt":{"rendered":"<p>Roger Federer cumplir\u00e1 40 a\u00f1os el pr\u00f3ximo 8 de agosto. El suizo Roger Federer, uno de los mejores tenistas de todos los tiempos, reapareci\u00f3 este martes en el ATP de Ginebra despu\u00e9s de varios meses alejado del circuito y perdi\u00f3 en su debut frente al espa\u00f1ol Pablo And\u00fajar por 6-4, 4-6 y 6-4. \u00abEsperaba m\u00e1s [&hellip;]<\/p>\n","protected":false},"author":1,"featured_media":20494,"comment_status":"open","ping_status":"closed","sticky":false,"template":"","format":"standard","meta":[],"categories":[16],"tags":[],"_links":{"self":[{"href":"http:\/\/hoycordobaweb.com\/index.php\/wp-json\/wp\/v2\/posts\/20493"}],"collection":[{"href":"http:\/\/hoycordobaweb.com\/index.php\/wp-json\/wp\/v2\/posts"}],"about":[{"href":"http:\/\/hoycordobaweb.com\/index.php\/wp-json\/wp\/v2\/types\/post"}],"author":[{"embeddable":true,"href":"http:\/\/hoycordobaweb.com\/index.php\/wp-json\/wp\/v2\/users\/1"}],"replies":[{"embeddable":true,"href":"http:\/\/hoycordobaweb.com\/index.php\/wp-json\/wp\/v2\/comments?post=20493"}],"version-history":[{"count":0,"href":"http:\/\/hoycordobaweb.com\/index.php\/wp-json\/wp\/v2\/posts\/20493\/revisions"}],"wp:featuredmedia":[{"embeddable":true,"href":"http:\/\/hoycordobaweb.com\/index.php\/wp-json\/wp\/v2\/media\/20494"}],"wp:attachment":[{"href":"http:\/\/hoycordobaweb.com\/index.php\/wp-json\/wp\/v2\/media?parent=20493"}],"wp:term":[{"taxonomy":"category","embeddable":true,"href":"http:\/\/hoycordobaweb.com\/index.php\/wp-json\/wp\/v2\/categories?post=20493"},{"taxonomy":"post_tag","embeddable":true,"href":"http:\/\/hoycordobaweb.com\/index.php\/wp-json\/wp\/v2\/tags?post=20493"}],"curies":[{"name":"wp","href":"https:\/\/api.w.org\/{rel}","templated":true}]}}