{"id":20396,"date":"2021-05-16T20:20:00","date_gmt":"2021-05-16T20:20:00","guid":{"rendered":"http:\/\/hoycordobaweb.com\/index.php\/2021\/05\/16\/rusia-condeno-el-uso-de-la-fuerza-contra-civiles-en-israel-y-palestina\/"},"modified":"2021-05-16T20:20:00","modified_gmt":"2021-05-16T20:20:00","slug":"rusia-condeno-el-uso-de-la-fuerza-contra-civiles-en-israel-y-palestina","status":"publish","type":"post","link":"http:\/\/hoycordobaweb.com\/index.php\/2021\/05\/16\/rusia-condeno-el-uso-de-la-fuerza-contra-civiles-en-israel-y-palestina\/","title":{"rendered":"Rusia conden\u00f3 el uso de la fuerza contra civiles en Israel y Palestina"},"content":{"rendered":"<p><img src=\"http:\/\/hoycordobaweb.com\/wp-content\/uploads\/2021\/05\/rusia-condeno-el-uso-de-la-fuerza-contra-civiles-en-israel-y-palestina.jpg\"><\/p>\n<div><img src=\"http:\/\/hoycordobaweb.com\/wp-content\/uploads\/2021\/05\/rusia-condeno-el-uso-de-la-fuerza-contra-civiles-en-israel-y-palestina-2.jpg\" class=\"ff-og-image-inserted\"><\/div>\n<p> El viceministro ruso de Exteriores, Serguei Vershinin, manifest\u00f3 la \u00abprofunda preocupaci\u00f3n\u00bb de Mosc\u00fa y conden\u00f3 el uso de la fuerza contra civiles tanto en Israel como en Palestina, durante la sesi\u00f3n de emergencia del Consejo de Seguridad de la Organizaci\u00f3n de las Naciones Unidas.<\/p>\n<p><strong>\u00abCondenamos en\u00e9rgicamente el uso de la fuerza y la violencia contra civiles tanto en Israel como en Palestina\u00bb, declar\u00f3 Vershinin.<\/strong><\/p>\n<p>Desde el inicio de este nuevo ciclo de violencia entre Israel y Palestina, el 10 de mayo pasado, los ataques israel\u00edes provocaron la muerte de 192 palestinos, entre ellos 55 ni\u00f1os, y m\u00e1s de 1.200 heridos, seg\u00fan el \u00faltimo balance oficial.<\/p>\n<p>En Israel, 10 personas murieron y hay 282 heridos por los disparos de cohetes palestinos.<\/p>\n<p>Vershinin se\u00f1al\u00f3 que<strong> el \u00abr\u00e1pido deterioro de la situaci\u00f3n\u00bb en la zona de conflicto palestino-israel\u00ed causa \u00abprofunda preocupaci\u00f3n\u00bb de Mosc\u00fa.<\/strong><\/p>\n<p>En este contexto, el diplom\u00e1tico destac\u00f3 la necesidad de un cese inmediato de las hostilidades.<\/p>\n<p><strong>\u00abEs necesario, cuanto antes, crear las condiciones adecuadas para relanzar el di\u00e1logo pac\u00edfico palestino-israel\u00ed\u00bb,<\/strong> agreg\u00f3, citado por la agencia de noticias Sputnik.<\/p>\n<p>Adem\u00e1s, continu\u00f3, Rusia insta a celebrar una reuni\u00f3n del llamado Cuarteto de Oriente Medio, integrado por Naciones Unidas, Estados Unidos, la Uni\u00f3n Europea y Rusia, a nivel ministerial, en aras de \u00abdesescalar la situaci\u00f3n\u00bb en la zona.<\/p>\n<p>Asimismo, agreg\u00f3 que sigue vigente la invitaci\u00f3n a mantener negociaciones entre los l\u00edderes de Israel y Palestina en Mosc\u00fa.<\/p>\n","protected":false},"excerpt":{"rendered":"<p>El viceministro ruso de Exteriores, Serguei Vershinin, manifest\u00f3 la \u00abprofunda preocupaci\u00f3n\u00bb de Mosc\u00fa y conden\u00f3 el uso de la fuerza contra civiles tanto en Israel como en Palestina, durante la sesi\u00f3n de emergencia del Consejo de Seguridad de la Organizaci\u00f3n de las Naciones Unidas. \u00abCondenamos en\u00e9rgicamente el uso de la fuerza y la violencia contra [&hellip;]<\/p>\n","protected":false},"author":1,"featured_media":20397,"comment_status":"open","ping_status":"closed","sticky":false,"template":"","format":"standard","meta":[],"categories":[19],"tags":[],"_links":{"self":[{"href":"http:\/\/hoycordobaweb.com\/index.php\/wp-json\/wp\/v2\/posts\/20396"}],"collection":[{"href":"http:\/\/hoycordobaweb.com\/index.php\/wp-json\/wp\/v2\/posts"}],"about":[{"href":"http:\/\/hoycordobaweb.com\/index.php\/wp-json\/wp\/v2\/types\/post"}],"author":[{"embeddable":true,"href":"http:\/\/hoycordobaweb.com\/index.php\/wp-json\/wp\/v2\/users\/1"}],"replies":[{"embeddable":true,"href":"http:\/\/hoycordobaweb.com\/index.php\/wp-json\/wp\/v2\/comments?post=20396"}],"version-history":[{"count":0,"href":"http:\/\/hoycordobaweb.com\/index.php\/wp-json\/wp\/v2\/posts\/20396\/revisions"}],"wp:featuredmedia":[{"embeddable":true,"href":"http:\/\/hoycordobaweb.com\/index.php\/wp-json\/wp\/v2\/media\/20397"}],"wp:attachment":[{"href":"http:\/\/hoycordobaweb.com\/index.php\/wp-json\/wp\/v2\/media?parent=20396"}],"wp:term":[{"taxonomy":"category","embeddable":true,"href":"http:\/\/hoycordobaweb.com\/index.php\/wp-json\/wp\/v2\/categories?post=20396"},{"taxonomy":"post_tag","embeddable":true,"href":"http:\/\/hoycordobaweb.com\/index.php\/wp-json\/wp\/v2\/tags?post=20396"}],"curies":[{"name":"wp","href":"https:\/\/api.w.org\/{rel}","templated":true}]}}