{"id":20394,"date":"2021-05-16T20:25:00","date_gmt":"2021-05-16T20:25:00","guid":{"rendered":"http:\/\/hoycordobaweb.com\/index.php\/2021\/05\/16\/murieron-270-personas-y-16-350-fueron-reportadas-con-coronavirus-en-las-ultimas-24-horas\/"},"modified":"2021-05-16T20:25:00","modified_gmt":"2021-05-16T20:25:00","slug":"murieron-270-personas-y-16-350-fueron-reportadas-con-coronavirus-en-las-ultimas-24-horas","status":"publish","type":"post","link":"http:\/\/hoycordobaweb.com\/index.php\/2021\/05\/16\/murieron-270-personas-y-16-350-fueron-reportadas-con-coronavirus-en-las-ultimas-24-horas\/","title":{"rendered":"Murieron 270 personas y 16.350 fueron reportadas con coronavirus en las \u00faltimas 24 horas"},"content":{"rendered":"<p><img src=\"http:\/\/hoycordobaweb.com\/wp-content\/uploads\/2021\/05\/murieron-270-personas-y-16-350-fueron-reportadas-con-coronavirus-en-las-ultimas-24-horas.jpg\"><\/p>\n<div><img src=\"http:\/\/hoycordobaweb.com\/wp-content\/uploads\/2021\/05\/murieron-270-personas-y-16-350-fueron-reportadas-con-coronavirus-en-las-ultimas-24-horas-2.jpg\" class=\"ff-og-image-inserted\"><\/div>\n<div class=\"data\" readability=\"7\">\n<p>16\/05\/2021 17:25 &#8211; Reporte<\/p>\n<\/p><\/div>\n<h2>Murieron 270 personas y 16.350 fueron reportadas con coronavirus en las \u00faltimas 24 horas<\/h2>\n<p>El ministerio de Salud indic\u00f3 que son 5.538 los internados en unidades de terapia intensiva, con un porcentaje de ocupaci\u00f3n de camas de adultos de 69,3%% en el pa\u00eds y del 75,4%% en el AMBA.<\/p>\n","protected":false},"excerpt":{"rendered":"<p>16\/05\/2021 17:25 &#8211; Reporte Murieron 270 personas y 16.350 fueron reportadas con coronavirus en las \u00faltimas 24 horas El ministerio de Salud indic\u00f3 que son 5.538 los internados en unidades de terapia intensiva, con un porcentaje de ocupaci\u00f3n de camas de adultos de 69,3%% en el pa\u00eds y del 75,4%% en el AMBA.<\/p>\n","protected":false},"author":1,"featured_media":20395,"comment_status":"open","ping_status":"closed","sticky":false,"template":"","format":"standard","meta":[],"categories":[19],"tags":[],"_links":{"self":[{"href":"http:\/\/hoycordobaweb.com\/index.php\/wp-json\/wp\/v2\/posts\/20394"}],"collection":[{"href":"http:\/\/hoycordobaweb.com\/index.php\/wp-json\/wp\/v2\/posts"}],"about":[{"href":"http:\/\/hoycordobaweb.com\/index.php\/wp-json\/wp\/v2\/types\/post"}],"author":[{"embeddable":true,"href":"http:\/\/hoycordobaweb.com\/index.php\/wp-json\/wp\/v2\/users\/1"}],"replies":[{"embeddable":true,"href":"http:\/\/hoycordobaweb.com\/index.php\/wp-json\/wp\/v2\/comments?post=20394"}],"version-history":[{"count":0,"href":"http:\/\/hoycordobaweb.com\/index.php\/wp-json\/wp\/v2\/posts\/20394\/revisions"}],"wp:featuredmedia":[{"embeddable":true,"href":"http:\/\/hoycordobaweb.com\/index.php\/wp-json\/wp\/v2\/media\/20395"}],"wp:attachment":[{"href":"http:\/\/hoycordobaweb.com\/index.php\/wp-json\/wp\/v2\/media?parent=20394"}],"wp:term":[{"taxonomy":"category","embeddable":true,"href":"http:\/\/hoycordobaweb.com\/index.php\/wp-json\/wp\/v2\/categories?post=20394"},{"taxonomy":"post_tag","embeddable":true,"href":"http:\/\/hoycordobaweb.com\/index.php\/wp-json\/wp\/v2\/tags?post=20394"}],"curies":[{"name":"wp","href":"https:\/\/api.w.org\/{rel}","templated":true}]}}