{"id":20341,"date":"2021-05-16T20:40:00","date_gmt":"2021-05-16T20:40:00","guid":{"rendered":"http:\/\/hoycordobaweb.com\/index.php\/2021\/05\/16\/segun-netanyahu-el-ataque-a-un-edificio-en-gaza-donde-operaban-medios-de-prensa-fue-legitimo\/"},"modified":"2021-05-16T20:40:00","modified_gmt":"2021-05-16T20:40:00","slug":"segun-netanyahu-el-ataque-a-un-edificio-en-gaza-donde-operaban-medios-de-prensa-fue-legitimo","status":"publish","type":"post","link":"http:\/\/hoycordobaweb.com\/index.php\/2021\/05\/16\/segun-netanyahu-el-ataque-a-un-edificio-en-gaza-donde-operaban-medios-de-prensa-fue-legitimo\/","title":{"rendered":"Seg\u00fan Netanyahu, el ataque a un edificio en Gaza donde operaban medios de prensa fue \u00ableg\u00edtimo\u00bb"},"content":{"rendered":"<p><img src=\"http:\/\/hoycordobaweb.com\/wp-content\/uploads\/2021\/05\/segun-netanyahu-el-ataque-a-un-edificio-en-gaza-donde-operaban-medios-de-prensa-fue-legitimo.jpg\"><\/p>\n<div class=\"image\" id=\"image\" readability=\"8\"> <img src=\"http:\/\/hoycordobaweb.com\/wp-content\/uploads\/2021\/05\/segun-netanyahu-el-ataque-a-un-edificio-en-gaza-donde-operaban-medios-de-prensa-fue-legitimo-2.jpg\" alt=\"La Torre Jala albergaba tambi\u00e9n &quot;una oficina de inteligencia&quot; de Hamas, dijo Netanyahu\" title=\"La Torre Jala albergaba tambi\u00e9n &quot;una oficina de inteligencia&quot; de Hamas, dijo Netanyahu\"><\/p>\n<p>La Torre Jala albergaba tambi\u00e9n \u00abuna oficina de inteligencia\u00bb de Hamas, dijo Netanyahu<\/p>\n<\/div>\n<p>El primer ministro israel\u00ed, Benjamin Netanyahu, expres\u00f3 que el edificio en Gaza que albergaba oficinas de medios de prensa y que fue destruido ayer por un ataque israel\u00ed, fue \u00abun objetivo perfectamente leg\u00edtimo\u00bb.<\/p>\n<p>La Torre Jala, donde la agencia estadounidense The Associated Press (AP) y la cadena \u00e1rabe Al-Jazeera ten\u00edan sus instalaciones, tambi\u00e9n albergaba <strong>\u00abuna oficina de inteligencia de la organizaci\u00f3n terrorista palestina que prepara y organiza ataques terroristas contra civiles israel\u00edes\u00bb, expres\u00f3 Netanyahu<\/strong>, en alusi\u00f3n a Hamas.<\/p>\n<p><strong>\u00abEntonces, es un objetivo perfectamente leg\u00edtimo\u00bb,<\/strong> argument\u00f3 el premier a la cadena de televisi\u00f3n estadounidense CBS, seg\u00fan replic\u00f3 la agencia de noticias AFP.<\/p>\n<p>I<strong>srael \u00abcomparte con nuestros amigos estadounidenses toda esta informaci\u00f3n\u00bb<\/strong>, agreg\u00f3.<\/p>\n<div class=\"js-code\" readability=\"6.355421686747\">\n<blockquote class=\"twitter-tweet\" readability=\"6.7791164658635\">\n<p lang=\"en\" dir=\"ltr\">BREAKING: An Israeli airstrike levelled the Jala Tower in the Gaza Strip, a 13-floor building housing Qatari television station Al-Jazeera and the American news agency Associated Press. <a href=\"https:\/\/t.co\/pqeebSAfyO\">pic.twitter.com\/pqeebSAfyO<\/a><\/p>\n<p>\u2014 euronews (@euronews) <a href=\"https:\/\/twitter.com\/euronews\/status\/1393565513205301250?ref_src=twsrc%5Etfw\">May 15, 2021<\/a><\/p><\/blockquote><\/div>\n<p>Por su parte, la editora y vicepresidenta de AP, Sally Buzbee, dijo a CNN que no sab\u00eda qu\u00e9 informaci\u00f3n manejaba el ej\u00e9rcito israel\u00ed, y exigi\u00f3 una \u00abinvestigaci\u00f3n independiente sobre lo sucedido\u00bb.<\/p>\n<p>Seg\u00fan Netanyahu,<strong> el ej\u00e9rcito tom\u00f3 \u00abtodas las precauciones para asegurarse de que no hubiera v\u00edctimas civiles\u00bb<\/strong>.<\/p>\n<p>El premier reafirm\u00f3 el \u00abderecho natural a la autodefensa\u00bb de Israel y asegur\u00f3: \u00abharemos lo que sea necesario para restablecer el orden y la calma, la seguridad de nuestro pueblo y la disuasi\u00f3n\u00bb.<\/p>\n<p><strong>\u00abEstamos tratando de reducir la capacidad de Hamas y su voluntad de volver a hacer esto. Llevar\u00e1 tiempo, espero que no demasiado, pero no es inmediato\u00bb<\/strong>, agreg\u00f3.<\/p>\n<p>Asimismo, Netanyahu neg\u00f3 que Israel haya rechazado una tregua propuesta por Egipto y aceptada por Hamas.<\/p>\n<p><strong>\u00abFrancamente, si Hamas pens\u00f3 que pod\u00eda disparar cohetes y relajarse mientras disfrutaba de inmunidad, estaba equivocado\u00bb<\/strong>, acus\u00f3 el primer ministro y denunci\u00f3 que al movimiento islamista palestino de \u00abesconderse detr\u00e1s de sus civiles us\u00e1ndolos como escudos humanos\u00bb.<\/p>\n","protected":false},"excerpt":{"rendered":"<p>La Torre Jala albergaba tambi\u00e9n \u00abuna oficina de inteligencia\u00bb de Hamas, dijo Netanyahu El primer ministro israel\u00ed, Benjamin Netanyahu, expres\u00f3 que el edificio en Gaza que albergaba oficinas de medios de prensa y que fue destruido ayer por un ataque israel\u00ed, fue \u00abun objetivo perfectamente leg\u00edtimo\u00bb. La Torre Jala, donde la agencia estadounidense The Associated [&hellip;]<\/p>\n","protected":false},"author":1,"featured_media":20342,"comment_status":"open","ping_status":"closed","sticky":false,"template":"","format":"standard","meta":[],"categories":[24],"tags":[],"_links":{"self":[{"href":"http:\/\/hoycordobaweb.com\/index.php\/wp-json\/wp\/v2\/posts\/20341"}],"collection":[{"href":"http:\/\/hoycordobaweb.com\/index.php\/wp-json\/wp\/v2\/posts"}],"about":[{"href":"http:\/\/hoycordobaweb.com\/index.php\/wp-json\/wp\/v2\/types\/post"}],"author":[{"embeddable":true,"href":"http:\/\/hoycordobaweb.com\/index.php\/wp-json\/wp\/v2\/users\/1"}],"replies":[{"embeddable":true,"href":"http:\/\/hoycordobaweb.com\/index.php\/wp-json\/wp\/v2\/comments?post=20341"}],"version-history":[{"count":0,"href":"http:\/\/hoycordobaweb.com\/index.php\/wp-json\/wp\/v2\/posts\/20341\/revisions"}],"wp:featuredmedia":[{"embeddable":true,"href":"http:\/\/hoycordobaweb.com\/index.php\/wp-json\/wp\/v2\/media\/20342"}],"wp:attachment":[{"href":"http:\/\/hoycordobaweb.com\/index.php\/wp-json\/wp\/v2\/media?parent=20341"}],"wp:term":[{"taxonomy":"category","embeddable":true,"href":"http:\/\/hoycordobaweb.com\/index.php\/wp-json\/wp\/v2\/categories?post=20341"},{"taxonomy":"post_tag","embeddable":true,"href":"http:\/\/hoycordobaweb.com\/index.php\/wp-json\/wp\/v2\/tags?post=20341"}],"curies":[{"name":"wp","href":"https:\/\/api.w.org\/{rel}","templated":true}]}}