{"id":20328,"date":"2021-05-16T17:32:14","date_gmt":"2021-05-16T17:32:14","guid":{"rendered":"https:\/\/www.espinof.com\/trailers\/love-is-in-the-air-trailer-temporada-2-desvela-fecha-estreno-promete-grandes-cambios-para-serkan-eda"},"modified":"2021-05-16T17:32:14","modified_gmt":"2021-05-16T17:32:14","slug":"love-is-in-the-air-el-trailer-de-la-temporada-2-desvela-la-fecha-de-estreno-y-promete-grandes-cambios-para-serkan-y-eda","status":"publish","type":"post","link":"http:\/\/hoycordobaweb.com\/index.php\/2021\/05\/16\/love-is-in-the-air-el-trailer-de-la-temporada-2-desvela-la-fecha-de-estreno-y-promete-grandes-cambios-para-serkan-y-eda\/","title":{"rendered":"&#8216;Love is in the Air&#8217;: el tr\u00e1iler de la temporada 2 desvela la fecha de estreno y promete grandes cambios para Serkan y Eda"},"content":{"rendered":"<p>Al fin ha aparecido online el <strong>tr\u00e1iler<\/strong> de <a href=\"https:\/\/www.espinof.com\/fecha-de-estreno\/love-is-in-the-air-todo-que-sabemos-temporada-2-serie-turca-kerem-bursin-hande-ercel\">la segunda temporada de &#8216;Love is in the air&#8217;<\/a>, en el cual se nos desvela bastante informaci\u00f3n de lo que est\u00e1 por venir en la serie turca. Eso s\u00ed, sus seguidores seguro que agradecen especialmente que ya haya fecha de estreno para los nuevos cap\u00edtulos en su pa\u00eds de origen: el <strong>9 de junio<\/strong>.<\/p>\n<p><!-- BREAK 1 --><\/p>\n<h2>Un salto en el tiempo<\/h2>\n<blockquote><p>Cuidado con los <strong>spoilers<\/strong> si no est\u00e1is al d\u00eda con la serie<\/p><\/blockquote>\n<p>El adelanto da a entender que hay un importante <strong>salto temporal<\/strong> en la serie, pues Serkan y Eda son ya padres de una ni\u00f1a algo crecidita y adem\u00e1s llevan un tiempo separados. No se sabe qu\u00e9 ha sido del tumor que padec\u00eda \u00e9l, lo cual ha llevado a especular con qu\u00e9 todo pueda ser alg\u00fan tipo de visi\u00f3n provocada por su enfermedad.<\/p>\n<p><!-- BREAK 2 --> <\/p>\n<div class=\"article-asset article-asset-normal article-asset-center\">\n<div class=\"desvio-container\">\n<div class=\"desvio\">\n<div class=\"desvio-figure js-desvio-figure\"> <a href=\"https:\/\/www.espinof.com\/actores-y-actrices\/love-is-in-the-air-donde-podemos-ver-a-kerem-bursin-hande-ercel-alla-exitosa-serie-turca\"> <img alt=\"'Love is in the Air': d\u00f3nde podemos ver a Kerem B\u00fcrsin y Hande Er\u00e7el m\u00e1s all\u00e1 de la exitosa serie turca\" src=\"http:\/\/hoycordobaweb.com\/wp-content\/uploads\/2021\/05\/love-is-in-the-air-el-trailer-de-la-temporada-2-desvela-la-fecha-de-estreno-y-promete-grandes-cambios-para-serkan-y-eda.jpg\"> <\/a> <\/div><\/div><\/div>\n<\/div>\n<p>La otra gran inc\u00f3gnita es qu\u00e9 <strong>habr\u00e1 sucedido exactamente para separar a Serkan y Eda<\/strong>. Est\u00e1 claro que una serie de estas caracter\u00edsticas necesita graves conflictos para que tenga sentido continuar su historia. De hecho, el adelanto deja caer la posibilidad de que Serkan quiz\u00e1 no supiese que ella ten\u00eda una hija&#8230;<\/p>\n<p><!-- BREAK 3 --><\/p>\n<p>Lo que s\u00ed queda claro es que <strong>Kerem B\u00fcrsin<\/strong> debe haber renovado el contrato con la productora, pues su continuidad en la serie turca <a href=\"https:\/\/www.espinof.com\/series-de-ficcion\/love-is-in-the-air-renueva-13-episodios-futuro-kerem-bursin-serie-turca-esta-aire\">no estaba del todo clara<\/a> cuando se anunci\u00f3 la renovaci\u00f3n de &#8216;Love is in the Air&#8217; por una segunda temporada.<\/p>\n<p><!-- BREAK 4 --><\/p>\n<p>Ahora solamente queda esperar hasta el 9 de junio para <strong>ver los nuevos episodios<\/strong>, pero ojo, que en Espa\u00f1a se emiten con retraso, as\u00ed que es probable que aqu\u00ed no puedan verse hasta m\u00e1s adelante en el tiempo.<\/p>\n<p><!-- BREAK 5 --> <\/p>\n","protected":false},"excerpt":{"rendered":"<p>Al fin ha aparecido online el tr\u00e1iler de la segunda temporada de &#8216;Love is in the air&#8217;, en el cual se nos desvela bastante informaci\u00f3n de lo que est\u00e1 por venir en la serie turca. Eso s\u00ed, sus seguidores seguro que agradecen especialmente que ya haya fecha de estreno para los nuevos cap\u00edtulos en su [&hellip;]<\/p>\n","protected":false},"author":1,"featured_media":20329,"comment_status":"open","ping_status":"closed","sticky":false,"template":"","format":"standard","meta":[],"categories":[1],"tags":[],"_links":{"self":[{"href":"http:\/\/hoycordobaweb.com\/index.php\/wp-json\/wp\/v2\/posts\/20328"}],"collection":[{"href":"http:\/\/hoycordobaweb.com\/index.php\/wp-json\/wp\/v2\/posts"}],"about":[{"href":"http:\/\/hoycordobaweb.com\/index.php\/wp-json\/wp\/v2\/types\/post"}],"author":[{"embeddable":true,"href":"http:\/\/hoycordobaweb.com\/index.php\/wp-json\/wp\/v2\/users\/1"}],"replies":[{"embeddable":true,"href":"http:\/\/hoycordobaweb.com\/index.php\/wp-json\/wp\/v2\/comments?post=20328"}],"version-history":[{"count":0,"href":"http:\/\/hoycordobaweb.com\/index.php\/wp-json\/wp\/v2\/posts\/20328\/revisions"}],"wp:featuredmedia":[{"embeddable":true,"href":"http:\/\/hoycordobaweb.com\/index.php\/wp-json\/wp\/v2\/media\/20329"}],"wp:attachment":[{"href":"http:\/\/hoycordobaweb.com\/index.php\/wp-json\/wp\/v2\/media?parent=20328"}],"wp:term":[{"taxonomy":"category","embeddable":true,"href":"http:\/\/hoycordobaweb.com\/index.php\/wp-json\/wp\/v2\/categories?post=20328"},{"taxonomy":"post_tag","embeddable":true,"href":"http:\/\/hoycordobaweb.com\/index.php\/wp-json\/wp\/v2\/tags?post=20328"}],"curies":[{"name":"wp","href":"https:\/\/api.w.org\/{rel}","templated":true}]}}