{"id":20281,"date":"2021-05-15T13:45:20","date_gmt":"2021-05-15T13:45:20","guid":{"rendered":"https:\/\/www.ole.com.ar\/futbol-internacional\/ibrahimovic-lesion-eurocopa-suecia_0_TMxbbYHg3.html"},"modified":"2021-05-15T13:45:20","modified_gmt":"2021-05-15T13:45:20","slug":"la-eurocopa-se-queda-sin-ibrahimovic","status":"publish","type":"post","link":"http:\/\/hoycordobaweb.com\/index.php\/2021\/05\/15\/la-eurocopa-se-queda-sin-ibrahimovic\/","title":{"rendered":"La Eurocopa se queda sin Ibrahimovic"},"content":{"rendered":"<p><img src=\"http:\/\/hoycordobaweb.com\/wp-content\/uploads\/2021\/05\/la-eurocopa-se-queda-sin-ibrahimovic.jpg\"><\/p>\n<div><img src=\"http:\/\/hoycordobaweb.com\/wp-content\/uploads\/2021\/05\/la-eurocopa-se-queda-sin-ibrahimovic.jpg\" class=\"ff-og-image-inserted\"><\/div>\n<p>En lo que ser\u00eda, m\u00e1s que seguramente, su \u00faltima Eurocopa, una lesi\u00f3n m\u00e1s grave de lo previsto y la cercan\u00eda del calendario nos privar\u00e1 de verlo defender -tal vez como nunca- la camiseta de la selecci\u00f3n sueca. Z<strong>latan Ibrahimovic, v\u00edctima de un esguince en la rodilla izquierda<\/strong>, <strong><a data-cke-saved-href=\"https:\/\/www.ole.com.ar\/futbol-internacional\/italia\/ibrahimovic-lesion-camiseta-milan_0_lCnX2RiVb.html\" target=\"_blank\" href=\"https:\/\/www.ole.com.ar\/futbol-internacional\/italia\/ibrahimovic-lesion-camiseta-milan_0_lCnX2RiVb.html\" rel=\"noopener noreferrer\">hace una semana con el Milan<\/a><\/strong>, <strong>se perder\u00e1 la Eurocopa<\/strong> (11 de junio-11 de julio), anunci\u00f3 este s\u00e1bado la federaci\u00f3n sueca.<\/p>\n<div class=\"sp__Normal htmlLibre\">\n<div class=\"embed-responsive-c\" readability=\"7.6\">\n<blockquote class=\"twitter-tweet\" readability=\"8.55\">\n<p lang=\"sv\" dir=\"ltr\">Idag har Zlatan meddelat Janne Andersson att hans skada stoppar honom fr\u00e5n att medverka i EM i sommar.<\/p>\n<p>Krya p\u00e5 dig Zlatan, vi hoppas att f\u00e5 se dig p\u00e5 fotbollsplanen snart igen! \ud83c\uddf8\ud83c\uddea\ud83e\udd81<\/p>\n<p>\u2014 Svensk Fotboll (@svenskfotboll) <a href=\"https:\/\/twitter.com\/svenskfotboll\/status\/1393554284751491072?ref_src=twsrc%5Etfw\">May 15, 2021<\/a><\/p><\/blockquote><\/div>\n<\/div>\n<p>\u00abHe hablado con Zlatan Ibrahimovic, que desgraciadamente me ha dicho que su lesi\u00f3n le impedir\u00e1 participar en la Eurocopa\u00bb, declar\u00f3 el seleccionador sueco, Janne Andersson, en un comunicado. <strong>La estrella de 39 a\u00f1os<\/strong>, que<strong><a href=\"https:\/\/www.ole.com.ar\/futbol-internacional\/declaraciones-zlatan-vuelta-seleccion_0_M13j9qoZP.html\" target=\"_blank\" rel=\"noopener noreferrer\"> regres\u00f3 a su equipo nacional en marzo, casi cinco a\u00f1os despu\u00e9s de haber renunciado a ella<\/a><\/strong>, deber\u00e1 seguir un tratamiento durante seis semanas, anunci\u00f3 el club Rossonero.<\/p>\n<p><mark>El tratamiento de Ibrahimovic deb\u00eda durar hasta el 26 de junio como m\u00ednimo<\/mark>, lo que parec\u00eda impedirle disputar estos partidos. El Milan no precis\u00f3 la naturaleza de los tratamientos previstos y no hablaba de la duraci\u00f3n de la baja en su comunicado. <strong>Con este anuncio, la temporada de Ibrahimovic en el club est\u00e1 tambi\u00e9n terminada.<\/strong><\/p>\n<p>Ibra, <strong><a href=\"https:\/\/www.ole.com.ar\/futbol-internacional\/italia\/zlatan-ibrahimovic-contrato-milan_0_upe2AULXs.html\" target=\"_blank\" rel=\"noopener noreferrer\">que acaba de prolongar su contrato hasta junio de 2022 con los Rossoneri<\/a><\/strong>, era una de las estrellas esperadas de la Eurocopa, aplazada a junio de 2021 tras no haber podido jugarse en 2020, debido al <a alt=\"coronavirus\" class=\"slug\" href=\"https:\/\/www.ole.com.ar\/tema\/coronavirus.html\" target=\"_blank\" title=\"coronavirus\" rel=\"noopener noreferrer\">coronavirus<\/a>. Los seleccionadores tienen hasta el 1 de junio para someter a la UEFA su lista de 26 jugadores. Tras esta fecha, el reglamento actual autoriza un n\u00famero ilimitado de sustituciones en caso de lesi\u00f3n o enfermedad grave antes del primer partido, mediante la presentaci\u00f3n de un certificado m\u00e9dico.<\/p>\n<h2><mark><strong>\u00bfQu\u00e9 se pierde Suecia sin Ibrahimovic<\/strong><\/mark><\/h2>\n<p> Zlatan recibi\u00f3 este s\u00e1bado la visita en Mil\u00e1n de un especialista que le prescribi\u00f3 \u00abun tratamiento conservatorio de seis semanas\u00bb, indic\u00f3 el club. En la Euro, Suecia debe enfrentarse en la fase de grupos a Espa\u00f1a el 14 de junio, a Eslovaquia el 18 y a Polonia el 23. \u00bfCu\u00e1n lejos llegar\u00e1 sin su gran figura?<\/p>\n<h2><mark><strong>Los n\u00fameros de Zlatan en la temporada 2020-21 de Serie A<\/strong><\/mark><\/h2>\n<p><opta-widget widget=\"player_compare\" competition=\"21\" season=\"2020\" team=\"120\" player=\"9808\" template=\"normal\" navigation=\"tabs_more\" default_nav=\"1\" show_selects=\"true\" show_crests=\"false\" show_images=\"false\" competition_naming=\"full\" team_naming=\"full\" player_naming=\"full\" show_logo=\"true\" show_title=\"true\" breakpoints=\"400\" sport=\"football\"><\/opta-widget>&#8211;&gt;<\/p>\n","protected":false},"excerpt":{"rendered":"<p>En lo que ser\u00eda, m\u00e1s que seguramente, su \u00faltima Eurocopa, una lesi\u00f3n m\u00e1s grave de lo previsto y la cercan\u00eda del calendario nos privar\u00e1 de verlo defender -tal vez como nunca- la camiseta de la selecci\u00f3n sueca. Zlatan Ibrahimovic, v\u00edctima de un esguince en la rodilla izquierda, hace una semana con el Milan, se perder\u00e1 [&hellip;]<\/p>\n","protected":false},"author":1,"featured_media":20282,"comment_status":"open","ping_status":"closed","sticky":false,"template":"","format":"standard","meta":[],"categories":[16],"tags":[],"_links":{"self":[{"href":"http:\/\/hoycordobaweb.com\/index.php\/wp-json\/wp\/v2\/posts\/20281"}],"collection":[{"href":"http:\/\/hoycordobaweb.com\/index.php\/wp-json\/wp\/v2\/posts"}],"about":[{"href":"http:\/\/hoycordobaweb.com\/index.php\/wp-json\/wp\/v2\/types\/post"}],"author":[{"embeddable":true,"href":"http:\/\/hoycordobaweb.com\/index.php\/wp-json\/wp\/v2\/users\/1"}],"replies":[{"embeddable":true,"href":"http:\/\/hoycordobaweb.com\/index.php\/wp-json\/wp\/v2\/comments?post=20281"}],"version-history":[{"count":0,"href":"http:\/\/hoycordobaweb.com\/index.php\/wp-json\/wp\/v2\/posts\/20281\/revisions"}],"wp:featuredmedia":[{"embeddable":true,"href":"http:\/\/hoycordobaweb.com\/index.php\/wp-json\/wp\/v2\/media\/20282"}],"wp:attachment":[{"href":"http:\/\/hoycordobaweb.com\/index.php\/wp-json\/wp\/v2\/media?parent=20281"}],"wp:term":[{"taxonomy":"category","embeddable":true,"href":"http:\/\/hoycordobaweb.com\/index.php\/wp-json\/wp\/v2\/categories?post=20281"},{"taxonomy":"post_tag","embeddable":true,"href":"http:\/\/hoycordobaweb.com\/index.php\/wp-json\/wp\/v2\/tags?post=20281"}],"curies":[{"name":"wp","href":"https:\/\/api.w.org\/{rel}","templated":true}]}}