{"id":20251,"date":"2021-05-15T13:57:00","date_gmt":"2021-05-15T13:57:00","guid":{"rendered":"https:\/\/fm-comunicar.com.ar\/contenido\/17584\/lanzan-una-encuesta-para-exigir-mas-frecuencias-de-colectivos-interurbanos"},"modified":"2021-05-15T13:57:00","modified_gmt":"2021-05-15T13:57:00","slug":"lanzan-una-encuesta-para-exigir-mas-frecuencias-de-colectivos-interurbanos","status":"publish","type":"post","link":"http:\/\/hoycordobaweb.com\/index.php\/2021\/05\/15\/lanzan-una-encuesta-para-exigir-mas-frecuencias-de-colectivos-interurbanos\/","title":{"rendered":"Lanzan una encuesta para exigir m\u00e1s frecuencias de colectivos interurbanos"},"content":{"rendered":"<p>Un grupo de vecinos quiere recolectar la opini\u00f3n de usuarios del transporte de todo el Norte de C\u00f3rdoba para elevar un petitorio a las autoridades provinciales. Para eso hay que llenar una planilla virtual. En la nota, el link para acceder al formulario.<img src=\"http:\/\/hoycordobaweb.com\/wp-content\/uploads\/2021\/05\/lanzan-una-encuesta-para-exigir-mas-frecuencias-de-colectivos-interurbanos.png\"><\/p>\n","protected":false},"excerpt":{"rendered":"<p>Un grupo de vecinos quiere recolectar la opini\u00f3n de usuarios del transporte de todo el Norte de C\u00f3rdoba para elevar un petitorio a las autoridades provinciales. Para eso hay que llenar una planilla virtual. En la nota, el link para acceder al formulario.<\/p>\n","protected":false},"author":1,"featured_media":20252,"comment_status":"closed","ping_status":"closed","sticky":false,"template":"","format":"standard","meta":[],"categories":[18],"tags":[],"_links":{"self":[{"href":"http:\/\/hoycordobaweb.com\/index.php\/wp-json\/wp\/v2\/posts\/20251"}],"collection":[{"href":"http:\/\/hoycordobaweb.com\/index.php\/wp-json\/wp\/v2\/posts"}],"about":[{"href":"http:\/\/hoycordobaweb.com\/index.php\/wp-json\/wp\/v2\/types\/post"}],"author":[{"embeddable":true,"href":"http:\/\/hoycordobaweb.com\/index.php\/wp-json\/wp\/v2\/users\/1"}],"replies":[{"embeddable":true,"href":"http:\/\/hoycordobaweb.com\/index.php\/wp-json\/wp\/v2\/comments?post=20251"}],"version-history":[{"count":0,"href":"http:\/\/hoycordobaweb.com\/index.php\/wp-json\/wp\/v2\/posts\/20251\/revisions"}],"wp:featuredmedia":[{"embeddable":true,"href":"http:\/\/hoycordobaweb.com\/index.php\/wp-json\/wp\/v2\/media\/20252"}],"wp:attachment":[{"href":"http:\/\/hoycordobaweb.com\/index.php\/wp-json\/wp\/v2\/media?parent=20251"}],"wp:term":[{"taxonomy":"category","embeddable":true,"href":"http:\/\/hoycordobaweb.com\/index.php\/wp-json\/wp\/v2\/categories?post=20251"},{"taxonomy":"post_tag","embeddable":true,"href":"http:\/\/hoycordobaweb.com\/index.php\/wp-json\/wp\/v2\/tags?post=20251"}],"curies":[{"name":"wp","href":"https:\/\/api.w.org\/{rel}","templated":true}]}}