{"id":20226,"date":"2021-05-14T20:00:27","date_gmt":"2021-05-14T20:00:27","guid":{"rendered":"https:\/\/www.trendencias.com\/marcas\/entrevista-blanca-suarez-que-llega-catalogo-verano-coleccion-bano-etam-reseteamos-que-ha-pasado-vamos-muy-mal"},"modified":"2021-05-14T20:00:27","modified_gmt":"2021-05-14T20:00:27","slug":"entrevista-con-blanca-suarez-que-llega-con-el-catalogo-de-verano-con-la-coleccion-de-bano-de-etam-o-reseteamos-tras-lo-que-ha-pasado-o-vamos-muy-mal","status":"publish","type":"post","link":"http:\/\/hoycordobaweb.com\/index.php\/2021\/05\/14\/entrevista-con-blanca-suarez-que-llega-con-el-catalogo-de-verano-con-la-coleccion-de-bano-de-etam-o-reseteamos-tras-lo-que-ha-pasado-o-vamos-muy-mal\/","title":{"rendered":"Entrevista con Blanca Su\u00e1rez que llega con el cat\u00e1logo de verano con la colecci\u00f3n de ba\u00f1o de Etam: \u00abO reseteamos tras lo que ha pasado, o vamos muy mal\u00bb"},"content":{"rendered":"<p>Nos encontramos en la Gran V\u00eda. Esperamos los resultados de un test de ant\u00edgenos para subir al \u00e1tico y descubrir la nueva campa\u00f1a de verano de la firma Etam. Vuelven los eventos. Vuelve la vida, todav\u00eda no es normal, pero se acerca. Hemos dado negativo y podemos descubrir la campa\u00f1a de ba\u00f1o protagonizada por <strong>Blanca Su\u00e1rez <\/strong>y esperada por todas las que tenemos ganas de playa y de sol.<\/p>\n<p><!-- BREAK 1 --><\/p>\n<p>Tras este oscuro invierno, so\u00f1amos con el verano y hablamos de ello con la <strong>actriz<\/strong> que llega radiante a su cita. Antes de encontrarnos con ella, vemos la colecci\u00f3n y las fotos de la campa\u00f1a y est\u00e1 impresionante. Ba\u00f1adores, bikinis y ropa interior que le sientan de cine. Pero adem\u00e1s, <a href=\"https:\/\/www.etam.es\/?gclid=EAIaIQobChMI8sqzlvbJ8AIVAQd7Ch2VmAs8EAAYASAAEgL4kPD_BwE\">la marca Etam<\/a> llega con un nuevo lema que es m\u00e1s un mensaje muy claro: \u00abLibre de etiquetas\u00bb. Quiere empujar a las mujeres para que nos sintamos libres. Tambi\u00e9n de ello, <strong>hablamos con Blanca.<\/strong><\/p>\n<p><!-- BREAK 2 --> <\/p>\n<div class=\"article-asset article-asset-normal article-asset-center\">\n<div class=\"desvio-container\">\n<div class=\"desvio\">\n<div class=\"desvio-figure js-desvio-figure\"> <a href=\"https:\/\/www.trendencias.com\/moda-famosas\/blanca-suarez-apuesta-look-cargado-tendencias-como-nueva-imagen-etam\"> <img alt=\"Blanca Su\u00e1rez apuesta por un look cargado de tendencias como nueva imagen de Etam\" src=\"http:\/\/hoycordobaweb.com\/wp-content\/uploads\/2021\/05\/entrevista-con-blanca-suarez-que-llega-con-el-catalogo-de-verano-con-la-coleccion-de-bano-de-etam-o-reseteamos-tras-lo-que-ha-pasado-o-vamos-muy-mal.jpg\"> <\/a> <\/div><\/div><\/div>\n<\/div>\n<p><strong>Recomi\u00e9ndanos un lugar secreto para disfrutar de esta colecci\u00f3n que presentas este verano.<\/strong><\/p>\n<p><!-- BREAK 3 --><\/p>\n<p>Mis lugares secretos no los dir\u00e9 jam\u00e1s porque son secretos. Pero hay sitios maravillosos por descubrir en Galicia. Y en el sur, siempre me he movido mucho por <a href=\"https:\/\/www.trendencias.com\/ocio\/23-sitios-cool-que-ver-cadiz-para-tus-proximas-vacaciones\">C\u00e1diz, Tarifa&#8230;<\/a> Era mi rinc\u00f3n secreto, ya no lo es, pero volver\u00e9. Siempre. Hace mucho que no voy con todo lo que ha pasado y tengo muchas ganas de ir para disfrutar de su luz. Los lugares se identifican mucho por la luz que hay y por lo que te transmite. Volver\u00e9 pronto.<\/p>\n<p><!-- BREAK 4 --><\/p>\n<div class=\"article-asset-image article-asset-normal article-asset-center\">\n<div class=\"asset-content\"> <img class=\"sf-lazy centro_sinmarco\" data-sf-srcset=\"http:\/\/hoycordobaweb.com\/wp-content\/uploads\/2021\/05\/entrevista-con-blanca-suarez-que-llega-con-el-catalogo-de-verano-con-la-coleccion-de-bano-de-etam-o-reseteamos-tras-lo-que-ha-pasado-o-vamos-muy-mal-1.jpg 450w, http:\/\/hoycordobaweb.com\/wp-content\/uploads\/2021\/05\/entrevista-con-blanca-suarez-que-llega-con-el-catalogo-de-verano-con-la-coleccion-de-bano-de-etam-o-reseteamos-tras-lo-que-ha-pasado-o-vamos-muy-mal-13.jpg 681w,http:\/\/hoycordobaweb.com\/wp-content\/uploads\/2021\/05\/entrevista-con-blanca-suarez-que-llega-con-el-catalogo-de-verano-con-la-coleccion-de-bano-de-etam-o-reseteamos-tras-lo-que-ha-pasado-o-vamos-muy-mal-14.jpg 1024w, http:\/\/hoycordobaweb.com\/wp-content\/uploads\/2021\/05\/entrevista-con-blanca-suarez-que-llega-con-el-catalogo-de-verano-con-la-coleccion-de-bano-de-etam-o-reseteamos-tras-lo-que-ha-pasado-o-vamos-muy-mal-15.jpg 1366w,\" data-sf-src=\"http:\/\/hoycordobaweb.com\/wp-content\/uploads\/2021\/05\/entrevista-con-blanca-suarez-que-llega-con-el-catalogo-de-verano-con-la-coleccion-de-bano-de-etam-o-reseteamos-tras-lo-que-ha-pasado-o-vamos-muy-mal-1.jpg\" alt=\"Blanca Su\u00e1rez Etam 21\"> <noscript><img alt=\"Blanca Su\u00e1rez Etam 21\" class=\"centro_sinmarco\" src=\"http:\/\/hoycordobaweb.com\/wp-content\/uploads\/2021\/05\/entrevista-con-blanca-suarez-que-llega-con-el-catalogo-de-verano-con-la-coleccion-de-bano-de-etam-o-reseteamos-tras-lo-que-ha-pasado-o-vamos-muy-mal-1.jpg\"><\/noscript> <\/div>\n<\/div>\n<p><strong>Parece que por fin llega el verano pospandemia\u2026 o no, veremos. Se habla mucho de que va a ser el gran verano de nuestra vida. \u00bfAs\u00ed lo esperas t\u00fa tambi\u00e9n?<\/strong><\/p>\n<p><!-- BREAK 5 --><\/p>\n<p>El problema es que tengamos expectativas muy altas. Que pongas el list\u00f3n muy alto, puede hacer que no disfrutes tanto de lo que ha pasado. Yo creo que eso lo he dicho <em>a posteriori:<\/em> este ha sido el verano de mi vida. No se puede planear. Pasa muchas veces con los eventos, las fiestas, los cumplea\u00f1os: esperamos pasarlo tan bien que luego decepcionan. Por eso cu\u00e1ndo se habla de que va a ser nuestro verano, digo: No s\u00e9. Ya veremos c\u00f3mo es cu\u00e1ndo acabe.<\/p>\n<p><!-- BREAK 6 --><\/p>\n<div class=\"article-asset article-asset-normal article-asset-center\">\n<div class=\"desvio-container\">\n<div class=\"desvio\">\n<div class=\"desvio-figure js-desvio-figure\"> <a href=\"https:\/\/www.trendencias.com\/viajes\/59-pueblos-bonitos-espana-momento-planear-donde-viajaremos-cuando-todo-esto-termine\"> <img alt=\"Los 59 pueblos m\u00e1s bonitos de Espa\u00f1a (s\u00ed, es el momento de planear d\u00f3nde viajaremos cuando todo esto termine) \" src=\"http:\/\/hoycordobaweb.com\/wp-content\/uploads\/2021\/05\/entrevista-con-blanca-suarez-que-llega-con-el-catalogo-de-verano-con-la-coleccion-de-bano-de-etam-o-reseteamos-tras-lo-que-ha-pasado-o-vamos-muy-mal-2.jpg\"> <\/a> <\/div><\/div><\/div>\n<\/div>\n<div class=\"article-asset-image article-asset-normal article-asset-center\">\n<div class=\"asset-content\"> <img class=\"sf-lazy centro_sinmarco\" data-sf-srcset=\"http:\/\/hoycordobaweb.com\/wp-content\/uploads\/2021\/05\/entrevista-con-blanca-suarez-que-llega-con-el-catalogo-de-verano-con-la-coleccion-de-bano-de-etam-o-reseteamos-tras-lo-que-ha-pasado-o-vamos-muy-mal-3.jpg 450w, http:\/\/hoycordobaweb.com\/wp-content\/uploads\/2021\/05\/entrevista-con-blanca-suarez-que-llega-con-el-catalogo-de-verano-con-la-coleccion-de-bano-de-etam-o-reseteamos-tras-lo-que-ha-pasado-o-vamos-muy-mal-16.jpg 681w,http:\/\/hoycordobaweb.com\/wp-content\/uploads\/2021\/05\/entrevista-con-blanca-suarez-que-llega-con-el-catalogo-de-verano-con-la-coleccion-de-bano-de-etam-o-reseteamos-tras-lo-que-ha-pasado-o-vamos-muy-mal-17.jpg 1024w, http:\/\/hoycordobaweb.com\/wp-content\/uploads\/2021\/05\/entrevista-con-blanca-suarez-que-llega-con-el-catalogo-de-verano-con-la-coleccion-de-bano-de-etam-o-reseteamos-tras-lo-que-ha-pasado-o-vamos-muy-mal-18.jpg 1366w,\" data-sf-src=\"http:\/\/hoycordobaweb.com\/wp-content\/uploads\/2021\/05\/entrevista-con-blanca-suarez-que-llega-con-el-catalogo-de-verano-con-la-coleccion-de-bano-de-etam-o-reseteamos-tras-lo-que-ha-pasado-o-vamos-muy-mal-3.jpg\" alt=\"Brazil Etam con Blanca Suarez\"> <noscript><img alt=\"Brazil Etam con Blanca Suarez\" class=\"centro_sinmarco\" src=\"http:\/\/hoycordobaweb.com\/wp-content\/uploads\/2021\/05\/entrevista-con-blanca-suarez-que-llega-con-el-catalogo-de-verano-con-la-coleccion-de-bano-de-etam-o-reseteamos-tras-lo-que-ha-pasado-o-vamos-muy-mal-3.jpg\"><\/noscript> <\/div>\n<\/div>\n<p><strong>La campa\u00f1a de Etam viene muy fuerte con un lema: \u00ablibres de etiquetas\u00bb. \u00bfQu\u00e9 opinas de la mujer de tu generaci\u00f3n, es m\u00e1s libre que nunca?<\/strong><\/p>\n<p><!-- BREAK 7 --><\/p>\n<p>En algunos sentidos, s\u00ed. En much\u00edsimos sentidos, s\u00ed. Pero seguimos siendo esclavas de muchas cosas que nos auto imponemos. Y hay un doble filo. Abogamos por ser libres pero acatamos normas de la sociedad, est\u00e9ticas y de otro tipo, que siguen existiendo.<\/p>\n<p><!-- BREAK 8 --><\/p>\n<p><strong>\u00bfY somos cada vez m\u00e1s libres de etiquetas?<\/strong><\/p>\n<p>Hemos avanzado. Libres de etiquetas, no. Los medios y otros agentes sociales hablan mucho de esto y dicen que es as\u00ed, pero luego se comentan la parte est\u00e9tica y se critica el estado f\u00edsico de las personas. No estamos libres de nada si en lo que te fijas en que en una foto es que se te sale un michel\u00edn.<\/p>\n<p><!-- BREAK 9 --><\/p>\n<div class=\"article-asset-image article-asset-normal article-asset-center\">\n<div class=\"asset-content\"> <img class=\"sf-lazy centro_sinmarco\" data-sf-srcset=\"http:\/\/hoycordobaweb.com\/wp-content\/uploads\/2021\/05\/entrevista-con-blanca-suarez-que-llega-con-el-catalogo-de-verano-con-la-coleccion-de-bano-de-etam-o-reseteamos-tras-lo-que-ha-pasado-o-vamos-muy-mal-4.jpg 450w, http:\/\/hoycordobaweb.com\/wp-content\/uploads\/2021\/05\/entrevista-con-blanca-suarez-que-llega-con-el-catalogo-de-verano-con-la-coleccion-de-bano-de-etam-o-reseteamos-tras-lo-que-ha-pasado-o-vamos-muy-mal-19.jpg 681w,http:\/\/hoycordobaweb.com\/wp-content\/uploads\/2021\/05\/entrevista-con-blanca-suarez-que-llega-con-el-catalogo-de-verano-con-la-coleccion-de-bano-de-etam-o-reseteamos-tras-lo-que-ha-pasado-o-vamos-muy-mal-20.jpg 1024w, http:\/\/hoycordobaweb.com\/wp-content\/uploads\/2021\/05\/entrevista-con-blanca-suarez-que-llega-con-el-catalogo-de-verano-con-la-coleccion-de-bano-de-etam-o-reseteamos-tras-lo-que-ha-pasado-o-vamos-muy-mal-21.jpg 1366w,\" data-sf-src=\"http:\/\/hoycordobaweb.com\/wp-content\/uploads\/2021\/05\/entrevista-con-blanca-suarez-que-llega-con-el-catalogo-de-verano-con-la-coleccion-de-bano-de-etam-o-reseteamos-tras-lo-que-ha-pasado-o-vamos-muy-mal-4.jpg\" alt=\"Blanca Suarez Etam\"> <noscript><img alt=\"Blanca Suarez Etam\" class=\"centro_sinmarco\" src=\"http:\/\/hoycordobaweb.com\/wp-content\/uploads\/2021\/05\/entrevista-con-blanca-suarez-que-llega-con-el-catalogo-de-verano-con-la-coleccion-de-bano-de-etam-o-reseteamos-tras-lo-que-ha-pasado-o-vamos-muy-mal-4.jpg\"><\/noscript> <\/div>\n<\/div>\n<div class=\"article-asset-image article-asset-normal article-asset-center\">\n<div class=\"asset-content\"> <img class=\"sf-lazy centro_sinmarco\" data-sf-srcset=\"http:\/\/hoycordobaweb.com\/wp-content\/uploads\/2021\/05\/entrevista-con-blanca-suarez-que-llega-con-el-catalogo-de-verano-con-la-coleccion-de-bano-de-etam-o-reseteamos-tras-lo-que-ha-pasado-o-vamos-muy-mal-5.jpg 450w, http:\/\/hoycordobaweb.com\/wp-content\/uploads\/2021\/05\/entrevista-con-blanca-suarez-que-llega-con-el-catalogo-de-verano-con-la-coleccion-de-bano-de-etam-o-reseteamos-tras-lo-que-ha-pasado-o-vamos-muy-mal-22.jpg 681w,http:\/\/hoycordobaweb.com\/wp-content\/uploads\/2021\/05\/entrevista-con-blanca-suarez-que-llega-con-el-catalogo-de-verano-con-la-coleccion-de-bano-de-etam-o-reseteamos-tras-lo-que-ha-pasado-o-vamos-muy-mal-23.jpg 1024w, http:\/\/hoycordobaweb.com\/wp-content\/uploads\/2021\/05\/entrevista-con-blanca-suarez-que-llega-con-el-catalogo-de-verano-con-la-coleccion-de-bano-de-etam-o-reseteamos-tras-lo-que-ha-pasado-o-vamos-muy-mal-24.jpg 1366w,\" data-sf-src=\"http:\/\/hoycordobaweb.com\/wp-content\/uploads\/2021\/05\/entrevista-con-blanca-suarez-que-llega-con-el-catalogo-de-verano-con-la-coleccion-de-bano-de-etam-o-reseteamos-tras-lo-que-ha-pasado-o-vamos-muy-mal-5.jpg\" alt=\"Blanca Suarez\"> <noscript><img alt=\"Blanca Suarez\" class=\"centro_sinmarco\" src=\"http:\/\/hoycordobaweb.com\/wp-content\/uploads\/2021\/05\/entrevista-con-blanca-suarez-que-llega-con-el-catalogo-de-verano-con-la-coleccion-de-bano-de-etam-o-reseteamos-tras-lo-que-ha-pasado-o-vamos-muy-mal-5.jpg\"><\/noscript> <\/div>\n<\/div>\n<p><strong>Por ponerte una etiqueta creemos que eres una de las mujeres m\u00e1s sexies de Espa\u00f1a y yo dir\u00eda que m\u00e1s gustan por personalidad. Llama la atenci\u00f3n c\u00f3mo cuidas a tus amigos y apoyas en tu Instagram&#8230; &nbsp;\u00bfC\u00f3mo haces para seguir siendo t\u00fa y mantener esos lazos?<\/strong><\/p>\n<p><!-- BREAK 10 --><\/p>\n<p>Soy muy celosa de lo m\u00edo. Tengo una coraza grande. Protejo a los m\u00edos y a mi misma y no permito que nadie que no conozco entre en mi vida de forma apabullante. Esta es mi peque\u00f1a bolita <em>(hace un gesto de coger algo peque\u00f1o y dulce, como un cachorrito, entre sus manos) <\/em>y no todo el mundo puede entrar. Y te vuelves mucho m\u00e1s estricto cu\u00e1ndo hay mucha gente que quiere entrar ah\u00ed porque no es que quieran ser tus amigos, quieren saber, cotillear, mirar. Y, \u00bfsabes?: \u00abCu\u00e1nto m\u00e1s quieras mirar, menos te voy a ense\u00f1ar\u00bb.<\/p>\n<p><!-- BREAK 11 --><\/p>\n<p>Pero es normal. Todos caemos en eso. Yo caer\u00e9 en gente a la que admiro. Todos acabamos queriendo saber e interes\u00e1ndonos en la vida de las personas. Todos tenemos un peque\u00f1o cotilla dentro. Pero eso hay que controlarlo y no meterse &nbsp;y creerse con unas libertades y derechos de cosas que no tenemos.<\/p>\n<p><!-- BREAK 12 --><\/p>\n<div class=\"article-asset-image article-asset-normal article-asset-center\">\n<div class=\"asset-content\"> <img class=\"sf-lazy centro_sinmarco\" data-sf-srcset=\"http:\/\/hoycordobaweb.com\/wp-content\/uploads\/2021\/05\/entrevista-con-blanca-suarez-que-llega-con-el-catalogo-de-verano-con-la-coleccion-de-bano-de-etam-o-reseteamos-tras-lo-que-ha-pasado-o-vamos-muy-mal-6.jpg 450w, http:\/\/hoycordobaweb.com\/wp-content\/uploads\/2021\/05\/entrevista-con-blanca-suarez-que-llega-con-el-catalogo-de-verano-con-la-coleccion-de-bano-de-etam-o-reseteamos-tras-lo-que-ha-pasado-o-vamos-muy-mal-25.jpg 681w,http:\/\/hoycordobaweb.com\/wp-content\/uploads\/2021\/05\/entrevista-con-blanca-suarez-que-llega-con-el-catalogo-de-verano-con-la-coleccion-de-bano-de-etam-o-reseteamos-tras-lo-que-ha-pasado-o-vamos-muy-mal-26.jpg 1024w, http:\/\/hoycordobaweb.com\/wp-content\/uploads\/2021\/05\/entrevista-con-blanca-suarez-que-llega-con-el-catalogo-de-verano-con-la-coleccion-de-bano-de-etam-o-reseteamos-tras-lo-que-ha-pasado-o-vamos-muy-mal-27.jpg 1366w,\" data-sf-src=\"http:\/\/hoycordobaweb.com\/wp-content\/uploads\/2021\/05\/entrevista-con-blanca-suarez-que-llega-con-el-catalogo-de-verano-con-la-coleccion-de-bano-de-etam-o-reseteamos-tras-lo-que-ha-pasado-o-vamos-muy-mal-6.jpg\" alt=\"Cherie Cherie Etam 2021\"> <noscript><img alt=\"Cherie Cherie Etam 2021\" class=\"centro_sinmarco\" src=\"http:\/\/hoycordobaweb.com\/wp-content\/uploads\/2021\/05\/entrevista-con-blanca-suarez-que-llega-con-el-catalogo-de-verano-con-la-coleccion-de-bano-de-etam-o-reseteamos-tras-lo-que-ha-pasado-o-vamos-muy-mal-6.jpg\"><\/noscript> <\/div>\n<\/div>\n<div class=\"article-asset-image article-asset-normal article-asset-center\">\n<div class=\"asset-content\"> <img class=\"sf-lazy centro_sinmarco\" data-sf-srcset=\"http:\/\/hoycordobaweb.com\/wp-content\/uploads\/2021\/05\/entrevista-con-blanca-suarez-que-llega-con-el-catalogo-de-verano-con-la-coleccion-de-bano-de-etam-o-reseteamos-tras-lo-que-ha-pasado-o-vamos-muy-mal-7.jpg 450w, http:\/\/hoycordobaweb.com\/wp-content\/uploads\/2021\/05\/entrevista-con-blanca-suarez-que-llega-con-el-catalogo-de-verano-con-la-coleccion-de-bano-de-etam-o-reseteamos-tras-lo-que-ha-pasado-o-vamos-muy-mal-28.jpg 681w,http:\/\/hoycordobaweb.com\/wp-content\/uploads\/2021\/05\/entrevista-con-blanca-suarez-que-llega-con-el-catalogo-de-verano-con-la-coleccion-de-bano-de-etam-o-reseteamos-tras-lo-que-ha-pasado-o-vamos-muy-mal-29.jpg 1024w, http:\/\/hoycordobaweb.com\/wp-content\/uploads\/2021\/05\/entrevista-con-blanca-suarez-que-llega-con-el-catalogo-de-verano-con-la-coleccion-de-bano-de-etam-o-reseteamos-tras-lo-que-ha-pasado-o-vamos-muy-mal-30.jpg 1366w,\" data-sf-src=\"http:\/\/hoycordobaweb.com\/wp-content\/uploads\/2021\/05\/entrevista-con-blanca-suarez-que-llega-con-el-catalogo-de-verano-con-la-coleccion-de-bano-de-etam-o-reseteamos-tras-lo-que-ha-pasado-o-vamos-muy-mal-7.jpg\" alt=\"Blanca Su\u00e1rez\"> <noscript><img alt=\"Blanca Su\u00e1rez\" class=\"centro_sinmarco\" src=\"http:\/\/hoycordobaweb.com\/wp-content\/uploads\/2021\/05\/entrevista-con-blanca-suarez-que-llega-con-el-catalogo-de-verano-con-la-coleccion-de-bano-de-etam-o-reseteamos-tras-lo-que-ha-pasado-o-vamos-muy-mal-7.jpg\"><\/noscript> <\/div>\n<\/div>\n<p><strong>Tienes 32 a\u00f1os, tu carrera va genial: \u00bfqu\u00e9 es lo mejor de este momento y lo peor?<\/strong><\/p>\n<p>Pues lo peor, no hay. No hay nada malo.<\/p>\n<p><strong>\u00bfNi si quiera tener que ir a los rodajes con controles y test de ant\u00edgenos&#8230;?<\/strong><\/p>\n<p>Pues te voy a sacar una cosa positiva de esto. Hoy estamos aqu\u00ed en esta entrevista con un test de ant\u00edgenos hecho y hay mucha gente trabajando de cara al p\u00fablico a la que jam\u00e1s le han hecho un m\u00edsero test o una prueba PCR, incluso teniendo alg\u00fan contacto en el trabajo con positivos.<\/p>\n<p><!-- BREAK 13 --><\/p>\n<p>Desde que volv\u00ed a trabajar tras la cuarentena he estado testada a veces a a diario, y si no, 3 o 4 veces por semana. Mi salud no ha estado m\u00e1s controlada en mi vida y yo he podido hacer de barrera para con los m\u00edos. Es un rollo, s\u00ed, pero prefiero estar as\u00ed que con miedo. Es intentar la vuelta a la tortilla.<\/p>\n<p><!-- BREAK 14 --><\/p>\n<div class=\"article-asset-image article-asset-normal article-asset-center\">\n<div class=\"asset-content\"> <img class=\"sf-lazy centro_sinmarco\" data-sf-srcset=\"http:\/\/hoycordobaweb.com\/wp-content\/uploads\/2021\/05\/entrevista-con-blanca-suarez-que-llega-con-el-catalogo-de-verano-con-la-coleccion-de-bano-de-etam-o-reseteamos-tras-lo-que-ha-pasado-o-vamos-muy-mal-8.jpg 450w, http:\/\/hoycordobaweb.com\/wp-content\/uploads\/2021\/05\/entrevista-con-blanca-suarez-que-llega-con-el-catalogo-de-verano-con-la-coleccion-de-bano-de-etam-o-reseteamos-tras-lo-que-ha-pasado-o-vamos-muy-mal-31.jpg 681w,http:\/\/hoycordobaweb.com\/wp-content\/uploads\/2021\/05\/entrevista-con-blanca-suarez-que-llega-con-el-catalogo-de-verano-con-la-coleccion-de-bano-de-etam-o-reseteamos-tras-lo-que-ha-pasado-o-vamos-muy-mal-32.jpg 1024w, http:\/\/hoycordobaweb.com\/wp-content\/uploads\/2021\/05\/entrevista-con-blanca-suarez-que-llega-con-el-catalogo-de-verano-con-la-coleccion-de-bano-de-etam-o-reseteamos-tras-lo-que-ha-pasado-o-vamos-muy-mal-33.jpg 1366w,\" data-sf-src=\"http:\/\/hoycordobaweb.com\/wp-content\/uploads\/2021\/05\/entrevista-con-blanca-suarez-que-llega-con-el-catalogo-de-verano-con-la-coleccion-de-bano-de-etam-o-reseteamos-tras-lo-que-ha-pasado-o-vamos-muy-mal-8.jpg\" alt=\"Blanca Su\u00e1rez Etam\"> <noscript><img alt=\"Blanca Su\u00e1rez Etam\" class=\"centro_sinmarco\" src=\"http:\/\/hoycordobaweb.com\/wp-content\/uploads\/2021\/05\/entrevista-con-blanca-suarez-que-llega-con-el-catalogo-de-verano-con-la-coleccion-de-bano-de-etam-o-reseteamos-tras-lo-que-ha-pasado-o-vamos-muy-mal-8.jpg\"><\/noscript> <\/div>\n<\/div>\n<p><strong>Te veo una mujer muy positiva.<\/strong><\/p>\n<p>Soy un poco enfadica y gru\u00f1ona, pero es que con lo que est\u00e1 pasando es tan terrible todo el rato, que como te enganches a eso, acabas mal. Nos ha pasado a todos que hemos puesto la tele y nos ha llevado por lugares terribles. Que te crean problemas <a href=\"https:\/\/www.trendencias.com\/psicologia-1\/como-saber-padezco-ansiedad-cuando-se-puede-convertir-depresion\">y miedos o cosas m\u00e1s serias.<\/a> Y: o apagas y reseteas y empiezas a estar conforme con lo que tienes, o vas muy mal.<\/p>\n<p><!-- BREAK 15 --><\/p>\n<p><strong>\u00bfY lo mejor?<\/strong><\/p>\n<p>Todo marcha y todo va bien. Los m\u00edos est\u00e1n bien. No sucede nada extra\u00f1o y grave. Todo avanza. Que no se estanque.<\/p>\n<p><!-- BREAK 16 --><\/p>\n<div class=\"article-asset-image article-asset-normal article-asset-center\">\n<div class=\"asset-content\"> <img class=\"sf-lazy centro_sinmarco\" data-sf-srcset=\"http:\/\/hoycordobaweb.com\/wp-content\/uploads\/2021\/05\/entrevista-con-blanca-suarez-que-llega-con-el-catalogo-de-verano-con-la-coleccion-de-bano-de-etam-o-reseteamos-tras-lo-que-ha-pasado-o-vamos-muy-mal-9.jpg 450w, http:\/\/hoycordobaweb.com\/wp-content\/uploads\/2021\/05\/entrevista-con-blanca-suarez-que-llega-con-el-catalogo-de-verano-con-la-coleccion-de-bano-de-etam-o-reseteamos-tras-lo-que-ha-pasado-o-vamos-muy-mal-34.jpg 681w,http:\/\/hoycordobaweb.com\/wp-content\/uploads\/2021\/05\/entrevista-con-blanca-suarez-que-llega-con-el-catalogo-de-verano-con-la-coleccion-de-bano-de-etam-o-reseteamos-tras-lo-que-ha-pasado-o-vamos-muy-mal-35.jpg 1024w, http:\/\/hoycordobaweb.com\/wp-content\/uploads\/2021\/05\/entrevista-con-blanca-suarez-que-llega-con-el-catalogo-de-verano-con-la-coleccion-de-bano-de-etam-o-reseteamos-tras-lo-que-ha-pasado-o-vamos-muy-mal-36.jpg 1366w,\" data-sf-src=\"http:\/\/hoycordobaweb.com\/wp-content\/uploads\/2021\/05\/entrevista-con-blanca-suarez-que-llega-con-el-catalogo-de-verano-con-la-coleccion-de-bano-de-etam-o-reseteamos-tras-lo-que-ha-pasado-o-vamos-muy-mal-9.jpg\" alt=\"Blanca Su\u00e1rez\"> <noscript><img alt=\"Blanca Su\u00e1rez\" class=\"centro_sinmarco\" src=\"http:\/\/hoycordobaweb.com\/wp-content\/uploads\/2021\/05\/entrevista-con-blanca-suarez-que-llega-con-el-catalogo-de-verano-con-la-coleccion-de-bano-de-etam-o-reseteamos-tras-lo-que-ha-pasado-o-vamos-muy-mal-9.jpg\"><\/noscript> <\/div>\n<\/div>\n<div class=\"article-asset-image article-asset-normal article-asset-center\">\n<div class=\"asset-content\"> <img class=\"sf-lazy centro_sinmarco\" data-sf-srcset=\"http:\/\/hoycordobaweb.com\/wp-content\/uploads\/2021\/05\/entrevista-con-blanca-suarez-que-llega-con-el-catalogo-de-verano-con-la-coleccion-de-bano-de-etam-o-reseteamos-tras-lo-que-ha-pasado-o-vamos-muy-mal-10.jpg 450w, http:\/\/hoycordobaweb.com\/wp-content\/uploads\/2021\/05\/entrevista-con-blanca-suarez-que-llega-con-el-catalogo-de-verano-con-la-coleccion-de-bano-de-etam-o-reseteamos-tras-lo-que-ha-pasado-o-vamos-muy-mal-37.jpg 681w,http:\/\/hoycordobaweb.com\/wp-content\/uploads\/2021\/05\/entrevista-con-blanca-suarez-que-llega-con-el-catalogo-de-verano-con-la-coleccion-de-bano-de-etam-o-reseteamos-tras-lo-que-ha-pasado-o-vamos-muy-mal-38.jpg 1024w, http:\/\/hoycordobaweb.com\/wp-content\/uploads\/2021\/05\/entrevista-con-blanca-suarez-que-llega-con-el-catalogo-de-verano-con-la-coleccion-de-bano-de-etam-o-reseteamos-tras-lo-que-ha-pasado-o-vamos-muy-mal-39.jpg 1366w,\" data-sf-src=\"http:\/\/hoycordobaweb.com\/wp-content\/uploads\/2021\/05\/entrevista-con-blanca-suarez-que-llega-con-el-catalogo-de-verano-con-la-coleccion-de-bano-de-etam-o-reseteamos-tras-lo-que-ha-pasado-o-vamos-muy-mal-10.jpg\" alt=\"Amazing Blanca Suarez\"> <noscript><img alt=\"Amazing Blanca Suarez\" class=\"centro_sinmarco\" src=\"http:\/\/hoycordobaweb.com\/wp-content\/uploads\/2021\/05\/entrevista-con-blanca-suarez-que-llega-con-el-catalogo-de-verano-con-la-coleccion-de-bano-de-etam-o-reseteamos-tras-lo-que-ha-pasado-o-vamos-muy-mal-10.jpg\"><\/noscript> <\/div>\n<\/div>\n<p><strong>Cu\u00e1les son tus nuevas metas detr\u00e1s de esta pandemia y sus lecciones.<\/strong><\/p>\n<p>Nunca he tenido nunca metas claras. He divagado con sue\u00f1os que creo que ser\u00edan cosas incre\u00edbles, pero no me he puesto una meta concreta. Siempre he intentado trabajar mucho en mi d\u00eda a d\u00eda para que me pasen cosas. En esta profesi\u00f3n ponerse metas en el horizonte es muy frustrante. Esto no es como aprobar una &nbsp;oposici\u00f3n y ya est\u00e1. Por mucho que trabajes en un sentido consigues lo que consigues. Hay mucha gente que por mucho que luche con u\u00f1as y dientes, no llega a d\u00f3nde le gustar\u00eda. Igual que hemos dicho antes del verano: \u00abeste va ser el verano de mi vida\u00bb. \u00bfY si no lo es? Las metas pueden crear serios problemas de frustraci\u00f3n.<\/p>\n<p><!-- BREAK 17 --><\/p>\n<div class=\"article-asset article-asset-normal article-asset-center\">\n<div class=\"desvio-container\">\n<div class=\"desvio\">\n<div class=\"desvio-figure js-desvio-figure\"> <a href=\"https:\/\/www.trendencias.com\/ocio\/23-sitios-cool-que-ver-cadiz-para-tus-proximas-vacaciones\"> <img alt=\"23 sitios cool que ver en C\u00e1diz para tus pr\u00f3ximas vacaciones\" src=\"http:\/\/hoycordobaweb.com\/wp-content\/uploads\/2021\/05\/entrevista-con-blanca-suarez-que-llega-con-el-catalogo-de-verano-con-la-coleccion-de-bano-de-etam-o-reseteamos-tras-lo-que-ha-pasado-o-vamos-muy-mal-11.jpg\"> <\/a> <\/div><\/div><\/div>\n<\/div>\n<p><strong>\u00bfY conclusiones o lecciones han llegado con este momento que hemos vivido?<\/strong><\/p>\n<p>Pues no lo tengo claro. He ido pasando por diferentes fases. Al principio ten\u00eda una opini\u00f3n, a mitad del confinamiento otra, a salir del confinamiento otra. Este fin de semana con las cosas que han pasado, otra. Sacar una conclusi\u00f3n, no puedo hacerlo. Una personal, a priori: le he dado valor a muchas cosas. He valorado mucho tomarme tiempo para mi y para los que est\u00e1n cerca de mi.<\/p>\n<p><!-- BREAK 18 --> <\/p>\n<p>Im\u00e1genes| <a href=\"https:\/\/www.etam.es\/?gclid=EAIaIQobChMI8sqzlvbJ8AIVAQd7Ch2VmAs8EAAYASAAEgL4kPD_BwE\">Etam Primavera Verano 2021<\/a><\/p>\n<p><!-- BREAK 19 --> <\/p>\n","protected":false},"excerpt":{"rendered":"<p>Nos encontramos en la Gran V\u00eda. Esperamos los resultados de un test de ant\u00edgenos para subir al \u00e1tico y descubrir la nueva campa\u00f1a de verano de la firma Etam. Vuelven los eventos. Vuelve la vida, todav\u00eda no es normal, pero se acerca. Hemos dado negativo y podemos descubrir la campa\u00f1a de ba\u00f1o protagonizada por Blanca [&hellip;]<\/p>\n","protected":false},"author":1,"featured_media":20227,"comment_status":"closed","ping_status":"closed","sticky":false,"template":"","format":"standard","meta":[],"categories":[1],"tags":[],"_links":{"self":[{"href":"http:\/\/hoycordobaweb.com\/index.php\/wp-json\/wp\/v2\/posts\/20226"}],"collection":[{"href":"http:\/\/hoycordobaweb.com\/index.php\/wp-json\/wp\/v2\/posts"}],"about":[{"href":"http:\/\/hoycordobaweb.com\/index.php\/wp-json\/wp\/v2\/types\/post"}],"author":[{"embeddable":true,"href":"http:\/\/hoycordobaweb.com\/index.php\/wp-json\/wp\/v2\/users\/1"}],"replies":[{"embeddable":true,"href":"http:\/\/hoycordobaweb.com\/index.php\/wp-json\/wp\/v2\/comments?post=20226"}],"version-history":[{"count":0,"href":"http:\/\/hoycordobaweb.com\/index.php\/wp-json\/wp\/v2\/posts\/20226\/revisions"}],"wp:featuredmedia":[{"embeddable":true,"href":"http:\/\/hoycordobaweb.com\/index.php\/wp-json\/wp\/v2\/media\/20227"}],"wp:attachment":[{"href":"http:\/\/hoycordobaweb.com\/index.php\/wp-json\/wp\/v2\/media?parent=20226"}],"wp:term":[{"taxonomy":"category","embeddable":true,"href":"http:\/\/hoycordobaweb.com\/index.php\/wp-json\/wp\/v2\/categories?post=20226"},{"taxonomy":"post_tag","embeddable":true,"href":"http:\/\/hoycordobaweb.com\/index.php\/wp-json\/wp\/v2\/tags?post=20226"}],"curies":[{"name":"wp","href":"https:\/\/api.w.org\/{rel}","templated":true}]}}