{"id":20008,"date":"2021-05-12T12:48:58","date_gmt":"2021-05-12T12:48:58","guid":{"rendered":"http:\/\/fono.fcm.unc.edu.ar\/?p=6220"},"modified":"2021-05-12T12:48:58","modified_gmt":"2021-05-12T12:48:58","slug":"12-de-mayo-dia-internacional-de-la-enfermeria","status":"publish","type":"post","link":"http:\/\/hoycordobaweb.com\/index.php\/2021\/05\/12\/12-de-mayo-dia-internacional-de-la-enfermeria\/","title":{"rendered":"12 de mayo: \u00abD\u00eda Internacional de la Enfermer\u00eda\u00bb"},"content":{"rendered":"<h2 class=\"fusion-post-title\">12 de mayo: \u00abD\u00eda Internacional de la Enfermer\u00eda\u00bb<\/h2>\n<div class=\"post-content\" readability=\"48\">\n<p><img loading=\"lazy\" class=\"alignright wp-image-6221 size-fusion-400\" src=\"https:\/\/fono.fcm.unc.edu.ar\/wp-content\/uploads\/sites\/14\/2021\/05\/WhatsApp-Image-2021-05-12-at-09.44.59-400x335.jpeg\" alt width=\"400\" height=\"335\" srcset=\"https:\/\/fono.fcm.unc.edu.ar\/wp-content\/uploads\/sites\/14\/2021\/05\/WhatsApp-Image-2021-05-12-at-09.44.59-200x168.jpeg 200w, https:\/\/fono.fcm.unc.edu.ar\/wp-content\/uploads\/sites\/14\/2021\/05\/WhatsApp-Image-2021-05-12-at-09.44.59-300x251.jpeg 300w, https:\/\/fono.fcm.unc.edu.ar\/wp-content\/uploads\/sites\/14\/2021\/05\/WhatsApp-Image-2021-05-12-at-09.44.59-400x335.jpeg 400w, https:\/\/fono.fcm.unc.edu.ar\/wp-content\/uploads\/sites\/14\/2021\/05\/WhatsApp-Image-2021-05-12-at-09.44.59-600x503.jpeg 600w, https:\/\/fono.fcm.unc.edu.ar\/wp-content\/uploads\/sites\/14\/2021\/05\/WhatsApp-Image-2021-05-12-at-09.44.59-768x644.jpeg 768w, https:\/\/fono.fcm.unc.edu.ar\/wp-content\/uploads\/sites\/14\/2021\/05\/WhatsApp-Image-2021-05-12-at-09.44.59-800x671.jpeg 800w, https:\/\/fono.fcm.unc.edu.ar\/wp-content\/uploads\/sites\/14\/2021\/05\/WhatsApp-Image-2021-05-12-at-09.44.59.jpeg 940w\" sizes=\"(max-width: 400px) 100vw, 400px\">El&nbsp;<b>D\u00eda Internacional de la Enfermer\u00eda<\/b> se celebra el 12 de mayo en todo el mundo en relaci\u00f3n al aniversario del nacimiento de Florence Nightingale, considerada la fundadora de la enfermer\u00eda moderna.<\/p>\n<p>Para 2021 el tema del D\u00eda Internacional de la Enfermer\u00eda es el siguiente:&nbsp;<em>Una voz para liderar. Una visi\u00f3n de futuro para la atenci\u00f3n de salud.<\/em><\/p>\n<p>Se trata de ver c\u00f3mo la enfermer\u00eda mirar\u00e1 hacia el futuro y encontrar\u00e1 nuevas formas de actuar, transformando la atenci\u00f3n m\u00e9dica en todo en mundo.<\/p>\n<p>La Escuela de Fonoaudiolog\u00eda saluda c\u00e1lidamente a la Escuela de Enfermer\u00eda de la Facultad de Ciencias M\u00e9dicas y a las enfermeras y los enfermeros en su d\u00eda, agradeciendo su enorme labor, especialmente en estos tiempo de pandemia.<\/p>\n<\/p><\/div>\n","protected":false},"excerpt":{"rendered":"<p>12 de mayo: \u00abD\u00eda Internacional de la Enfermer\u00eda\u00bb El&nbsp;D\u00eda Internacional de la Enfermer\u00eda se celebra el 12 de mayo en todo el mundo en relaci\u00f3n al aniversario del nacimiento de Florence Nightingale, considerada la fundadora de la enfermer\u00eda moderna. Para 2021 el tema del D\u00eda Internacional de la Enfermer\u00eda es el siguiente:&nbsp;Una voz para liderar. [&hellip;]<\/p>\n","protected":false},"author":1,"featured_media":0,"comment_status":"closed","ping_status":"closed","sticky":false,"template":"","format":"standard","meta":[],"categories":[1],"tags":[],"_links":{"self":[{"href":"http:\/\/hoycordobaweb.com\/index.php\/wp-json\/wp\/v2\/posts\/20008"}],"collection":[{"href":"http:\/\/hoycordobaweb.com\/index.php\/wp-json\/wp\/v2\/posts"}],"about":[{"href":"http:\/\/hoycordobaweb.com\/index.php\/wp-json\/wp\/v2\/types\/post"}],"author":[{"embeddable":true,"href":"http:\/\/hoycordobaweb.com\/index.php\/wp-json\/wp\/v2\/users\/1"}],"replies":[{"embeddable":true,"href":"http:\/\/hoycordobaweb.com\/index.php\/wp-json\/wp\/v2\/comments?post=20008"}],"version-history":[{"count":0,"href":"http:\/\/hoycordobaweb.com\/index.php\/wp-json\/wp\/v2\/posts\/20008\/revisions"}],"wp:attachment":[{"href":"http:\/\/hoycordobaweb.com\/index.php\/wp-json\/wp\/v2\/media?parent=20008"}],"wp:term":[{"taxonomy":"category","embeddable":true,"href":"http:\/\/hoycordobaweb.com\/index.php\/wp-json\/wp\/v2\/categories?post=20008"},{"taxonomy":"post_tag","embeddable":true,"href":"http:\/\/hoycordobaweb.com\/index.php\/wp-json\/wp\/v2\/tags?post=20008"}],"curies":[{"name":"wp","href":"https:\/\/api.w.org\/{rel}","templated":true}]}}