{"id":19931,"date":"2021-05-10T10:44:00","date_gmt":"2021-05-10T10:44:00","guid":{"rendered":"https:\/\/fm-comunicar.com.ar\/contenido\/17543\/colonia-caroya-conductor-perdio-el-control-de-su-vehiculo-e-impacto-contra-un-ar"},"modified":"2021-05-10T10:44:00","modified_gmt":"2021-05-10T10:44:00","slug":"colonia-caroya-conductor-perdio-el-control-de-su-vehiculo-e-impacto-contra-un-arbol","status":"publish","type":"post","link":"http:\/\/hoycordobaweb.com\/index.php\/2021\/05\/10\/colonia-caroya-conductor-perdio-el-control-de-su-vehiculo-e-impacto-contra-un-arbol\/","title":{"rendered":"Colonia Caroya: conductor perdi\u00f3 el control de su veh\u00edculo e impact\u00f3 contra un \u00e1rbol"},"content":{"rendered":"<p>El accidente se produjo en la madrugada del lunes sobre calle Belgrano. El hombre que iba bordo del Fiat Uno tiene 36 a\u00f1os y result\u00f3 con heridas leves.<img src=\"http:\/\/hoycordobaweb.com\/wp-content\/uploads\/2021\/05\/colonia-caroya-conductor-perdio-el-control-de-su-vehiculo-e-impacto-contra-un-arbol.jpg\"><\/p>\n","protected":false},"excerpt":{"rendered":"<p>El accidente se produjo en la madrugada del lunes sobre calle Belgrano. El hombre que iba bordo del Fiat Uno tiene 36 a\u00f1os y result\u00f3 con heridas leves.<\/p>\n","protected":false},"author":1,"featured_media":19932,"comment_status":"closed","ping_status":"closed","sticky":false,"template":"","format":"standard","meta":[],"categories":[18],"tags":[],"_links":{"self":[{"href":"http:\/\/hoycordobaweb.com\/index.php\/wp-json\/wp\/v2\/posts\/19931"}],"collection":[{"href":"http:\/\/hoycordobaweb.com\/index.php\/wp-json\/wp\/v2\/posts"}],"about":[{"href":"http:\/\/hoycordobaweb.com\/index.php\/wp-json\/wp\/v2\/types\/post"}],"author":[{"embeddable":true,"href":"http:\/\/hoycordobaweb.com\/index.php\/wp-json\/wp\/v2\/users\/1"}],"replies":[{"embeddable":true,"href":"http:\/\/hoycordobaweb.com\/index.php\/wp-json\/wp\/v2\/comments?post=19931"}],"version-history":[{"count":0,"href":"http:\/\/hoycordobaweb.com\/index.php\/wp-json\/wp\/v2\/posts\/19931\/revisions"}],"wp:featuredmedia":[{"embeddable":true,"href":"http:\/\/hoycordobaweb.com\/index.php\/wp-json\/wp\/v2\/media\/19932"}],"wp:attachment":[{"href":"http:\/\/hoycordobaweb.com\/index.php\/wp-json\/wp\/v2\/media?parent=19931"}],"wp:term":[{"taxonomy":"category","embeddable":true,"href":"http:\/\/hoycordobaweb.com\/index.php\/wp-json\/wp\/v2\/categories?post=19931"},{"taxonomy":"post_tag","embeddable":true,"href":"http:\/\/hoycordobaweb.com\/index.php\/wp-json\/wp\/v2\/tags?post=19931"}],"curies":[{"name":"wp","href":"https:\/\/api.w.org\/{rel}","templated":true}]}}