{"id":19924,"date":"2021-05-11T16:42:59","date_gmt":"2021-05-11T16:42:59","guid":{"rendered":"http:\/\/fono.fcm.unc.edu.ar\/?p=6208"},"modified":"2021-05-11T16:42:59","modified_gmt":"2021-05-11T16:42:59","slug":"presentacion-del-libro-formacion-en-fonoaudiologia-social-y-comunitaria-un-enfoque-en-construccion","status":"publish","type":"post","link":"http:\/\/hoycordobaweb.com\/index.php\/2021\/05\/11\/presentacion-del-libro-formacion-en-fonoaudiologia-social-y-comunitaria-un-enfoque-en-construccion\/","title":{"rendered":"Presentaci\u00f3n del libro: \u201cFormaci\u00f3n en Fonoaudiolog\u00eda Social y Comunitaria. Un enfoque en construcci\u00f3n\u201d"},"content":{"rendered":"<p><img loading=\"lazy\" class=\"alignright wp-image-6209 size-fusion-400\" src=\"https:\/\/fono.fcm.unc.edu.ar\/wp-content\/uploads\/sites\/14\/2021\/05\/184590759_1857824387727253_1438793193691824263_n-400x400.jpg\" alt width=\"400\" height=\"400\" srcset=\"https:\/\/fono.fcm.unc.edu.ar\/wp-content\/uploads\/sites\/14\/2021\/05\/184590759_1857824387727253_1438793193691824263_n-66x66.jpg 66w, https:\/\/fono.fcm.unc.edu.ar\/wp-content\/uploads\/sites\/14\/2021\/05\/184590759_1857824387727253_1438793193691824263_n-150x150.jpg 150w, https:\/\/fono.fcm.unc.edu.ar\/wp-content\/uploads\/sites\/14\/2021\/05\/184590759_1857824387727253_1438793193691824263_n-200x200.jpg 200w, https:\/\/fono.fcm.unc.edu.ar\/wp-content\/uploads\/sites\/14\/2021\/05\/184590759_1857824387727253_1438793193691824263_n-300x300.jpg 300w, https:\/\/fono.fcm.unc.edu.ar\/wp-content\/uploads\/sites\/14\/2021\/05\/184590759_1857824387727253_1438793193691824263_n-400x400.jpg 400w, https:\/\/fono.fcm.unc.edu.ar\/wp-content\/uploads\/sites\/14\/2021\/05\/184590759_1857824387727253_1438793193691824263_n-600x600.jpg 600w, https:\/\/fono.fcm.unc.edu.ar\/wp-content\/uploads\/sites\/14\/2021\/05\/184590759_1857824387727253_1438793193691824263_n-768x768.jpg 768w, https:\/\/fono.fcm.unc.edu.ar\/wp-content\/uploads\/sites\/14\/2021\/05\/184590759_1857824387727253_1438793193691824263_n-800x800.jpg 800w, https:\/\/fono.fcm.unc.edu.ar\/wp-content\/uploads\/sites\/14\/2021\/05\/184590759_1857824387727253_1438793193691824263_n-1024x1024.jpg 1024w, https:\/\/fono.fcm.unc.edu.ar\/wp-content\/uploads\/sites\/14\/2021\/05\/184590759_1857824387727253_1438793193691824263_n.jpg 1080w\" sizes=\"(max-width: 400px) 100vw, 400px\">En el marco de las actividades previstas con motivo del \u201cD\u00eda de la Fonoaudiolog\u00eda Argentina\u201d, la Escuela de Fonoaudiolog\u00eda de la Universidad Nacional de Rosario invita a la comunidad educativa a la Presentaci\u00f3n del libro: \u201cFormaci\u00f3n en Fonoaudiolog\u00eda Social y Comunitaria. Un enfoque en construcci\u00f3n\u201d, el mismo es fruto del trabajo realizado por el equipo de investigaci\u00f3n a lo largo de doce a\u00f1os, en base a los proyectos acreditados oportunamente por la Secretar\u00eda de Ciencia y Tecnolog\u00eda de la mencionada universidad.<\/p>\n","protected":false},"excerpt":{"rendered":"<p>En el marco de las actividades previstas con motivo del \u201cD\u00eda de la Fonoaudiolog\u00eda Argentina\u201d, la Escuela de Fonoaudiolog\u00eda de la Universidad Nacional de Rosario invita a la comunidad educativa a la Presentaci\u00f3n del libro: \u201cFormaci\u00f3n en Fonoaudiolog\u00eda Social y Comunitaria. Un enfoque en construcci\u00f3n\u201d, el mismo es fruto del trabajo realizado por el equipo [&hellip;]<\/p>\n","protected":false},"author":1,"featured_media":0,"comment_status":"closed","ping_status":"closed","sticky":false,"template":"","format":"standard","meta":[],"categories":[1],"tags":[],"_links":{"self":[{"href":"http:\/\/hoycordobaweb.com\/index.php\/wp-json\/wp\/v2\/posts\/19924"}],"collection":[{"href":"http:\/\/hoycordobaweb.com\/index.php\/wp-json\/wp\/v2\/posts"}],"about":[{"href":"http:\/\/hoycordobaweb.com\/index.php\/wp-json\/wp\/v2\/types\/post"}],"author":[{"embeddable":true,"href":"http:\/\/hoycordobaweb.com\/index.php\/wp-json\/wp\/v2\/users\/1"}],"replies":[{"embeddable":true,"href":"http:\/\/hoycordobaweb.com\/index.php\/wp-json\/wp\/v2\/comments?post=19924"}],"version-history":[{"count":0,"href":"http:\/\/hoycordobaweb.com\/index.php\/wp-json\/wp\/v2\/posts\/19924\/revisions"}],"wp:attachment":[{"href":"http:\/\/hoycordobaweb.com\/index.php\/wp-json\/wp\/v2\/media?parent=19924"}],"wp:term":[{"taxonomy":"category","embeddable":true,"href":"http:\/\/hoycordobaweb.com\/index.php\/wp-json\/wp\/v2\/categories?post=19924"},{"taxonomy":"post_tag","embeddable":true,"href":"http:\/\/hoycordobaweb.com\/index.php\/wp-json\/wp\/v2\/tags?post=19924"}],"curies":[{"name":"wp","href":"https:\/\/api.w.org\/{rel}","templated":true}]}}