{"id":19795,"date":"2021-05-09T16:21:14","date_gmt":"2021-05-09T16:21:14","guid":{"rendered":"https:\/\/www.ole.com.ar\/futbol-internacional\/italia\/brunetta-primer-gol-parma-vs-atalanta_0_IcV7373Kw.html"},"modified":"2021-05-09T16:21:14","modified_gmt":"2021-05-09T16:21:14","slug":"brunetta-la-metio-en-la-derrota-del-parma","status":"publish","type":"post","link":"http:\/\/hoycordobaweb.com\/index.php\/2021\/05\/09\/brunetta-la-metio-en-la-derrota-del-parma\/","title":{"rendered":"Brunetta la meti\u00f3 en la derrota del Parma"},"content":{"rendered":"<p><img src=\"http:\/\/hoycordobaweb.com\/wp-content\/uploads\/2021\/05\/brunetta-la-metio-en-la-derrota-del-parma.jpg\"><\/p>\n<div><img src=\"http:\/\/hoycordobaweb.com\/wp-content\/uploads\/2021\/05\/brunetta-la-metio-en-la-derrota-del-parma.jpg\" class=\"ff-og-image-inserted\"><\/div>\n<p><a alt=\"juan-brunetta\" class=\"slug\" href=\"https:\/\/www.ole.com.ar\/tema\/juan-brunetta.html\" target=\"_blank\" title=\"juan-brunetta\" rel=\"noopener noreferrer\">Juan Brunetta<\/a>, mediocampista surgido de <a alt=\"arsenal-de-sarandi\" class=\"slug\" href=\"https:\/\/www.ole.com.ar\/tema\/arsenal-de-sarandi.html\" target=\"_blank\" title=\"arsenal-de-sarandi\" rel=\"noopener noreferrer\">Arsenal de Sarand\u00ed<\/a> al que <a alt=\"godoy-cruz\" class=\"slug\" href=\"https:\/\/www.ole.com.ar\/tema\/godoy-cruz.html\" target=\"_blank\" title=\"godoy-cruz\" rel=\"noopener noreferrer\">Godoy Cruz<\/a> cedi\u00f3 a pr\u00e9stamo por un a\u00f1o al <a alt=\"parma\" class=\"slug\" href=\"https:\/\/www.ole.com.ar\/tema\/parma.html\" target=\"_blank\" title=\"parma\" rel=\"noopener noreferrer\">Parma<\/a>&nbsp;en medio del inter\u00e9s de <a alt=\"boca-juniors\" class=\"slug\" href=\"https:\/\/www.ole.com.ar\/tema\/boca-juniors.html\" target=\"_blank\" title=\"boca-juniors\" rel=\"noopener noreferrer\">Boca<\/a> y <a alt=\"river-plate\" class=\"slug\" href=\"https:\/\/www.ole.com.ar\/tema\/river-plate.html\" target=\"_blank\" title=\"river-plate\" rel=\"noopener noreferrer\">River<\/a> por hacerse de sus servicios, <mark>marc\u00f3 uno de los goles del descuento de su equipo en la derrota por 5-2 ante el Atalanta<\/mark> de Jos\u00e9 Luis Palomino y Cristian&nbsp; Romero, por la 35\u00aa fecha de la <a alt=\"serie-a\" class=\"slug\" href=\"https:\/\/www.ole.com.ar\/tema\/serie-a.html\" target=\"_blank\" title=\"serie-a\" rel=\"noopener noreferrer\">Serie A<\/a>.<\/p>\n<p>El cordob\u00e9s lleg\u00f3 al Calcio italiano en octubre de 2020 con la intenci\u00f3n de sumar la mayor cantidad de partidos posible. <strong>De jugar 20 o m\u00e1s, Parma estar\u00eda obligado a desembolsar seis millones de d\u00f3lares para adquirir el 80% de su ficha<\/strong>, que todav\u00eda le pertenece a <a alt=\"godoy-cruz\" class=\"slug\" href=\"https:\/\/www.ole.com.ar\/tema\/godoy-cruz.html\" target=\"_blank\" title=\"godoy-cruz\" rel=\"noopener noreferrer\">Godoy Cruz<\/a>, club al que deber\u00eda volver a finales de junio en caso de que la venta no se concrete.<\/p>\n<p><strong>Hasta el momento apenas ha jugado 12 partidos<\/strong>&nbsp;entre Serie A y Coppa Italia, y solamente en cuatro de ellos lo hizo en condici\u00f3n de titular. Contra Atalanta ingres\u00f3 a los 31 minutos de la segunda mitad y a los 33&#8242; marc\u00f3 el gol con el que Parma descont\u00f3 para el 1-3 parcial y&nbsp;<strong>el primero desde que est\u00e1 en Italia<\/strong>. Despu\u00e9s la visita ampliar\u00eda la ventaja y&nbsp;Simon Sohm volver\u00eda a achicar la diferencia.<\/p>\n<p>El que <strong>tambi\u00e9n sum\u00f3 minutos contra Atalanta fue el ex Lan\u00fas Lautaro Valenti<\/strong>, quien entr\u00f3 a los 16&#8242; de la etapa complementaria. <\/p>\n<p>Vale recordar que la semana pasada se consum\u00f3 el descenso de Parma, al caer derrotado por 1-0 frente a Torino. Es por esto mismo que se presume que Brunetta deber\u00e1 volver a Godoy Cruz una vez que finalice el pr\u00e9stamo por el cual los italianos hab\u00edan abonado alrededor de un mill\u00f3n de d\u00f3lares. <strong>\u00bfReavivar\u00e1n Boca y River el deseo de comprarlo?<\/strong><\/p>\n<p><opta-widget sport=\"football\" widget=\"timeline\" competition=\"21\" season=\"2020\" match=\"2137702\" template=\"normal\" live=\"true\" orientation=\"horizontal\" vertical_timebar_height=\"260\" show_match_header=\"true\" show_score=\"true\" show_crests=\"true\" show_assists=\"all\" show_team_formation=\"true\" show_clock=\"true\" show_period_dividers=\"true\" show_halftime_score=\"false\" show_date=\"true\" date_format=\"dddd D MMMM YYYY\" show_attendance=\"true\" show_images=\"true\" show_referee=\"true\" show_venue=\"true\" show_cards=\"all\" show_goals=\"true\" show_penalties_missed=\"true\" show_subs=\"false\" show_goals_combined=\"false\" show_shootouts=\"false\" show_competition_name=\"true\" competition_naming=\"full\" team_naming=\"full\" player_naming=\"full\" show_live=\"true\" show_logo=\"false\" show_title=\"true\" breakpoints=\"400, 700\"><\/opta-widget><opta-widget sport=\"football\" widget=\"matchstats\" competition=\"21\" season=\"2020\" match=\"2137702\" template=\"lineups\" live=\"true\" side=\"both\" column_count=\"1\" side_by_side=\"true\" show_match_header=\"true\" show_score=\"true\" show_halftime_score=\"false\" show_crests=\"false\" show_team_formation=\"true\" show_competition_name=\"true\" show_date=\"false\" date_format=\"dddd D MMMM YYYY\" order_by=\"position\" group_by_position=\"false\" show_position=\"true\" show_images=\"false\" show_key=\"false\" show_starters=\"true\" show_goalkeepers=\"true\" show_defenders=\"true\" show_midfielders=\"true\" show_forwards=\"true\" show_subs=\"true\" show_unused_subs=\"false\" show_managers=\"true\" show_captain=\"false\" show_match_events=\"true\" competition_naming=\"full\" team_naming=\"full\" player_naming=\"full\" show_live=\"false\" show_logo=\"false\" show_title=\"true\" breakpoints=\"400, 700\"><\/opta-widget><opta-widget widget=\"commentary\" competition=\"21\" season=\"2020\" match=\"2137702\" template=\"normal\" live=\"true\" data_type=\"auto\" order_by=\"time_descending\" show_event_icons=\"true\" show_minor_events=\"true\" fixed_height_comments=\"300\" show_live=\"true\" show_logo=\"false\" show_title=\"true\" breakpoints=\"400\" sport=\"football\"><\/opta-widget><opta-widget sport=\"football\" widget=\"heatmap\" competition=\"21\" season=\"2020\" match=\"2137702\" preselected_player template=\"normal\" live=\"true\" show_maps=\"all\" orientation=\"horizontal\" side=\"both\" dimension=\"2D\" one_direction=\"false\" show_match_header=\"true\" show_score=\"true\" show_halftime_score=\"false\" show_crests=\"false\" show_team_formation=\"true\" show_competition_name=\"true\" show_date=\"true\" date_format=\"dddd D MMMM YYYY\" show_team_sheets=\"true\" show_subs=\"true\" show_position=\"true\" show_timecontrols=\"true\" show_timecontrols_buttons=\"true\" show_timecontrols_bar=\"true\" show_tooltips=\"false\" competition_naming=\"full\" team_naming=\"full\" player_naming=\"full\" show_logo=\"false\" show_title=\"true\" breakpoints=\"400, 700\"><\/opta-widget><opta-widget sport=\"football\" widget=\"standings\" competition=\"21\" season=\"2020\" match=\"2137702\" team template=\"normal\" live=\"true\" default_nav=\"1\" side=\"combined\" data_detail=\"default\" show_key=\"false\" show_crests=\"false\" points_in_first_column=\"false\" lose_before_draw=\"false\" show_form=\"0\" competition_naming=\"full\" team_naming=\"full\" date_format=\"dddd D MMMM YYYY\" sorting=\"true\" show_live=\"false\" show_relegation_average=\"true\" show_logo=\"false\" show_title=\"true\" breakpoints=\"400\"><\/opta-widget> <\/p>\n<div class=\"entry-tags\">\n<h2>TEMAS QUE APARECEN EN ESTA NOTA<\/h2>\n<\/p><\/div>\n","protected":false},"excerpt":{"rendered":"<p>Juan Brunetta, mediocampista surgido de Arsenal de Sarand\u00ed al que Godoy Cruz cedi\u00f3 a pr\u00e9stamo por un a\u00f1o al Parma&nbsp;en medio del inter\u00e9s de Boca y River por hacerse de sus servicios, marc\u00f3 uno de los goles del descuento de su equipo en la derrota por 5-2 ante el Atalanta de Jos\u00e9 Luis Palomino y [&hellip;]<\/p>\n","protected":false},"author":1,"featured_media":19796,"comment_status":"open","ping_status":"closed","sticky":false,"template":"","format":"standard","meta":[],"categories":[16],"tags":[],"_links":{"self":[{"href":"http:\/\/hoycordobaweb.com\/index.php\/wp-json\/wp\/v2\/posts\/19795"}],"collection":[{"href":"http:\/\/hoycordobaweb.com\/index.php\/wp-json\/wp\/v2\/posts"}],"about":[{"href":"http:\/\/hoycordobaweb.com\/index.php\/wp-json\/wp\/v2\/types\/post"}],"author":[{"embeddable":true,"href":"http:\/\/hoycordobaweb.com\/index.php\/wp-json\/wp\/v2\/users\/1"}],"replies":[{"embeddable":true,"href":"http:\/\/hoycordobaweb.com\/index.php\/wp-json\/wp\/v2\/comments?post=19795"}],"version-history":[{"count":0,"href":"http:\/\/hoycordobaweb.com\/index.php\/wp-json\/wp\/v2\/posts\/19795\/revisions"}],"wp:featuredmedia":[{"embeddable":true,"href":"http:\/\/hoycordobaweb.com\/index.php\/wp-json\/wp\/v2\/media\/19796"}],"wp:attachment":[{"href":"http:\/\/hoycordobaweb.com\/index.php\/wp-json\/wp\/v2\/media?parent=19795"}],"wp:term":[{"taxonomy":"category","embeddable":true,"href":"http:\/\/hoycordobaweb.com\/index.php\/wp-json\/wp\/v2\/categories?post=19795"},{"taxonomy":"post_tag","embeddable":true,"href":"http:\/\/hoycordobaweb.com\/index.php\/wp-json\/wp\/v2\/tags?post=19795"}],"curies":[{"name":"wp","href":"https:\/\/api.w.org\/{rel}","templated":true}]}}