{"id":19764,"date":"2021-05-09T18:30:33","date_gmt":"2021-05-09T18:30:33","guid":{"rendered":"https:\/\/www.espinof.com\/directores-y-guionistas\/kenneth-branagh-merece-mucho-credito-guionista-thor-defiende-importancia-pelicula-para-universo-marvel"},"modified":"2021-05-09T18:30:33","modified_gmt":"2021-05-09T18:30:33","slug":"kenneth-branagh-merece-mucho-mas-credito-un-guionista-de-thor-defiende-la-importancia-de-la-pelicula-para-el-universo-marvel","status":"publish","type":"post","link":"http:\/\/hoycordobaweb.com\/index.php\/2021\/05\/09\/kenneth-branagh-merece-mucho-mas-credito-un-guionista-de-thor-defiende-la-importancia-de-la-pelicula-para-el-universo-marvel\/","title":{"rendered":"\u00abKenneth Branagh merece mucho m\u00e1s cr\u00e9dito\u00bb. Un guionista de &#8216;Thor&#8217; defiende la importancia de la pel\u00edcula para el Universo Marvel"},"content":{"rendered":"<p>Si est\u00e1is en mi equipo y os pillan desprevenidos para preguntaros sin dar demasiado tiempo a pensar cu\u00e1les son <strong>las peores pel\u00edculas del Universo Cinematogr\u00e1fico de Marvel<\/strong>, es posible que no tard\u00e9is ni un segundo en pronunciar los t\u00edtulos de <a href=\"https:\/\/www.espinof.com\/tag\/iron-man-2\">&#8216;Iron Man 2&#8217;<\/a>, <a href=\"https:\/\/www.espinof.com\/tag\/thor-el-mundo-oscuro\">&#8216;Thor: El mundo oscuro&#8217;<\/a> \u2014glups\u2014 y, probablemente, una primera <a href=\"https:\/\/www.espinof.com\/tag\/thor\">&#8216;Thor&#8217;<\/a> cuyos revisionados la contin\u00faan reafirmando como la pieza m\u00e1s sopor\u00edfera de la Fase Uno.<\/p>\n<p><!-- BREAK 1 --><\/p>\n<p>No obstante, independientemente de su calidad, hay que reconcoer que <strong>la aventura del Dios del Trueno marvelita fue una pieza indispensable para dar forma al MCU<\/strong> que, m\u00e1s de una d\u00e9cada despu\u00e9s, contin\u00faa atrayendo a legiones de fans. Una idea que uno de los guionistas responsables del filme ha defendido a capa y espada en su cuenta de <a href=\"https:\/\/twitter.com\/MuseZack\/status\/1390326673594224642\">Twitter<\/a>. <\/p>\n<p><!-- BREAK 2 --> <!--more--><\/p>\n<div class=\"article-asset article-asset-normal article-asset-center\">\n<div class=\"desvio-container\">\n<div class=\"desvio\">\n<div class=\"desvio-figure js-desvio-figure\"> <a href=\"https:\/\/www.espinof.com\/otros\/de-iron-man-a-thor-ragnarok-todo-el-universo-cinematico-marvel-de-peor-a-mejor\"> <img alt=\"Todas las pel\u00edculas del Universo Marvel ordenadas de peor a mejor\" src=\"http:\/\/hoycordobaweb.com\/wp-content\/uploads\/2021\/05\/kenneth-branagh-merece-mucho-mas-credito-un-guionista-de-thor-defiende-la-importancia-de-la-pelicula-para-el-universo-marvel.jpg\"> <\/a> <\/div><\/div><\/div>\n<\/div>\n<h2>De aciertos y patinazos<\/h2>\n<p>Seg\u00fan Zack Stentz, <strong>Kenneth Branagh merece much\u00edsimo m\u00e1s reconocimiento<\/strong> por ayudar a dar unos cimientos s\u00f3lidos al Universo Marvel, los cuales comienzan por los fichajes de <a href=\"https:\/\/www.espinof.com\/tag\/tom-hiddleston\">Tom Hiddleston<\/a> y <a href=\"https:\/\/www.espinof.com\/tag\/chris-hemsworth\">Chris Hemsworth<\/a> para dos de los papeles \u00abm\u00e1s dif\u00edciles\u00bb de adjudicar.<\/p>\n<p><!-- BREAK 3 --><\/p>\n<blockquote readability=\"11\">\n<p>\u00abKenneth Branagh merece mucho m\u00e1s cr\u00e9dito del que ha obtenido por dar forma al Universo Cinematogr\u00e1fico de Marvel, porque el de Thor y el Loki fueron dos de los castings m\u00e1s dif\u00edciles. Si no adoras a Thor mientras se comporta como un capullo arrogante, y no amas y odias a Loki al mismo tiempo, la cosa se desmorona\u00bb.<\/p>\n<\/blockquote>\n<p>Stentz continu\u00f3 su reflexi\u00f3n apuntando a que sin la disfrutable &#8216;Capit\u00e1n Am\u00e9rica&#8217; de 2011 y la &#8216;Thor&#8217; de Branagh, <strong>la &#8216;Vengadores&#8217; que todos conocimos no hubiese sido posible<\/strong>.<\/p>\n<p><!-- BREAK 4 --><\/p>\n<blockquote readability=\"11\">\n<p>\u00abEl Universo Cinematogr\u00e1fico de Marvel ha pasado tanto tiempo cosechando \u00e9xitos que es dif\u00edcil olvidar sus primeros tropiezos. &#8216;El incre\u00edble Hulk&#8217; funcion\u00f3 lo justo y &#8216;Iron Man 2&#8217; hizo montones de dinero, pero creativamente fue irregular. &#8216;Thor&#8217; y &#8216;Capit\u00e1n Am\u00e9rica&#8217; tuvieron que triunfar en 2011 para plantear las bases de &#8216;Los Vengadores&#8217; en 2012. Si &#8216;Thor&#8217; y &#8216;Capit\u00e1n Am\u00e9rica&#8217; hubiesen funcionado al nivel de &#8216;El incre\u00edble Hulk&#8217;, hubi\u00e9semos tenido una &#8216;Los Vengadores&#8217;, pero probablemente hubiese tenido reshoots y hubiese sido remontada en una especie de &#8216;Iron Man y sus amigos&#8217; en lugar de la obra coral que tuvimos\u00bb.<\/p>\n<\/blockquote>\n<p>No ser\u00e9 yo quien quite la raz\u00f3n al se\u00f1or Stentz \u2014de hecho, creo que hay mucha verdad en sus palabras\u2014, pero esto no significa que el desbarre shakespeariano-superher\u00f3ico de Branagh no contin\u00fae siendo <strong>una de las producciones m\u00e1s irregulares y aburridas<\/strong> \u2014y con m\u00e1s planos holandeses\u2014 del Universo Marvel.<\/p>\n<p><!-- BREAK 5 --> <\/p>\n","protected":false},"excerpt":{"rendered":"<p>Si est\u00e1is en mi equipo y os pillan desprevenidos para preguntaros sin dar demasiado tiempo a pensar cu\u00e1les son las peores pel\u00edculas del Universo Cinematogr\u00e1fico de Marvel, es posible que no tard\u00e9is ni un segundo en pronunciar los t\u00edtulos de &#8216;Iron Man 2&#8217;, &#8216;Thor: El mundo oscuro&#8217; \u2014glups\u2014 y, probablemente, una primera &#8216;Thor&#8217; cuyos revisionados [&hellip;]<\/p>\n","protected":false},"author":1,"featured_media":19765,"comment_status":"open","ping_status":"closed","sticky":false,"template":"","format":"standard","meta":[],"categories":[1],"tags":[],"_links":{"self":[{"href":"http:\/\/hoycordobaweb.com\/index.php\/wp-json\/wp\/v2\/posts\/19764"}],"collection":[{"href":"http:\/\/hoycordobaweb.com\/index.php\/wp-json\/wp\/v2\/posts"}],"about":[{"href":"http:\/\/hoycordobaweb.com\/index.php\/wp-json\/wp\/v2\/types\/post"}],"author":[{"embeddable":true,"href":"http:\/\/hoycordobaweb.com\/index.php\/wp-json\/wp\/v2\/users\/1"}],"replies":[{"embeddable":true,"href":"http:\/\/hoycordobaweb.com\/index.php\/wp-json\/wp\/v2\/comments?post=19764"}],"version-history":[{"count":0,"href":"http:\/\/hoycordobaweb.com\/index.php\/wp-json\/wp\/v2\/posts\/19764\/revisions"}],"wp:featuredmedia":[{"embeddable":true,"href":"http:\/\/hoycordobaweb.com\/index.php\/wp-json\/wp\/v2\/media\/19765"}],"wp:attachment":[{"href":"http:\/\/hoycordobaweb.com\/index.php\/wp-json\/wp\/v2\/media?parent=19764"}],"wp:term":[{"taxonomy":"category","embeddable":true,"href":"http:\/\/hoycordobaweb.com\/index.php\/wp-json\/wp\/v2\/categories?post=19764"},{"taxonomy":"post_tag","embeddable":true,"href":"http:\/\/hoycordobaweb.com\/index.php\/wp-json\/wp\/v2\/tags?post=19764"}],"curies":[{"name":"wp","href":"https:\/\/api.w.org\/{rel}","templated":true}]}}