{"id":19763,"date":"2021-05-07T12:54:21","date_gmt":"2021-05-07T12:54:21","guid":{"rendered":"http:\/\/fono.fcm.unc.edu.ar\/?p=6176"},"modified":"2021-05-07T12:54:21","modified_gmt":"2021-05-07T12:54:21","slug":"trabajo-final-de-investigacion-solicitud-de-admision-para-llamado-de-junio","status":"publish","type":"post","link":"http:\/\/hoycordobaweb.com\/index.php\/2021\/05\/07\/trabajo-final-de-investigacion-solicitud-de-admision-para-llamado-de-junio\/","title":{"rendered":"Trabajo Final de Investigaci\u00f3n: solicitud de admisi\u00f3n para Llamado de junio"},"content":{"rendered":"<h2 class=\"fusion-post-title\">Trabajo Final de Investigaci\u00f3n: solicitud de admisi\u00f3n para Llamado de junio<\/h2>\n<div class=\"post-content\" readability=\"49.28503336511\">\n<p><img loading=\"lazy\" class=\"size-medium wp-image-5905 alignright\" src=\"https:\/\/fono.fcm.unc.edu.ar\/wp-content\/uploads\/sites\/14\/2021\/04\/WhatsApp-Image-2021-04-06-at-12.31.27-300x213.jpeg\" alt width=\"300\" height=\"213\" srcset=\"https:\/\/fono.fcm.unc.edu.ar\/wp-content\/uploads\/sites\/14\/2021\/04\/WhatsApp-Image-2021-04-06-at-12.31.27-200x142.jpeg 200w, https:\/\/fono.fcm.unc.edu.ar\/wp-content\/uploads\/sites\/14\/2021\/04\/WhatsApp-Image-2021-04-06-at-12.31.27-300x214.jpeg 300w, https:\/\/fono.fcm.unc.edu.ar\/wp-content\/uploads\/sites\/14\/2021\/04\/WhatsApp-Image-2021-04-06-at-12.31.27-400x284.jpeg 400w, https:\/\/fono.fcm.unc.edu.ar\/wp-content\/uploads\/sites\/14\/2021\/04\/WhatsApp-Image-2021-04-06-at-12.31.27-600x426.jpeg 600w, https:\/\/fono.fcm.unc.edu.ar\/wp-content\/uploads\/sites\/14\/2021\/04\/WhatsApp-Image-2021-04-06-at-12.31.27-768x545.jpeg 768w, https:\/\/fono.fcm.unc.edu.ar\/wp-content\/uploads\/sites\/14\/2021\/04\/WhatsApp-Image-2021-04-06-at-12.31.27-800x568.jpeg 800w, https:\/\/fono.fcm.unc.edu.ar\/wp-content\/uploads\/sites\/14\/2021\/04\/WhatsApp-Image-2021-04-06-at-12.31.27-1024x726.jpeg 1024w, https:\/\/fono.fcm.unc.edu.ar\/wp-content\/uploads\/sites\/14\/2021\/04\/WhatsApp-Image-2021-04-06-at-12.31.27-1200x851.jpeg 1200w, https:\/\/fono.fcm.unc.edu.ar\/wp-content\/uploads\/sites\/14\/2021\/04\/WhatsApp-Image-2021-04-06-at-12.31.27.jpeg 1280w\" sizes=\"(max-width: 300px) 100vw, 300px\"><\/p>\n<p>Se informa que la Comisi\u00f3n de Trabajo Final est\u00e1 recibiendo Solicitudes de admisi\u00f3n a la asignatura para el <strong>Llamado&nbsp;de junio<\/strong>.<\/p>\n<p><strong>Fecha l\u00edmite de recepci\u00f3n<\/strong>: hasta el 14\/5<\/p>\n<p>Enviando un mail a <a href=\"mailto:fernanda.verde@unc.edu.ar\">fernanda.verde@unc.edu.ar<\/a><\/p>\n<p>Pueden solicitar admisi\u00f3n quienes cumplan con la totalidad de los requisitos y tengan tema de investigaci\u00f3n, director y protocolo de Trabajo final listo.<\/p>\n<p>En todos los casos deben consultar la web http: <a href=\"http:\/\/cieis.webs.fcm.unc.edu.ar\/\">http:\/\/cieis.webs.fcm.unc.edu.ar\/<\/a>&nbsp; para conocer los alcances \u00e9tico de su trabajo.<\/p>\n<p>La Comisi\u00f3n de Trabajo Final realizar\u00e1 una tutor\u00eda de revisi\u00f3n de la documentaci\u00f3n . La misma ser\u00e1 desde la plataforma de Meet y con los usuarios del equipo de investigaci\u00f3n @unc y @mi.unc.edu.ar. En esa entrevista se analizar\u00e1 la factibilidad para la inscripci\u00f3n en Guaran\u00ed para el Llamado de junio 2021.<\/p>\n<p>Tambi\u00e9n es importante que consultes el siguiente link:&nbsp; &nbsp;<a href=\"https:\/\/www.cba.gov.ar\/legislacion-serfis\/\">https:\/\/www.cba.gov.ar\/legislacion-serfis\/<\/a><\/p>\n<p>Para mayor informaci\u00f3n la Comisi\u00f3n de Trabajo Final ofrece algunas defensas virtuales realizadas en 2020:&nbsp;<a href=\"https:\/\/youtube.com\/playlist?list=PLZ-Widf5NVVXZB7GwWtUuGtYw2rH6NJUh\" target=\"_blank\" rel=\"noopener noreferrer\">VER AQU\u00cd<\/a><\/p>\n<\/p><\/div>\n","protected":false},"excerpt":{"rendered":"<p>Trabajo Final de Investigaci\u00f3n: solicitud de admisi\u00f3n para Llamado de junio Se informa que la Comisi\u00f3n de Trabajo Final est\u00e1 recibiendo Solicitudes de admisi\u00f3n a la asignatura para el Llamado&nbsp;de junio. Fecha l\u00edmite de recepci\u00f3n: hasta el 14\/5 Enviando un mail a fernanda.verde@unc.edu.ar Pueden solicitar admisi\u00f3n quienes cumplan con la totalidad de los requisitos y [&hellip;]<\/p>\n","protected":false},"author":1,"featured_media":0,"comment_status":"closed","ping_status":"closed","sticky":false,"template":"","format":"standard","meta":[],"categories":[1],"tags":[],"_links":{"self":[{"href":"http:\/\/hoycordobaweb.com\/index.php\/wp-json\/wp\/v2\/posts\/19763"}],"collection":[{"href":"http:\/\/hoycordobaweb.com\/index.php\/wp-json\/wp\/v2\/posts"}],"about":[{"href":"http:\/\/hoycordobaweb.com\/index.php\/wp-json\/wp\/v2\/types\/post"}],"author":[{"embeddable":true,"href":"http:\/\/hoycordobaweb.com\/index.php\/wp-json\/wp\/v2\/users\/1"}],"replies":[{"embeddable":true,"href":"http:\/\/hoycordobaweb.com\/index.php\/wp-json\/wp\/v2\/comments?post=19763"}],"version-history":[{"count":0,"href":"http:\/\/hoycordobaweb.com\/index.php\/wp-json\/wp\/v2\/posts\/19763\/revisions"}],"wp:attachment":[{"href":"http:\/\/hoycordobaweb.com\/index.php\/wp-json\/wp\/v2\/media?parent=19763"}],"wp:term":[{"taxonomy":"category","embeddable":true,"href":"http:\/\/hoycordobaweb.com\/index.php\/wp-json\/wp\/v2\/categories?post=19763"},{"taxonomy":"post_tag","embeddable":true,"href":"http:\/\/hoycordobaweb.com\/index.php\/wp-json\/wp\/v2\/tags?post=19763"}],"curies":[{"name":"wp","href":"https:\/\/api.w.org\/{rel}","templated":true}]}}