{"id":19663,"date":"2021-05-07T19:16:00","date_gmt":"2021-05-07T19:16:00","guid":{"rendered":"http:\/\/hoycordobaweb.com\/index.php\/2021\/05\/07\/platense-se-queda-sin-entrenador-tras-el-final-de-la-primera-fase\/"},"modified":"2021-05-07T19:16:00","modified_gmt":"2021-05-07T19:16:00","slug":"platense-se-queda-sin-entrenador-tras-el-final-de-la-primera-fase","status":"publish","type":"post","link":"http:\/\/hoycordobaweb.com\/index.php\/2021\/05\/07\/platense-se-queda-sin-entrenador-tras-el-final-de-la-primera-fase\/","title":{"rendered":"Platense se queda sin entrenador tras el final de la primera fase"},"content":{"rendered":"<p><img src=\"http:\/\/hoycordobaweb.com\/wp-content\/uploads\/2021\/05\/platense-se-queda-sin-entrenador-tras-el-final-de-la-primera-fase.jpg\"><\/p>\n<div class=\"image\" id=\"image\" readability=\"9\"> <img src=\"http:\/\/hoycordobaweb.com\/wp-content\/uploads\/2021\/05\/platense-se-queda-sin-entrenador-tras-el-final-de-la-primera-fase-2.jpg\" alt=\"Juan Manuel Llop, el entrenador con el cual el &quot;Calamar&quot; regres\u00f3 a Primera Divisi\u00f3n tras casi 22 a\u00f1os (foto archivo)\" title=\"Juan Manuel Llop, el entrenador con el cual el &quot;Calamar&quot; regres\u00f3 a Primera Divisi\u00f3n tras casi 22 a\u00f1os (foto archivo)\"><\/p>\n<p>Juan Manuel Llop, el entrenador con el cual el \u00abCalamar\u00bb regres\u00f3 a Primera Divisi\u00f3n tras casi 22 a\u00f1os (foto archivo)<\/p>\n<\/div>\n<p>El entrenador del \u00abCalamar\u00bb dejar\u00e1 este domingo su cargo tras el partido contra Rosario Central, por la \u00faltima y 13ra. fecha de la Copa de la Liga Profesional de F\u00fatbol (LPF), seg\u00fan anunciaron desde la instituci\u00f3n.<\/p>\n<p>\u00abTras reunirse con el Consejo de F\u00fatbol, de com\u00fan acuerdo y en excelentes t\u00e9rminos, Juan Manuel Llop y los directivos del Club decidieron discontinuar el ciclo tras la disputa del \u00faltimo partido en la Copa de la Liga, frente a Rosario Central\u00bb, anunci\u00f3 el texto.<\/p>\n<p>\u00abEn ese encuentro, el entrenador y su cuerpo t\u00e9cnico ser\u00e1n reconocidos por la instituci\u00f3n en agradecimiento a su trabajo que marc\u00f3 el retorno a Primera Divisi\u00f3n\u00bb, continu\u00f3.<\/p>\n<p>Llop asumi\u00f3 el 12 de marzo del a\u00f1o pasado en Platense, luego del parate por el inicio de la pandemia del coronavirus, y dirigi\u00f3 en el breve torneo de la Primera Nacional, en el que ascendieron por el Reducido, al vencer a Estudiantes de R\u00edo Cuarto por penales en Rosario. As\u00ed devolvi\u00f3 a Platense a la m\u00e1xima categor\u00eda luego de 22 a\u00f1os.<\/p>\n<p>Ya en la Copa de la Liga Profesional sum\u00f3 3 victorias (todas de visitante), 2 empates y 7 derrotas.<\/p>\n<p>\u00abQueremos agradecerle de sobremanera a Juan Manuel Llop y a todo su cuerpo t\u00e9cnico, el profesionalismo y dedicaci\u00f3n durante todo este tiempo compartido, donde su paso por el Club Atl\u00e9tico Platense qued\u00f3 marcado para siempre en nuestra historia\u00bb, cerraron.<\/p>\n","protected":false},"excerpt":{"rendered":"<p>Juan Manuel Llop, el entrenador con el cual el \u00abCalamar\u00bb regres\u00f3 a Primera Divisi\u00f3n tras casi 22 a\u00f1os (foto archivo) El entrenador del \u00abCalamar\u00bb dejar\u00e1 este domingo su cargo tras el partido contra Rosario Central, por la \u00faltima y 13ra. fecha de la Copa de la Liga Profesional de F\u00fatbol (LPF), seg\u00fan anunciaron desde la [&hellip;]<\/p>\n","protected":false},"author":1,"featured_media":19664,"comment_status":"open","ping_status":"closed","sticky":false,"template":"","format":"standard","meta":[],"categories":[19],"tags":[],"_links":{"self":[{"href":"http:\/\/hoycordobaweb.com\/index.php\/wp-json\/wp\/v2\/posts\/19663"}],"collection":[{"href":"http:\/\/hoycordobaweb.com\/index.php\/wp-json\/wp\/v2\/posts"}],"about":[{"href":"http:\/\/hoycordobaweb.com\/index.php\/wp-json\/wp\/v2\/types\/post"}],"author":[{"embeddable":true,"href":"http:\/\/hoycordobaweb.com\/index.php\/wp-json\/wp\/v2\/users\/1"}],"replies":[{"embeddable":true,"href":"http:\/\/hoycordobaweb.com\/index.php\/wp-json\/wp\/v2\/comments?post=19663"}],"version-history":[{"count":0,"href":"http:\/\/hoycordobaweb.com\/index.php\/wp-json\/wp\/v2\/posts\/19663\/revisions"}],"wp:featuredmedia":[{"embeddable":true,"href":"http:\/\/hoycordobaweb.com\/index.php\/wp-json\/wp\/v2\/media\/19664"}],"wp:attachment":[{"href":"http:\/\/hoycordobaweb.com\/index.php\/wp-json\/wp\/v2\/media?parent=19663"}],"wp:term":[{"taxonomy":"category","embeddable":true,"href":"http:\/\/hoycordobaweb.com\/index.php\/wp-json\/wp\/v2\/categories?post=19663"},{"taxonomy":"post_tag","embeddable":true,"href":"http:\/\/hoycordobaweb.com\/index.php\/wp-json\/wp\/v2\/tags?post=19663"}],"curies":[{"name":"wp","href":"https:\/\/api.w.org\/{rel}","templated":true}]}}