{"id":19610,"date":"2021-05-06T20:00:39","date_gmt":"2021-05-06T20:00:39","guid":{"rendered":"http:\/\/manoamanocba.com.ar\/?p=4397"},"modified":"2021-05-06T20:00:39","modified_gmt":"2021-05-06T20:00:39","slug":"elecciones-legislativas-2021","status":"publish","type":"post","link":"http:\/\/hoycordobaweb.com\/index.php\/2021\/05\/06\/elecciones-legislativas-2021\/","title":{"rendered":"Elecciones legislativas 2021"},"content":{"rendered":"<div><img src=\"http:\/\/hoycordobaweb.com\/wp-content\/uploads\/2021\/05\/elecciones-legislativas-2021.jpg\" class=\"ff-og-image-inserted\"><\/div>\n<p class=\"com-paragraph --capital --s\">Este 2021 se realizar\u00e1n las elecciones legislativas nacionales, pautadas para el segundo semestre. Al menos hasta ahora. Las gestiones por suspender o cancelar las Primarias Abiertas, Simult\u00e1neas y Obligatorias (PASO) y la elecci\u00f3n general a\u00fan son tema de debate en el oficialismo y en la oposici\u00f3n.<\/p>\n<p class=\"com-paragraph --capital --s\">La conveniencia de llevarlas adelante durante la pandemia de Covid-19 es un tema que a\u00fan est\u00e1 en discusi\u00f3n y mientras tanto, avanza&nbsp;el cronograma electoral de la Comisi\u00f3n Nacional Electoral (CNE),en donde se ha fijado que las PASO y la elecci\u00f3n general se realicen el&nbsp;<strong>8 de agosto y 24 de octubre, respectivamente.<\/strong><\/p>\n<h3 class=\"com-title --m\">\u00bfQu\u00e9 se vota en las Elecciones 2021?<\/h3>\n<p class=\"com-paragraph --s\">En estas elecciones la C\u00e1mara de Diputados renovar\u00e1 127 de sus 257 bancas y el Senado 24 de los 54 esca\u00f1os que posee.<\/p>\n<p>En agosto de 2021 tendr\u00e1n lugar las&nbsp;<strong>Primarias, Abiertas, Simult\u00e1neas y Obligatorias&nbsp;<\/strong>(PAS0), para seleccionar a los candidatos y listas que finalmente competir\u00e1n en octubre, en las que se se renovar\u00e1n las bancas de<strong>&nbsp;127 diputados<\/strong>&nbsp;-que tendr\u00e1n mandato de cuatro a\u00f1os hasta 2025- y de&nbsp;<strong>un tercio del Senado<\/strong>&nbsp;-24 esca\u00f1os-. El mandato de los nuevos senadores durar\u00e1 seis a\u00f1os, hasta 2027.<\/p>\n<h3><strong>C\u00e1mara de Diputados<\/strong><\/h3>\n<p>En la&nbsp;<strong>C\u00e1mara baja<\/strong>, ingresar\u00e1n 13 nuevos diputados por la Ciudad de Buenos Aires; 35 por la provincia de Buenos Aires; nueve por Santa Fe y C\u00f3rdoba; cinco por Entre R\u00edos y Mendoza y cuatro por Chaco y Tucum\u00e1n.<\/p>\n<p>En tanto, Corrientes, Misiones, San Luis, San Juan, Santiago del Estero, Catamarca, Salta, Jujuy, La Pampa, Neuqu\u00e9n y Santa Cruz elegir\u00e1n tres representantes y Formosa, La Rioja, R\u00edo Negro, Chubut y Tierra del Fuego, renovar\u00e1n dos bancas cada una.<\/p>\n<p><strong>\u00bfPero cu\u00e1ntas bancas pondr\u00e1 en juego cada uno de los espacios pol\u00edticos y a qu\u00e9 legisladores se les vence el mandato?<\/strong><\/p>\n<p>En el&nbsp;<strong>Frente de Todos<\/strong>, hoy el espacio pol\u00edtico m\u00e1s numeroso de la C\u00e1mara baja, se someter\u00e1n a elecci\u00f3n 50 de sus 119 bancas&nbsp;<strong>y necesita sumar 10 m\u00e1s para poder alcanzar el qu\u00f3rum propio.<\/strong>&nbsp;Algunos de los principales diputados de este bloque a los que se les termina el mandato son&nbsp;<strong>Gabriela Cerruti<\/strong>,&nbsp;<strong>Carlos Heller<\/strong>&nbsp;-ingres\u00f3 en 2019 para completar el mandato de Juan Cabandi\u00e9-,&nbsp;<strong>M\u00f3nica Macha, Leopoldo Moreau, Vanesa Siley, Walter Correa, Ignacio de Mendiguren<\/strong>&nbsp;-con licencia por su cargo en el BID-,&nbsp;<strong>Fernanda Vallejos<\/strong>&nbsp;y&nbsp;<strong>Hugo Yasky<\/strong>, entre otros.<\/p>\n<p>En tanto,&nbsp;<strong>Juntos por el Cambio<\/strong>&nbsp;y aliados, renovar\u00e1n 60 de sus 115 bancas -26 por el PRO, 26 por la UCR, 7 por la Coalici\u00f3n C\u00edvica y 1 por el Frente C\u00edvico y Social de Catamarca-. Los principales nombres que deber\u00e1n dejar sus bancas son&nbsp;<strong>Carla Carrizo, Fernando Iglesias, Facundo Su\u00e1rez Lastra, H\u00e9ctor \u201cToty\u201d Flores, Graciela Oca\u00f1a, Brenda Austin, H\u00e9ctor Baldassi, Diego Mestre, Jos\u00e9 Cano<\/strong>&nbsp;y&nbsp;<strong>Eduardo Brizuela del Moral.<\/strong><\/p>\n<p>Por su parte, el&nbsp;<strong>Interbloque Unidad Federal para el Desarrollo<\/strong>, que encabeza el diputado mendocino Jos\u00e9 Luis Ram\u00f3n, pondr\u00e1 en juego 4 de sus 6 bancas y el&nbsp;<strong>Interbloque Federal<\/strong>, que lidera Eduardo \u201cBali\u201d Bucca renovar\u00e1 7 de sus 11 esca\u00f1os.<\/p>\n<p>Por \u00faltimo, el&nbsp;<strong>Frente de Izquierda<\/strong>&nbsp;se jugar\u00e1 sus dos bancas -las actualmente ocupadas por Nicol\u00e1s del Ca\u00f1o y&nbsp;<strong>Juan Carlos Giordano<\/strong>-. mientras que el monobloque del&nbsp;<strong>Movimiento Popular Neuquino<\/strong>&nbsp;renovar\u00e1 la banca de Alma Sapag.<\/p>\n<h3><strong>C\u00e1mara de Senadores<\/strong><\/h3>\n<p>Las provincias que renovar\u00e1n sus tres bancas en las&nbsp;<strong>elecciones legislativas 2021<\/strong>&nbsp;-dos por la fuerza con m\u00e1s votos y una por la segunda- son&nbsp;<strong>Catamarca, Chubut, C\u00f3rdoba, Corrientes, La Pampa, Mendoza, Santa Fe&nbsp;<\/strong>y<strong>&nbsp;Tucum\u00e1n.<\/strong><\/p>\n<p>El&nbsp;<strong>Frente de Todos<\/strong>&nbsp;y sus aliados, que hoy detentan la mayor\u00eda en la C\u00e1mara alta, pondr\u00e1n en juego 15 de sus 43 bancas. Dentro de este espacio, se les vence el mandato a&nbsp;<strong>Anabel Fern\u00e1ndez Sagasti, Mar\u00eda de los \u00c1ngeles Sacnun, Carlos Caserio, Dalmacio Mera, Alfredo Luenzo, Carlos Esp\u00ednola, Jos\u00e9 Alperovich<\/strong>&nbsp;-de licencia por una denuncia de acoso sexual- y&nbsp;<strong>Beatriz Mirkin<\/strong>, entre otros.<\/p>\n<p>En tanto,&nbsp;<strong>Juntos por el Cambio<\/strong>&nbsp;y sus aliados, renovar\u00e1n 9 de sus 29 bancas. Los principales nombres que deber\u00e1n dejar o intentar renovar sus bancas son&nbsp;<strong>Laura Rodr\u00edguez Machado, Pedro Braillard Poccard, Juan Carlos Marino, Julio Cobos, Carlos Reutemann<\/strong>&nbsp;y&nbsp;<strong>Silvia El\u00edas de P\u00e9rez.<\/strong><\/p>\n","protected":false},"excerpt":{"rendered":"<p>Este 2021 se realizar\u00e1n las elecciones legislativas nacionales, pautadas para el segundo semestre. Al menos hasta ahora. Las gestiones por suspender o cancelar las Primarias Abiertas, Simult\u00e1neas y Obligatorias (PASO) y la elecci\u00f3n general a\u00fan son tema de debate en el oficialismo y en la oposici\u00f3n. La conveniencia de llevarlas adelante durante la pandemia de [&hellip;]<\/p>\n","protected":false},"author":1,"featured_media":19611,"comment_status":"closed","ping_status":"closed","sticky":false,"template":"","format":"standard","meta":[],"categories":[19],"tags":[],"_links":{"self":[{"href":"http:\/\/hoycordobaweb.com\/index.php\/wp-json\/wp\/v2\/posts\/19610"}],"collection":[{"href":"http:\/\/hoycordobaweb.com\/index.php\/wp-json\/wp\/v2\/posts"}],"about":[{"href":"http:\/\/hoycordobaweb.com\/index.php\/wp-json\/wp\/v2\/types\/post"}],"author":[{"embeddable":true,"href":"http:\/\/hoycordobaweb.com\/index.php\/wp-json\/wp\/v2\/users\/1"}],"replies":[{"embeddable":true,"href":"http:\/\/hoycordobaweb.com\/index.php\/wp-json\/wp\/v2\/comments?post=19610"}],"version-history":[{"count":0,"href":"http:\/\/hoycordobaweb.com\/index.php\/wp-json\/wp\/v2\/posts\/19610\/revisions"}],"wp:featuredmedia":[{"embeddable":true,"href":"http:\/\/hoycordobaweb.com\/index.php\/wp-json\/wp\/v2\/media\/19611"}],"wp:attachment":[{"href":"http:\/\/hoycordobaweb.com\/index.php\/wp-json\/wp\/v2\/media?parent=19610"}],"wp:term":[{"taxonomy":"category","embeddable":true,"href":"http:\/\/hoycordobaweb.com\/index.php\/wp-json\/wp\/v2\/categories?post=19610"},{"taxonomy":"post_tag","embeddable":true,"href":"http:\/\/hoycordobaweb.com\/index.php\/wp-json\/wp\/v2\/tags?post=19610"}],"curies":[{"name":"wp","href":"https:\/\/api.w.org\/{rel}","templated":true}]}}