{"id":1961,"date":"2020-09-19T17:58:53","date_gmt":"2020-09-19T17:58:53","guid":{"rendered":"https:\/\/ladecimaweb.com\/?p=6842"},"modified":"2020-09-19T17:58:53","modified_gmt":"2020-09-19T17:58:53","slug":"ife-antes-de-fin-de-mes-se-definira-si-hay-un-cuarto-pago","status":"publish","type":"post","link":"http:\/\/hoycordobaweb.com\/index.php\/2020\/09\/19\/ife-antes-de-fin-de-mes-se-definira-si-hay-un-cuarto-pago\/","title":{"rendered":"IFE: antes de fin de mes se definir\u00e1 si hay un cuarto pago"},"content":{"rendered":"<p>La nueva etapa del programa de\u00a0<strong><a href=\"https:\/\/www.ambito.com\/ingreso-familiar-emergencia-a5128425\">Ingreso Familiar de Emergencia<\/a><\/strong>\u00a0(IFE) se definir\u00e1<strong>\u00a0&#8220;antes de fin de mes&#8221;<\/strong>, confirm\u00f3 la titular de la\u00a0<a href=\"https:\/\/www.ambito.com\/anses-a5122534\">Anses<\/a>,\u00a0<strong><a href=\"https:\/\/www.ambito.com\/fernanda-raverta-a5129179\">Fernanda Raverta<\/a><\/strong>, que sostuvo que se est\u00e1 evaluando\u00a0<strong>&#8220;si existe un cuarto pago o se avanza en otra pol\u00edticas social de acompa\u00f1amiento con otras perspectivas&#8221;<\/strong>.<\/p>\n<p>A d\u00edas de que concluya el pago de la tercera ronda del IFE, la posibilidad de que futuros pagos de la ayuda de $10.000 se circunscriban a un universo de j\u00f3venes de entre 18 a 24 a\u00f1os es una de las opciones pero, por ahora, no est\u00e1 definido ya que la decisi\u00f3n del Gobierno es &#8220;no abandonar&#8221; a ning\u00fan argentino en medio de la pandemia.<\/p>\n<p><strong>&#8220;Antes de fin de mes se va anunciar c\u00f3mo sigue el IFE porque en octubre habr\u00eda que empezar a pagarlo de nuevo&#8221;<\/strong>, dijo Raverta en una entrevista con T\u00e9lam.<\/p>\n<p><strong>&#8220;Se est\u00e1 pensando dentro del Gabinete Econ\u00f3mico en c\u00f3mo avanza la pandemia y en ver el impacto de los tres IFEs en las familias y en la econom\u00eda. Estamos evaluando si existe un cuarto pago del IFE o vamos a construir otras pol\u00edticas sociales de acompa\u00f1amiento con otras perspectivas&#8221;<\/strong>, asegur\u00f3 la titular de Anses.<\/p>\n<p>En ese sentido, sostuvo que &#8220;el Gobierno piensa en la producci\u00f3n, el trabajo y el empleo como motor de la econom\u00eda y quiere poner toda la energ\u00eda y los recursos en generar m\u00e1s trabajo al acompa\u00f1ar procesos productivos&#8221;.<\/p>\n<p>Sin embargo, asegur\u00f3 que, mientras se conviva con la pandemia,\u00a0<strong>&#8220;tenemos que ver c\u00f3mo hacer para no abandonar a ning\u00fan argentino o argentina&#8221;.<\/strong><\/p>\n<p>&#8220;La pandemia va ofreciendo una realidad distinta para analizar la realidad. Por eso no podemos decir ni cu\u00e1ntos IFE va a haber ni c\u00f3mo van a ser. Lo que hacemos todo el tiempo es revisar en funci\u00f3n de la salud y la situaci\u00f3n econ\u00f3mica y a partir de ah\u00ed tomar las decisiones&#8221;, afirm\u00f3.<\/p>\n<p>Y agreg\u00f3:<strong>\u00a0&#8220;Todo se piensa en base a la pandemia. Est\u00e1n todas las opciones sobre la mesa&#8221;<\/strong>.<\/p>\n<p>Por otra parte, se\u00f1al\u00f3 que el Gobierno trabaja en &#8220;todos los temas que hacen al sistema previsional y a la seguridad social y en pensar garant\u00edas b\u00e1sicas de desarrollo vital de los argentinos y argentinas&#8221;.<\/p>\n<p>&nbsp;<\/p>\n<div class=\"ubm_banner\"><a href=\"https:\/\/youtu.be\/mmW7hNddl3k\" target=\"_blank\" rel=\"dofollow noopener noreferrer\"><img src=\"http:\/\/hoycordobaweb.com\/wp-content\/uploads\/2020\/09\/ife-antes-de-fin-de-mes-se-definira-si-hay-un-cuarto-pago.gif\" alt=\"\"><\/a><\/div>\n<p>La entrada <a rel=\"nofollow\" href=\"https:\/\/ladecimaweb.com\/ife-antes-de-fin-de-mes-se-definira-si-hay-un-cuarto-pago\/\">IFE: antes de fin de mes se definir\u00e1 si hay un cuarto pago<\/a> se public\u00f3 primero en <a rel=\"nofollow\" href=\"https:\/\/ladecimaweb.com\">LaDecima<\/a>.<\/p>\n","protected":false},"excerpt":{"rendered":"<p>La nueva etapa del programa de\u00a0Ingreso Familiar de Emergencia\u00a0(IFE) se definir\u00e1\u00a0&#8220;antes de fin de mes&#8221;, confirm\u00f3 la titular de la\u00a0Anses,\u00a0Fernanda Raverta, que sostuvo que se est\u00e1 evaluando\u00a0&#8220;si existe un cuarto pago o se avanza en otra pol\u00edticas social de acompa\u00f1amiento con otras perspectivas&#8221;. A d\u00edas de que concluya el pago de la tercera ronda del [&hellip;]<\/p>\n","protected":false},"author":1,"featured_media":1962,"comment_status":"closed","ping_status":"closed","sticky":false,"template":"","format":"standard","meta":[],"categories":[19],"tags":[],"_links":{"self":[{"href":"http:\/\/hoycordobaweb.com\/index.php\/wp-json\/wp\/v2\/posts\/1961"}],"collection":[{"href":"http:\/\/hoycordobaweb.com\/index.php\/wp-json\/wp\/v2\/posts"}],"about":[{"href":"http:\/\/hoycordobaweb.com\/index.php\/wp-json\/wp\/v2\/types\/post"}],"author":[{"embeddable":true,"href":"http:\/\/hoycordobaweb.com\/index.php\/wp-json\/wp\/v2\/users\/1"}],"replies":[{"embeddable":true,"href":"http:\/\/hoycordobaweb.com\/index.php\/wp-json\/wp\/v2\/comments?post=1961"}],"version-history":[{"count":0,"href":"http:\/\/hoycordobaweb.com\/index.php\/wp-json\/wp\/v2\/posts\/1961\/revisions"}],"wp:featuredmedia":[{"embeddable":true,"href":"http:\/\/hoycordobaweb.com\/index.php\/wp-json\/wp\/v2\/media\/1962"}],"wp:attachment":[{"href":"http:\/\/hoycordobaweb.com\/index.php\/wp-json\/wp\/v2\/media?parent=1961"}],"wp:term":[{"taxonomy":"category","embeddable":true,"href":"http:\/\/hoycordobaweb.com\/index.php\/wp-json\/wp\/v2\/categories?post=1961"},{"taxonomy":"post_tag","embeddable":true,"href":"http:\/\/hoycordobaweb.com\/index.php\/wp-json\/wp\/v2\/tags?post=1961"}],"curies":[{"name":"wp","href":"https:\/\/api.w.org\/{rel}","templated":true}]}}