{"id":19606,"date":"2021-05-07T18:01:41","date_gmt":"2021-05-07T18:01:41","guid":{"rendered":"http:\/\/ladecimaweb.com\/?p=9598"},"modified":"2021-05-07T18:01:41","modified_gmt":"2021-05-07T18:01:41","slug":"puestos-de-testeo-fijo-covid-19-lugares-y-horarios-en-cordoba-capital","status":"publish","type":"post","link":"http:\/\/hoycordobaweb.com\/index.php\/2021\/05\/07\/puestos-de-testeo-fijo-covid-19-lugares-y-horarios-en-cordoba-capital\/","title":{"rendered":"Puestos de testeo fijo Covid-19: lugares y horarios en C\u00f3rdoba Capital"},"content":{"rendered":"<p><a href=\"https:\/\/prensa.cba.gov.ar\/informacion-general\/salud-suma-puestos-de-testeo-en-los-cpc-colon-y-ruta-20\/\"><em>(Info de gobierno)<\/em> <\/a>El Ministerio de Salud recuerda la importancia de los testeos para sostener la prevenci\u00f3n del coronavirus y la vigilancia epidemiol\u00f3gica en la provincia.<\/p>\n<p>En este sentido, a partir de este viernes se habilitar\u00e1n otros dos puestos de testeo en los CPC Col\u00f3n y Ruta 20. Funcionar\u00e1n mediante una trabajo articulado entre la Provincia y la Municipalidad de C\u00f3rdoba.<\/p>\n<p>Estos puestos atender\u00e1n de lunes a viernes de 8 a 12, con personal municipal. Por la tarde, funcionar\u00e1n de 14 a 18 a cargo de la Provincia.<\/p>\n<p>La cartera sanitaria indic\u00f3 que los vecinos del sector pueden acudir a testearse, con o sin s\u00edntomas de Covid-19.<\/p>\n<p><strong>Puestos fijos en C\u00f3rdoba Capital<\/strong><\/p>\n<p><strong>\u00b7\u00a0 \u00a0<\/strong>\u00a0\u00a0 \u00a0 \u00a0<strong>Centro Cultural C\u00f3rdoba (ubicado en Av. Poeta Lugones 401)<\/strong><\/p>\n<p><em>De lunes a s\u00e1bado de 9 a 18.<br \/>\nFeriados de 9 a 12.<br \/>\nLos mi\u00e9rcoles se extiende hasta las 19.<br \/>\nDomingo de 8 a 18.<\/em><\/p>\n<p><strong>\u00b7\u00a0\u00a0<\/strong>\u00a0 \u00a0 \u00a0<strong>\u00a0\u00a0Plaza San Martin<br \/>\n\u00b7\u00a0 \u00a0 \u00a0 \u00a0 \u00a0Ex Plaza V\u00e9lez Sarsfield (frente al Patio Olmos)<br \/>\n\u00b7\u00a0 \u00a0 \u00a0 \u00a0 \u00a0Parque de las Naciones.<\/strong><\/p>\n<p><em>De lunes a s\u00e1bado de 9 a 20.<\/em><\/p>\n<p>\u00b7\u00a0 \u00a0 \u00a0 \u00a0<strong>\u00a0\u00a0CPC Villa el Libertador<br \/>\n\u00b7\u00a0 \u00a0 \u00a0 \u00a0 \u00a0CPC Centro Am\u00e9rica<br \/>\n\u00b7\u00a0 \u00a0 \u00a0 \u00a0 \u00a0CPC Pueyrred\u00f3n<br \/>\n\u00b7\u00a0 \u00a0 \u00a0 \u00a0 \u00a0CPC Monse\u00f1or Pablo Cabrera<br \/>\n\u00b7\u00a0 \u00a0 \u00a0 \u00a0 \u00a0CPC Empalme<br \/>\n\u00b7\u00a0 \u00a0 \u00a0 \u00a0 \u00a0CPC RancaguaCPC Col\u00f3n<br \/>\n\u00b7\u00a0 \u00a0 \u00a0 \u00a0 \u00a0CPC Ruta 20<\/strong><\/p>\n<p><em>Lunes a viernes de 8 a 18 horas (sin turno)<br \/>\nDe 8 a 12 gesti\u00f3n de la Municipalidad de C\u00f3rdoba<br \/>\nDe 14 a 18 gesti\u00f3n del Gobierno de la Provincia de C\u00f3rdoba<\/em><\/p>\n<p><strong>Estos puestos sanitarios estar\u00e1n habilitados\u00a0para todas las personas de la zona que deseen testearse. En todos los casos, atienden sin turno previo\u00a0(a demanda espont\u00e1nea).<\/strong><\/p>\n<p><strong>EL CPC San Felipe por el momento estar\u00e1 sin funcionar.<\/strong><\/p>\n<p>&nbsp;<\/p>\n<div class=\"ubm_banner\"><a href=\"https:\/\/www.youtube.com\/watch?v=4MQW8zM648g\" target=\"_blank\" rel=\"dofollow noopener noreferrer\"><img src=\"http:\/\/hoycordobaweb.com\/wp-content\/uploads\/2021\/05\/puestos-de-testeo-fijo-covid-19-lugares-y-horarios-en-cordoba-capital.gif\" alt=\"\"><\/a><\/div>\n<p>La entrada <a rel=\"nofollow\" href=\"https:\/\/ladecimaweb.com\/puestos-de-testeo-fijo-covid-19-lugares-y-horarios-en-cordoba-capital\/\">Puestos de testeo fijo Covid-19: lugares y horarios en C\u00f3rdoba Capital<\/a> se public\u00f3 primero en <a rel=\"nofollow\" href=\"https:\/\/ladecimaweb.com\">LaDecima<\/a>.<\/p>\n","protected":false},"excerpt":{"rendered":"<p>(Info de gobierno) El Ministerio de Salud recuerda la importancia de los testeos para sostener la prevenci\u00f3n del coronavirus y la vigilancia epidemiol\u00f3gica en la provincia. En este sentido, a partir de este viernes se habilitar\u00e1n otros dos puestos de testeo en los CPC Col\u00f3n y Ruta 20. Funcionar\u00e1n mediante una trabajo articulado entre la [&hellip;]<\/p>\n","protected":false},"author":1,"featured_media":19607,"comment_status":"closed","ping_status":"closed","sticky":false,"template":"","format":"standard","meta":[],"categories":[19],"tags":[],"_links":{"self":[{"href":"http:\/\/hoycordobaweb.com\/index.php\/wp-json\/wp\/v2\/posts\/19606"}],"collection":[{"href":"http:\/\/hoycordobaweb.com\/index.php\/wp-json\/wp\/v2\/posts"}],"about":[{"href":"http:\/\/hoycordobaweb.com\/index.php\/wp-json\/wp\/v2\/types\/post"}],"author":[{"embeddable":true,"href":"http:\/\/hoycordobaweb.com\/index.php\/wp-json\/wp\/v2\/users\/1"}],"replies":[{"embeddable":true,"href":"http:\/\/hoycordobaweb.com\/index.php\/wp-json\/wp\/v2\/comments?post=19606"}],"version-history":[{"count":0,"href":"http:\/\/hoycordobaweb.com\/index.php\/wp-json\/wp\/v2\/posts\/19606\/revisions"}],"wp:featuredmedia":[{"embeddable":true,"href":"http:\/\/hoycordobaweb.com\/index.php\/wp-json\/wp\/v2\/media\/19607"}],"wp:attachment":[{"href":"http:\/\/hoycordobaweb.com\/index.php\/wp-json\/wp\/v2\/media?parent=19606"}],"wp:term":[{"taxonomy":"category","embeddable":true,"href":"http:\/\/hoycordobaweb.com\/index.php\/wp-json\/wp\/v2\/categories?post=19606"},{"taxonomy":"post_tag","embeddable":true,"href":"http:\/\/hoycordobaweb.com\/index.php\/wp-json\/wp\/v2\/tags?post=19606"}],"curies":[{"name":"wp","href":"https:\/\/api.w.org\/{rel}","templated":true}]}}