{"id":19591,"date":"2021-05-07T18:00:18","date_gmt":"2021-05-07T18:00:18","guid":{"rendered":"https:\/\/www.espinof.com\/criticas\/ilargi-guztiak-todas-lunas-ambiciosa-fabula-historica-raices-folk-que-imagina-dejame-entrar-pais-vasco"},"modified":"2021-05-07T18:00:18","modified_gmt":"2021-05-07T18:00:18","slug":"ilargi-guztiak-todas-las-lunas-una-ambiciosa-fabula-historica-con-raices-folk-que-imagina-dejame-entrar-en-el-pais-vasco","status":"publish","type":"post","link":"http:\/\/hoycordobaweb.com\/index.php\/2021\/05\/07\/ilargi-guztiak-todas-las-lunas-una-ambiciosa-fabula-historica-con-raices-folk-que-imagina-dejame-entrar-en-el-pais-vasco\/","title":{"rendered":"&#8216;Ilargi Guztiak, Todas Las Lunas&#8217;: una ambiciosa f\u00e1bula hist\u00f3rica con ra\u00edces folk que imagina &#8216;D\u00e9jame entrar&#8217; en el Pa\u00eds Vasco"},"content":{"rendered":"<p>El <a href=\"https:\/\/www.espinof.com\/otros-festivales-de-cine\/los-festivales-de-cine-que-habra-en-espana-en-mayo\">Festival de Cine Fant\u00e1stico FANT<\/a>, organizado por el Ayuntamiento de Bilbao, ha arrancado con &#8216;<a href=\"https:\/\/www.sensacine.com\/peliculas\/pelicula-281459\/\">Ilargi Guztiak. Todas las Lunas<\/a>&#8216;, que ha exhibido el largometraje en el Teatro Campos El\u00edseos en su gala de inauguraci\u00f3n, antes de su estreno nacional el <strong>14 de mayo<\/strong>. El film trata el <strong>fant\u00e1stico a trav\u00e9s del drama hist\u00f3rico y ecos de cuento de hadas<\/strong> moderno.<\/p>\n<p><!-- BREAK 1 --><\/p>\n<p>La tem\u00e1tica vamp\u00edrica del film sintoniza bien con el tema del festival, que hace homenaje a Dr\u00e1cula, en una exposici\u00f3n complementaria, aunque la intenci\u00f3n est\u00e1 m\u00e1s bien alejada de las intenciones de Bram Stoker, trat\u00e1ndose de <strong>una mirada \u00edntima a la vida de una ni\u00f1a que es convertida en vampiro<\/strong> con poco inter\u00e9s en el terror y m\u00e1s centrada en la tragedia del d\u00eda a d\u00eda de alguien con la enfermedad, con un ojo puesto en la f\u00e1bula y otro en la recreaci\u00f3n hist\u00f3rica. <\/p>\n<p><!-- BREAK 2 --> <!--more--> <\/p>\n<h2>Fant\u00e1stico borroso<\/h2>\n<p>&#8216;Todas las lunas&#8217; trascurre, como la reciente &#8216;Errementari&#8217; durante los estertores de la \u00faltima guerra carlista, y en ese contexto una ni\u00f1a es rescatada de un orfanato que acaba de ser atacado por una misteriosa mujer (<strong>Itziar Itu\u00f1o<\/strong>) que habita en lo profundo del bosque. Malherida, la peque\u00f1a creer\u00e1 ver en ella a un \u00e1ngel que ha venido a buscarla para llev\u00e1rsela al Cielo, pero lo que hace realmente es <strong>donarle la vida eterna a cambio de su compa\u00f1\u00eda.<\/strong><\/p>\n<p><!-- BREAK 3 --><\/p>\n<p>El desarrollo de su historia no es diferente al que podr\u00eda tener la ni\u00f1a de &#8216;<a href=\"https:\/\/www.espinof.com\/criticas\/entrevista-con-el-vampiro-autentica-mitologia-vampirica\">Entrevista con el vampiro<\/a>&#8216; (1994) pero desde su punto de vista, experimentando el doloroso paso del tiempo encerrada en el cuerpo de una ni\u00f1a, en la que vemos los efectos del vampirismo de una forma relativamente realista, pese al tono de leyenda, y la seguimos \u00abcontando lunas\u00bb hasta conocer a C\u00e1ndido, un hombre humilde que le acoger\u00e1 en su casa como a su propia hija, lo que dar\u00e1 lugar a <em>una trama de vida rural sin demasiados puntos de nudo<\/em>.<\/p>\n<p><!-- BREAK 4 --><\/p>\n<div class=\"article-asset article-asset-normal article-asset-center\">\n<div class=\"desvio-container\">\n<div class=\"desvio\">\n<div class=\"desvio-figure js-desvio-figure\"> <a href=\"https:\/\/www.espinof.com\/listas\/mejores-peliculas-vampiros-historia\"> <img alt=\"Las 31 mejores pel\u00edculas de vampiros de la historia\" src=\"http:\/\/hoycordobaweb.com\/wp-content\/uploads\/2021\/05\/ilargi-guztiak-todas-las-lunas-una-ambiciosa-fabula-historica-con-raices-folk-que-imagina-dejame-entrar-en-el-pais-vasco.jpg\"> <\/a> <\/div><\/div><\/div>\n<\/div>\n<p>B\u00e1sicamente, en su nudo es donde se emulan las relaciones de &#8216;<a href=\"https:\/\/www.espinof.com\/criticas\/dejame-entrar-poesia-en-clave-vampirica\">D\u00e9jame entrar<\/a>&#8216; pero <strong>dulcificando mucho el lado las implicaciones m\u00e1s s\u00f3rdidas de aquella<\/strong>, navegando entre las experiencias a lo largo del tiempo de los relatos de Anne Rice con el tono m\u00e1s neutro de &#8216;<a href=\"https:\/\/www.espinof.com\/criticas\/byzantium-entrevista-con-la-vampiresa\">Byzantium<\/a>&#8216;, tambi\u00e9n de Neil Jordan, de la que tiene alg\u00fan momento calcado sin mucho pudor. Una l\u00e1stima que no se decida ir por el tono misterioso y turbio que apunta en alg\u00fan momento, en el que podr\u00eda recordar a &#8216;<strong>Lemora, un cuento sobrenatural<\/strong>&#8216;, pero que parece m\u00e1s bien por coincidencia. <\/p>\n<p><!-- BREAK 5 --><\/p>\n<h2>Mitolog\u00eda e historia<\/h2>\n<div class=\"article-asset-image article-asset-large\">\n<div class=\"asset-content\"> <img class=\"sf-lazy centro_sinmarco\" data-sf-srcset=\"http:\/\/hoycordobaweb.com\/wp-content\/uploads\/2021\/05\/ilargi-guztiak-todas-las-lunas-una-ambiciosa-fabula-historica-con-raices-folk-que-imagina-dejame-entrar-en-el-pais-vasco-1.jpg 450w, http:\/\/hoycordobaweb.com\/wp-content\/uploads\/2021\/05\/ilargi-guztiak-todas-las-lunas-una-ambiciosa-fabula-historica-con-raices-folk-que-imagina-dejame-entrar-en-el-pais-vasco-5.jpg 681w,http:\/\/hoycordobaweb.com\/wp-content\/uploads\/2021\/05\/ilargi-guztiak-todas-las-lunas-una-ambiciosa-fabula-historica-con-raices-folk-que-imagina-dejame-entrar-en-el-pais-vasco-6.jpg 1024w, http:\/\/hoycordobaweb.com\/wp-content\/uploads\/2021\/05\/ilargi-guztiak-todas-las-lunas-una-ambiciosa-fabula-historica-con-raices-folk-que-imagina-dejame-entrar-en-el-pais-vasco-7.jpg 1366w,\" data-sf-src=\"http:\/\/hoycordobaweb.com\/wp-content\/uploads\/2021\/05\/ilargi-guztiak-todas-las-lunas-una-ambiciosa-fabula-historica-con-raices-folk-que-imagina-dejame-entrar-en-el-pais-vasco-1.jpg\" alt=\"Lunas\"> <noscript><img alt=\"Lunas\" class=\"centro_sinmarco\" src=\"http:\/\/hoycordobaweb.com\/wp-content\/uploads\/2021\/05\/ilargi-guztiak-todas-las-lunas-una-ambiciosa-fabula-historica-con-raices-folk-que-imagina-dejame-entrar-en-el-pais-vasco-1.jpg\"><\/noscript> <\/div>\n<\/div>\n<p>Igor Legarreta no es nuevo en el fant\u00e1stico, y se nota el toque de autor del guion de la pel\u00edcula para televisi\u00f3n &#8216;Regreso a Moira&#8217; (2006), dentro de la serie &#8216;Pel\u00edculas para no dormir&#8217;, y aqu\u00ed recupera otro mito vasco, el de los &#8216;gauekos&#8217;, <strong>seres de la noche que hac\u00edan que los aldeanos temieran salir por la noche<\/strong>, pero decide eliminar ese romanticismo de temores y superstici\u00f3n, y las enormes posibilidades de los bosques, para mirar desde dentro a estos seres como personas, que se alimentan de guerras y de la muerte mientras la historia pasa por ellos.<\/p>\n<p><!-- BREAK 6 --><\/p>\n<div class=\"article-asset article-asset-normal article-asset-center\">\n<div class=\"desvio-container\">\n<div class=\"desvio\">\n<div class=\"desvio-figure js-desvio-figure\"> <a href=\"https:\/\/www.espinof.com\/listas\/mejores-series-terror-television-espanola\"> <img alt=\"De 'Historias para no dormir' a '30 monedas': las 17 mejores series de terror de la televisi\u00f3n espa\u00f1ola\" src=\"http:\/\/hoycordobaweb.com\/wp-content\/uploads\/2021\/05\/ilargi-guztiak-todas-las-lunas-una-ambiciosa-fabula-historica-con-raices-folk-que-imagina-dejame-entrar-en-el-pais-vasco-2.jpg\"> <\/a> <\/div><\/div><\/div>\n<\/div>\n<p>&#8216;<strong>Todas las lunas<\/strong>&#8216; se presenta como \u00abuna f\u00e1bula fant\u00e1stica que reflexiona sobre el miedo a la muerte y la inmortalidad\u00bb pero resulta <strong>otro de esos filmes fant\u00e1sticos que para justificar su inversi\u00f3n (la producci\u00f3n es estupenda) necesita una coartada did\u00e1ctica<\/strong>, con su base de leyenda que aprobar\u00eda alguna concejal\u00eda de cultura y un tejido hist\u00f3rico que permita la en\u00e9sima caricatura burda del clero y el dibujo rom\u00e1ntico de la historia, con la cl\u00e1sica po\u00e9tica ideol\u00f3gica territorial impl\u00edcita, que a los vampiros les ata\u00f1e regular. <\/p>\n<p><!-- BREAK 7 --><\/p>\n<div class=\"article-asset-image article-asset-large\">\n<div class=\"asset-content\"> <img class=\"sf-lazy centro_sinmarco\" data-sf-srcset=\"http:\/\/hoycordobaweb.com\/wp-content\/uploads\/2021\/05\/ilargi-guztiak-todas-las-lunas-una-ambiciosa-fabula-historica-con-raices-folk-que-imagina-dejame-entrar-en-el-pais-vasco-3.jpg 450w, http:\/\/hoycordobaweb.com\/wp-content\/uploads\/2021\/05\/ilargi-guztiak-todas-las-lunas-una-ambiciosa-fabula-historica-con-raices-folk-que-imagina-dejame-entrar-en-el-pais-vasco-8.jpg 681w,http:\/\/hoycordobaweb.com\/wp-content\/uploads\/2021\/05\/ilargi-guztiak-todas-las-lunas-una-ambiciosa-fabula-historica-con-raices-folk-que-imagina-dejame-entrar-en-el-pais-vasco-9.jpg 1024w, http:\/\/hoycordobaweb.com\/wp-content\/uploads\/2021\/05\/ilargi-guztiak-todas-las-lunas-una-ambiciosa-fabula-historica-con-raices-folk-que-imagina-dejame-entrar-en-el-pais-vasco-10.jpg 1366w,\" data-sf-src=\"http:\/\/hoycordobaweb.com\/wp-content\/uploads\/2021\/05\/ilargi-guztiak-todas-las-lunas-una-ambiciosa-fabula-historica-con-raices-folk-que-imagina-dejame-entrar-en-el-pais-vasco-3.jpg\" alt=\"Ilargi Guztiak Todas Las Lunas 4 1170x500\"> <noscript><img alt=\"Ilargi Guztiak Todas Las Lunas 4 1170x500\" class=\"centro_sinmarco\" src=\"http:\/\/hoycordobaweb.com\/wp-content\/uploads\/2021\/05\/ilargi-guztiak-todas-las-lunas-una-ambiciosa-fabula-historica-con-raices-folk-que-imagina-dejame-entrar-en-el-pais-vasco-3.jpg\"><\/noscript> <\/div>\n<\/div>\n<p>El resultado es otro film impecable a nivel t\u00e9cnico que resulta agradable a la vista pero cuyo guion es mucho m\u00e1s pedestre de lo que su solemnidad pretende, sin lograr transmitir muchas emociones, en sinton\u00eda con otras miradas parecidas al folclore e historia como la citada &#8216;<strong>Errementari<\/strong>&#8216;, &#8216;<a href=\"https:\/\/www.espinof.com\/criticas\/handia-una-preciosa-y-emocionante-fabula\">Hand\u00eda<\/a>&#8216; o la reciente &#8216;<a href=\"https:\/\/www.espinof.com\/criticas\/akelarre-arrebatador-cuento-feminista-luces-sombras-nuestro-pasado\">Akelarre<\/a>&#8216;, que comparten un matiz ceniciento y ocre que alterna el tedio o la indiferencia y <strong>conf\u00eda sus cartas a trasfondos maniqueos que empiezan a repetirse de forma preocupante en estas miradas al g\u00e9nero<\/strong> que actualizan la mitolog\u00eda con las mismas tem\u00e1ticas regionalistas, con m\u00e1s atenci\u00f3n a la imagen que a los conflictos que mueven su historia.<\/p>\n<p><!-- BREAK 8 --> <\/p>\n","protected":false},"excerpt":{"rendered":"<p>El Festival de Cine Fant\u00e1stico FANT, organizado por el Ayuntamiento de Bilbao, ha arrancado con &#8216;Ilargi Guztiak. Todas las Lunas&#8216;, que ha exhibido el largometraje en el Teatro Campos El\u00edseos en su gala de inauguraci\u00f3n, antes de su estreno nacional el 14 de mayo. El film trata el fant\u00e1stico a trav\u00e9s del drama hist\u00f3rico y [&hellip;]<\/p>\n","protected":false},"author":1,"featured_media":19592,"comment_status":"open","ping_status":"closed","sticky":false,"template":"","format":"standard","meta":[],"categories":[1],"tags":[],"_links":{"self":[{"href":"http:\/\/hoycordobaweb.com\/index.php\/wp-json\/wp\/v2\/posts\/19591"}],"collection":[{"href":"http:\/\/hoycordobaweb.com\/index.php\/wp-json\/wp\/v2\/posts"}],"about":[{"href":"http:\/\/hoycordobaweb.com\/index.php\/wp-json\/wp\/v2\/types\/post"}],"author":[{"embeddable":true,"href":"http:\/\/hoycordobaweb.com\/index.php\/wp-json\/wp\/v2\/users\/1"}],"replies":[{"embeddable":true,"href":"http:\/\/hoycordobaweb.com\/index.php\/wp-json\/wp\/v2\/comments?post=19591"}],"version-history":[{"count":0,"href":"http:\/\/hoycordobaweb.com\/index.php\/wp-json\/wp\/v2\/posts\/19591\/revisions"}],"wp:featuredmedia":[{"embeddable":true,"href":"http:\/\/hoycordobaweb.com\/index.php\/wp-json\/wp\/v2\/media\/19592"}],"wp:attachment":[{"href":"http:\/\/hoycordobaweb.com\/index.php\/wp-json\/wp\/v2\/media?parent=19591"}],"wp:term":[{"taxonomy":"category","embeddable":true,"href":"http:\/\/hoycordobaweb.com\/index.php\/wp-json\/wp\/v2\/categories?post=19591"},{"taxonomy":"post_tag","embeddable":true,"href":"http:\/\/hoycordobaweb.com\/index.php\/wp-json\/wp\/v2\/tags?post=19591"}],"curies":[{"name":"wp","href":"https:\/\/api.w.org\/{rel}","templated":true}]}}