{"id":19590,"date":"2021-05-07T13:18:54","date_gmt":"2021-05-07T13:18:54","guid":{"rendered":"http:\/\/fono.fcm.unc.edu.ar\/?p=6143"},"modified":"2021-05-07T13:18:54","modified_gmt":"2021-05-07T13:18:54","slug":"mes-de-la-fonoaudiologia","status":"publish","type":"post","link":"http:\/\/hoycordobaweb.com\/index.php\/2021\/05\/07\/mes-de-la-fonoaudiologia\/","title":{"rendered":"Mes de la Fonoaudiolog\u00eda"},"content":{"rendered":"<h2 class=\"fusion-post-title\">Mes de la Fonoaudiolog\u00eda<\/h2>\n<div class=\"post-content\" readability=\"37.166666666667\">\n<p><em><strong><img loading=\"lazy\" class=\"alignright wp-image-6186 size-fusion-400\" src=\"https:\/\/fono.fcm.unc.edu.ar\/wp-content\/uploads\/sites\/14\/2021\/05\/WhatsApp-Image-2021-05-07-at-10.13.09-400x284.jpeg\" alt width=\"400\" height=\"284\" srcset=\"https:\/\/fono.fcm.unc.edu.ar\/wp-content\/uploads\/sites\/14\/2021\/05\/WhatsApp-Image-2021-05-07-at-10.13.09-200x142.jpeg 200w, https:\/\/fono.fcm.unc.edu.ar\/wp-content\/uploads\/sites\/14\/2021\/05\/WhatsApp-Image-2021-05-07-at-10.13.09-300x214.jpeg 300w, https:\/\/fono.fcm.unc.edu.ar\/wp-content\/uploads\/sites\/14\/2021\/05\/WhatsApp-Image-2021-05-07-at-10.13.09-400x284.jpeg 400w, https:\/\/fono.fcm.unc.edu.ar\/wp-content\/uploads\/sites\/14\/2021\/05\/WhatsApp-Image-2021-05-07-at-10.13.09-600x426.jpeg 600w, https:\/\/fono.fcm.unc.edu.ar\/wp-content\/uploads\/sites\/14\/2021\/05\/WhatsApp-Image-2021-05-07-at-10.13.09-768x545.jpeg 768w, https:\/\/fono.fcm.unc.edu.ar\/wp-content\/uploads\/sites\/14\/2021\/05\/WhatsApp-Image-2021-05-07-at-10.13.09-800x568.jpeg 800w, https:\/\/fono.fcm.unc.edu.ar\/wp-content\/uploads\/sites\/14\/2021\/05\/WhatsApp-Image-2021-05-07-at-10.13.09-1024x726.jpeg 1024w, https:\/\/fono.fcm.unc.edu.ar\/wp-content\/uploads\/sites\/14\/2021\/05\/WhatsApp-Image-2021-05-07-at-10.13.09-1200x851.jpeg 1200w, https:\/\/fono.fcm.unc.edu.ar\/wp-content\/uploads\/sites\/14\/2021\/05\/WhatsApp-Image-2021-05-07-at-10.13.09.jpeg 1280w\" sizes=\"(max-width: 400px) 100vw, 400px\">\u201cLa Fonoaudiolog\u00eda en el territorio de las tecnolog\u00edas accesibles \u201c&nbsp;<\/strong><\/em><\/p>\n<p>Mitos y desaf\u00edos<\/p>\n<p>Disertaci\u00f3n a cargo de Mariela S\u00e1nchez -Dra. en Fonoaudiolog\u00eda \u2013 Directora de la Carrera Lic. en Fonoaudiolog\u00eda de la Universidad&nbsp; del Aconcagua \u2013 Mendoza<br \/><strong>D\u00eda<\/strong>: 12 de mayo<br \/><strong>Hora<\/strong>: 10:00<br \/><em><strong>Cupos limitados<\/strong><\/em>. Inscripci\u00f3n completando el siguiente <a href=\"https:\/\/forms.gle\/6QSQYEC43662euEg7\" target=\"_blank\" rel=\"noopener noreferrer\">Formulario<\/a><\/p>\n<p>Quienes accedan al cupo recibir\u00e1n el link de acceso v\u00eda correo electr\u00f3nico.<\/p>\n<p>Actividad no arancelada.<\/p>\n<\/p><\/div>\n","protected":false},"excerpt":{"rendered":"<p>Mes de la Fonoaudiolog\u00eda \u201cLa Fonoaudiolog\u00eda en el territorio de las tecnolog\u00edas accesibles \u201c&nbsp; Mitos y desaf\u00edos Disertaci\u00f3n a cargo de Mariela S\u00e1nchez -Dra. en Fonoaudiolog\u00eda \u2013 Directora de la Carrera Lic. en Fonoaudiolog\u00eda de la Universidad&nbsp; del Aconcagua \u2013 MendozaD\u00eda: 12 de mayoHora: 10:00Cupos limitados. Inscripci\u00f3n completando el siguiente Formulario Quienes accedan al cupo [&hellip;]<\/p>\n","protected":false},"author":1,"featured_media":0,"comment_status":"closed","ping_status":"closed","sticky":false,"template":"","format":"standard","meta":[],"categories":[1],"tags":[],"_links":{"self":[{"href":"http:\/\/hoycordobaweb.com\/index.php\/wp-json\/wp\/v2\/posts\/19590"}],"collection":[{"href":"http:\/\/hoycordobaweb.com\/index.php\/wp-json\/wp\/v2\/posts"}],"about":[{"href":"http:\/\/hoycordobaweb.com\/index.php\/wp-json\/wp\/v2\/types\/post"}],"author":[{"embeddable":true,"href":"http:\/\/hoycordobaweb.com\/index.php\/wp-json\/wp\/v2\/users\/1"}],"replies":[{"embeddable":true,"href":"http:\/\/hoycordobaweb.com\/index.php\/wp-json\/wp\/v2\/comments?post=19590"}],"version-history":[{"count":0,"href":"http:\/\/hoycordobaweb.com\/index.php\/wp-json\/wp\/v2\/posts\/19590\/revisions"}],"wp:attachment":[{"href":"http:\/\/hoycordobaweb.com\/index.php\/wp-json\/wp\/v2\/media?parent=19590"}],"wp:term":[{"taxonomy":"category","embeddable":true,"href":"http:\/\/hoycordobaweb.com\/index.php\/wp-json\/wp\/v2\/categories?post=19590"},{"taxonomy":"post_tag","embeddable":true,"href":"http:\/\/hoycordobaweb.com\/index.php\/wp-json\/wp\/v2\/tags?post=19590"}],"curies":[{"name":"wp","href":"https:\/\/api.w.org\/{rel}","templated":true}]}}