{"id":19532,"date":"2021-05-06T18:26:00","date_gmt":"2021-05-06T18:26:00","guid":{"rendered":"http:\/\/hoycordobaweb.com\/index.php\/2021\/05\/06\/crece-en-el-mundo-el-apoyo-a-liberar-las-patentes-de-las-vacunas-contra-el-coronavirus\/"},"modified":"2021-05-06T18:26:00","modified_gmt":"2021-05-06T18:26:00","slug":"crece-en-el-mundo-el-apoyo-a-liberar-las-patentes-de-las-vacunas-contra-el-coronavirus","status":"publish","type":"post","link":"http:\/\/hoycordobaweb.com\/index.php\/2021\/05\/06\/crece-en-el-mundo-el-apoyo-a-liberar-las-patentes-de-las-vacunas-contra-el-coronavirus\/","title":{"rendered":"Crece en el mundo el apoyo a liberar las patentes de las vacunas contra el coronavirus"},"content":{"rendered":"<p><img src=\"http:\/\/hoycordobaweb.com\/wp-content\/uploads\/2021\/05\/crece-en-el-mundo-el-apoyo-a-liberar-las-patentes-de-las-vacunas-contra-el-coronavirus.jpg\"><\/p>\n<div class=\"image\" id=\"image\" readability=\"7\"> <img src=\"http:\/\/hoycordobaweb.com\/wp-content\/uploads\/2021\/05\/crece-en-el-mundo-el-apoyo-a-liberar-las-patentes-de-las-vacunas-contra-el-coronavirus-2.jpg\" alt=\"Crece el apoyo a la liberaci\u00f3n de las patentes para combatir el coronavirus.\" title=\"Crece el apoyo a la liberaci\u00f3n de las patentes para combatir el coronavirus.\"><\/p>\n<p>Crece el apoyo a la liberaci\u00f3n de las patentes para combatir el coronavirus.<\/p>\n<\/div>\n<p><strong>Francia y Rusia se sumaron este jueves a Estados Unidos y apoyaron una exenci\u00f3n de las patentes <\/strong>de las vacunas contra el coronavirus para ayudar a pa\u00edses de menores recursos a conseguir m\u00e1s dosis y acelerar la inmunizaci\u00f3n en medio de un agravamiento de la pandemia, pero el rechazo de Alemania puso en duda la viabilidad de esta iniciativa.<\/p>\n<p><strong>El giro del Gobierno de Estados Unidos de apoyar una suspensi\u00f3n temporal de las reglas de la Organizaci\u00f3n Mundial del Comercio (OMC)<\/strong> sobre la propiedad intelectual de las vacunas cay\u00f3 como una bomba en medio de un debate que se remonta a varios meses y en el que la Argentina hab\u00eda sido un claro defensor de la exenci\u00f3n.<\/p>\n<p> <iframe width=\"560\" height=\"315\" src=\"https:\/\/www.youtube.com\/embed\/m2C-lBTL-i4?wmode=transparent&amp;showinfo=0&amp;autohide=1&amp;rel=0\" frameborder=\"0\" allowfullscreen>[embedded content]<\/iframe> <\/p>\n<p>Crece el debate por las patentes de las vacunas para el coronavirus<\/p>\n<p>Aunque activistas celebraron la nueva postura de Estados Unidos, que hasta ayer se hab\u00eda alineado con pa\u00edses desarrollados que rechazaban la idea propuesta por India y Sud\u00e1frica en octubre pasado, la industria farmac\u00e9utica puso el grito en el cielo.<\/p>\n<blockquote readability=\"5\">\n<p>\u00abEstoy completamente a favor de la liberaci\u00f3n de la propiedad intelectual\u00bb<span class=\"comilla\">\u201d<\/span><\/p>\n<p><span>Emmanuel Macron<\/span><\/p>\n<\/blockquote>\n<div class=\"image\" id=\"image\" readability=\"8\"> <img src=\"http:\/\/hoycordobaweb.com\/wp-content\/uploads\/2021\/05\/crece-en-el-mundo-el-apoyo-a-liberar-las-patentes-de-las-vacunas-contra-el-coronavirus-3.jpg\" alt=\"Emmanuel Macron, presidente de Francia.\" title=\"Emmanuel Macron, presidente de Francia.\"><\/p>\n<p>Emmanuel Macron, presidente de Francia.<\/p>\n<\/div>\n<p>El apoyo de Estados Unidos y Francia, dos pa\u00edses con grandes compa\u00f1\u00edas de biotecnolog\u00eda, y Rusia, una potencia estatal en el desarrollo de vacunas, es importante, pero todav\u00eda quedan muchos obst\u00e1culos por superar, como el rechazo de Alemania, otro peso pesado de los productos farmac\u00e9uticos, qu\u00edmicos y de biotecnolog\u00eda.<\/p>\n<p>El papa Francisco ya hab\u00eda dado su bendici\u00f3n a la idea y el presidente de la Pontificia Academia para la Vida, monse\u00f1or Vincenzo Paglia, dijo hoy a T\u00e9lam que el Vaticano celebraba la \u00absabia decisi\u00f3n\u00bb del mandatario estadounidense, Joe Biden.<\/p>\n<p>La atenci\u00f3n se centraba hoy en las naciones m\u00e1s ricas, sobre todo las de la Uni\u00f3n Europea (UE).<\/p>\n<p><strong>Francia fue la primera en manifestar su apoyo, y despu\u00e9s vino Italia, pero Alemania ech\u00f3 agua fr\u00eda sobre la propuesta, aunque se dijo \u00ababierta\u00bb a discutirla.<\/strong><\/p>\n<p>\u00abEstoy completamente a favor de la liberaci\u00f3n de la propiedad intelectual\u00bb, dijo el presidente franc\u00e9s, Emmanuel Macron, en Par\u00eds.<\/p>\n<p>Sin embargo, poco despu\u00e9s, desde Berl\u00edn, el vocero de la canciller Angela Merkel le baj\u00f3 el pulgar a la sugerencia.<\/p>\n<p>\u00abTiene importantes implicaciones para la producci\u00f3n de vacunas como un todo\u00bb, afirm\u00f3 Steffen Seibert y a\u00f1adi\u00f3 que \u00abla protecci\u00f3n de la propiedad intelectual es una fuente de innovaci\u00f3n y debe seguir as\u00ed en el futuro\u00bb.<\/p>\n<p><strong>En Mosc\u00fa, en tanto, el presidente ruso, Vladimir Putin, tambi\u00e9n dio su espaldarazo a la idea.<\/strong><\/p>\n<p>\u00abPor supuesto, Rusia apoyar\u00eda una idea as\u00ed\u00bb, dijo Putin.<\/p>\n<p>Macron, sin embargo, tambi\u00e9n expres\u00f3 sus dudas -as\u00ed como hicieron las grandes compa\u00f1\u00edas farmac\u00e9uticas- de que la idea sea la panacea.<\/p>\n<p>El mandatario franc\u00e9s destac\u00f3 que, incluso con una exenci\u00f3n de las patentes, las compa\u00f1\u00edas productoras de medicamentos de pa\u00edses como los de \u00c1frica no est\u00e1n equipadas como para hacer vacunas contra la Covid-19, as\u00ed que por ahora se deber\u00eda priorizar las donaciones.<\/p>\n<p>Otro escollo m\u00e1s importante es el hecho del consenso que requieren todas las decisiones de la OMC, que pueden ser bloqueadas por cualquiera de los 164 Estados miembro del organismo de comercio de la ONU, con sede en Ginebra.<\/p>\n<p>La presidenta de la Comisi\u00f3n Europea (CE), el Ejecutivo de la UE, dijo que el bloque de 27 pa\u00edses, que ma\u00f1ana arranca una cumbre de dos d\u00edas en Porto, Portugal, estaba listo para discutir la propuesta de Estados Unidos, pero no lleg\u00f3 a respaldarla expresamente.<\/p>\n<p><strong>\u00abEstamos dispuestos a discutir c\u00f3mo la propuesta de Estados Unidos de una suspensi\u00f3n temporal de la protecci\u00f3n de la propiedad intelectual de la vacunas contra la Covid-19 podr\u00eda ayudar\u00bb <\/strong>ante la crisis mundial, dijo, inform\u00f3 la agencia de noticias AFP.<\/p>\n<p>Sus declaraciones se hacen eco de las de la industria farmac\u00e9utica global, que insisten en que una soluci\u00f3n m\u00e1s a la mano es que los pa\u00edses ricos donen a los pobres las vacunas que tienen almacenadas.<\/p>\n<p>Los laboratorios tambi\u00e9n dicen que la producci\u00f3n de las vacunas es muy complicada y que no puede aumentarse solo aliviando las leyes de propiedad intelectual.<\/p>\n<p>En cambio, alegan, reducir los obst\u00e1culos en la cadena de suministro o la escasez de insumos para la producci\u00f3n de vacunas son ahora cuestiones que requieren una soluci\u00f3n m\u00e1s urgente.<\/p>\n<blockquote readability=\"6\">\n<p>\u00abPor supuesto, Rusia apoyar\u00eda una idea as\u00ed\u00bb<span class=\"comilla\">\u201d<\/span><\/p>\n<p><span>Vladimir Putin<\/span><\/p>\n<\/blockquote>\n<p>&nbsp;<\/p>\n<div class=\"image\" id=\"image\" readability=\"8\"> <img src=\"http:\/\/hoycordobaweb.com\/wp-content\/uploads\/2021\/05\/crece-en-el-mundo-el-apoyo-a-liberar-las-patentes-de-las-vacunas-contra-el-coronavirus-4.jpg\" alt=\"Vladimir Putin, presidente de Rusia.\" title=\"Vladimir Putin, presidente de Rusia.\"><\/p>\n<p>Vladimir Putin, presidente de Rusia.<\/p>\n<\/div>\n<div class=\"js-code\" readability=\"7.1370262390671\">\n<blockquote class=\"twitter-tweet\" readability=\"8.3965014577259\">\n<p lang=\"en\" dir=\"ltr\">A waiver of patents for <a href=\"https:\/\/twitter.com\/hashtag\/COVID19?src=hash&amp;ref_src=twsrc%5Etfw\">#COVID19<\/a> vaccines &amp; medicines could change the game for Africa, unlocking millions more vaccine doses &amp; saving countless lives. We commend the leadership shown by South Africa, India &amp; the United States, &amp; urge others to back them. <a href=\"https:\/\/twitter.com\/hashtag\/VaccinEquity?src=hash&amp;ref_src=twsrc%5Etfw\">#VaccinEquity<\/a> <a href=\"https:\/\/t.co\/nJZe5SoWm3\">https:\/\/t.co\/nJZe5SoWm3<\/a><\/p>\n<p>\u2014 Dr Matshidiso Moeti (@MoetiTshidi) <a href=\"https:\/\/twitter.com\/MoetiTshidi\/status\/1390202826979168257?ref_src=twsrc%5Etfw\">May 6, 2021<\/a><\/p><\/blockquote><\/div>\n<p>\u00abUna exenci\u00f3n es una respuesta simple pero equivocada a esta situaci\u00f3n compleja\u00bb, dijo en un comunicado la Federaci\u00f3n Internacional de la Industria Farmac\u00e9utica (Ifpma).<\/p>\n<p>\u00abNo incrementar\u00e1 la producci\u00f3n de vacunas y no aportar\u00e1 las soluciones pr\u00e1cticas necesarias para combatir esta crisis sanitaria global\u00bb, agreg\u00f3 la nota.<\/p>\n<p>El <strong>laboratorio alem\u00e1n BioNTech, que desarroll\u00f3 una vacuna contra el coronavirus junto a la estadounidense Pfizer<\/strong>, dijo que <strong>la protecci\u00f3n de las patentes no es la raz\u00f3n que est\u00e1 limitando la producci\u00f3n ni explica los problemas de suministro en todo el mundo.<\/strong><\/p>\n<p>El presidente de Pfizer, Albert Bourla, explic\u00f3 que rechaza la propuesta apoyada por Estados Unidos para suspender temporalmente las patentes de las vacunas contra la Covid-19 y, m\u00e1s bien, sugiri\u00f3 acelerar su producci\u00f3n en las plantas existentes.<\/p>\n<p>Sin embargo, el director de la Organizaci\u00f3n Mundial de la Salud (OMS), Tedros Adhanom Ghebreyesus, hab\u00eda calificado ayer la decisi\u00f3n de \u00abhist\u00f3rica\u00bb al celebrar la noticia.<\/p>\n<div class=\"js-code\" readability=\"6.462962962963\">\n<blockquote class=\"twitter-tweet\" readability=\"6.8938271604938\">\n<p lang=\"es\" dir=\"ltr\">\u00a1Estamos felices de agregar\u2705en nuestro mapa! <br \/>Estados Unidos y Nueva Zelanda han dado un gran paso hacia la solidaridad mundial. <br \/>\u00bfCu\u00e1ndo ser\u00e1 que \ud83c\udde6\ud83c\uddfa \ud83c\udde7\ud83c\uddf7 \ud83c\udde8\ud83c\udde6 \ud83c\uddef\ud83c\uddf5 \ud83c\udde8\ud83c\udded\ud83c\uddf3\ud83c\uddf4 \ud83c\uddec\ud83c\udde7 \ud83c\uddea\ud83c\uddfa tambi\u00e9n elegir\u00e1n a la humanidad y se pondr\u00e1n del lado correcto de la historia? <a href=\"https:\/\/twitter.com\/hashtag\/LiberenLasPatentes?src=hash&amp;ref_src=twsrc%5Etfw\">#LiberenLasPatentes<\/a> <a href=\"https:\/\/t.co\/XHcgB5Zyrd\">pic.twitter.com\/XHcgB5Zyrd<\/a><\/p>\n<p>\u2014 M\u00e9dicos Sin Fronteras (@MSF_Argentina) <a href=\"https:\/\/twitter.com\/MSF_Argentina\/status\/1390285385532596225?ref_src=twsrc%5Etfw\">May 6, 2021<\/a><\/p><\/blockquote><\/div>\n<p>Se sum\u00f3 el<strong> jefe de salud de la Uni\u00f3n Africana (UA), John Nkengasong: \u00ab<\/strong>Creemos que cuando se escriba la historia de esta pandemia, se recordar\u00e1 la decisi\u00f3n de Estados Unidos como la correcta en el momento justo\u00bb.<\/p>\n<p>Apenas un poco m\u00e1s de 20 millones de dosis de vacunas contra el coronavirus han sido aplicadas en \u00c1frica, un continente de 1.300 millones de habitantes.<\/p>\n<p>Gavi, la alianza para las vacunas que coauspicia la iniciativa Covax de la ONU para distribuir vacunas entre pa\u00edses de ingresos medios y bajos, tambi\u00e9n dio la bienvenida al cambio de posici\u00f3n de Estados Unidos, as\u00ed como las organizaciones M\u00e9dicos Sin Fronteras (MSF) y Amnist\u00eda Internacional (AI).<\/p>\n<p>Desde Italia, el primer ministro Mario Draghi se sum\u00f3 al respaldo.<\/p>\n<p>\u00abLas vacunas son un bien com\u00fan mundial. Incrementar su producci\u00f3n, garantizar su seguridad y derribar los obst\u00e1culos que limitan las campa\u00f1as de vacunaci\u00f3n es una prioridad\u00bb, dijo.<\/p>\n<p><\/p>\n","protected":false},"excerpt":{"rendered":"<p>Crece el apoyo a la liberaci\u00f3n de las patentes para combatir el coronavirus. Francia y Rusia se sumaron este jueves a Estados Unidos y apoyaron una exenci\u00f3n de las patentes de las vacunas contra el coronavirus para ayudar a pa\u00edses de menores recursos a conseguir m\u00e1s dosis y acelerar la inmunizaci\u00f3n en medio de un [&hellip;]<\/p>\n","protected":false},"author":1,"featured_media":19533,"comment_status":"open","ping_status":"closed","sticky":false,"template":"","format":"standard","meta":[],"categories":[24],"tags":[],"_links":{"self":[{"href":"http:\/\/hoycordobaweb.com\/index.php\/wp-json\/wp\/v2\/posts\/19532"}],"collection":[{"href":"http:\/\/hoycordobaweb.com\/index.php\/wp-json\/wp\/v2\/posts"}],"about":[{"href":"http:\/\/hoycordobaweb.com\/index.php\/wp-json\/wp\/v2\/types\/post"}],"author":[{"embeddable":true,"href":"http:\/\/hoycordobaweb.com\/index.php\/wp-json\/wp\/v2\/users\/1"}],"replies":[{"embeddable":true,"href":"http:\/\/hoycordobaweb.com\/index.php\/wp-json\/wp\/v2\/comments?post=19532"}],"version-history":[{"count":0,"href":"http:\/\/hoycordobaweb.com\/index.php\/wp-json\/wp\/v2\/posts\/19532\/revisions"}],"wp:featuredmedia":[{"embeddable":true,"href":"http:\/\/hoycordobaweb.com\/index.php\/wp-json\/wp\/v2\/media\/19533"}],"wp:attachment":[{"href":"http:\/\/hoycordobaweb.com\/index.php\/wp-json\/wp\/v2\/media?parent=19532"}],"wp:term":[{"taxonomy":"category","embeddable":true,"href":"http:\/\/hoycordobaweb.com\/index.php\/wp-json\/wp\/v2\/categories?post=19532"},{"taxonomy":"post_tag","embeddable":true,"href":"http:\/\/hoycordobaweb.com\/index.php\/wp-json\/wp\/v2\/tags?post=19532"}],"curies":[{"name":"wp","href":"https:\/\/api.w.org\/{rel}","templated":true}]}}