{"id":1950,"date":"2020-09-18T19:39:00","date_gmt":"2020-09-18T19:39:00","guid":{"rendered":"https:\/\/fm-comunicar.com.ar\/contenido\/16056\/fallecio-un-paciente-con-covid-que-estaba-en-terapia-intensiva-del-hospital"},"modified":"2020-09-18T19:39:00","modified_gmt":"2020-09-18T19:39:00","slug":"fallecio-un-paciente-con-covid-que-estaba-en-terapia-intensiva-del-hospital","status":"publish","type":"post","link":"http:\/\/hoycordobaweb.com\/index.php\/2020\/09\/18\/fallecio-un-paciente-con-covid-que-estaba-en-terapia-intensiva-del-hospital\/","title":{"rendered":"Falleci\u00f3 un paciente con Covid que estaba en Terapia Intensiva del Hospital"},"content":{"rendered":"<p>Despu\u00e9s de varias semanas de internaci\u00f3n, el hombre de 72 a\u00f1os, oriundo de Jes\u00fas Mar\u00eda, es la primera v\u00edctima local por el virus.<img src=\"http:\/\/hoycordobaweb.com\/wp-content\/uploads\/2020\/09\/fallecio-un-paciente-con-covid-que-estaba-en-terapia-intensiva-del-hospital.jpg\"><\/p>\n","protected":false},"excerpt":{"rendered":"<p>Despu\u00e9s de varias semanas de internaci\u00f3n, el hombre de 72 a\u00f1os, oriundo de Jes\u00fas Mar\u00eda, es la primera v\u00edctima local por el virus.<\/p>\n","protected":false},"author":1,"featured_media":1951,"comment_status":"closed","ping_status":"closed","sticky":false,"template":"","format":"standard","meta":[],"categories":[18],"tags":[],"_links":{"self":[{"href":"http:\/\/hoycordobaweb.com\/index.php\/wp-json\/wp\/v2\/posts\/1950"}],"collection":[{"href":"http:\/\/hoycordobaweb.com\/index.php\/wp-json\/wp\/v2\/posts"}],"about":[{"href":"http:\/\/hoycordobaweb.com\/index.php\/wp-json\/wp\/v2\/types\/post"}],"author":[{"embeddable":true,"href":"http:\/\/hoycordobaweb.com\/index.php\/wp-json\/wp\/v2\/users\/1"}],"replies":[{"embeddable":true,"href":"http:\/\/hoycordobaweb.com\/index.php\/wp-json\/wp\/v2\/comments?post=1950"}],"version-history":[{"count":0,"href":"http:\/\/hoycordobaweb.com\/index.php\/wp-json\/wp\/v2\/posts\/1950\/revisions"}],"wp:featuredmedia":[{"embeddable":true,"href":"http:\/\/hoycordobaweb.com\/index.php\/wp-json\/wp\/v2\/media\/1951"}],"wp:attachment":[{"href":"http:\/\/hoycordobaweb.com\/index.php\/wp-json\/wp\/v2\/media?parent=1950"}],"wp:term":[{"taxonomy":"category","embeddable":true,"href":"http:\/\/hoycordobaweb.com\/index.php\/wp-json\/wp\/v2\/categories?post=1950"},{"taxonomy":"post_tag","embeddable":true,"href":"http:\/\/hoycordobaweb.com\/index.php\/wp-json\/wp\/v2\/tags?post=1950"}],"curies":[{"name":"wp","href":"https:\/\/api.w.org\/{rel}","templated":true}]}}