{"id":19385,"date":"2021-05-04T12:24:11","date_gmt":"2021-05-04T12:24:11","guid":{"rendered":"https:\/\/www.mujerhoy.com\/moda\/tendencias\/202105\/04\/blazer-cropped-rayas-marineras-zara-nueva-coleccion-20210503015819.html"},"modified":"2021-05-04T12:24:11","modified_gmt":"2021-05-04T12:24:11","slug":"la-blazer-cropped-de-rayas-marinera-que-acaba-de-llegar-a-zara-es-nuestra-nueva-pieza-favorita-para-el-entretiempo","status":"publish","type":"post","link":"http:\/\/hoycordobaweb.com\/index.php\/2021\/05\/04\/la-blazer-cropped-de-rayas-marinera-que-acaba-de-llegar-a-zara-es-nuestra-nueva-pieza-favorita-para-el-entretiempo\/","title":{"rendered":"La blazer cropped de rayas marinera que acaba de llegar a Zara es nuestra nueva pieza favorita para el entretiempo"},"content":{"rendered":"<p>La fiebre de las <a href=\"https:\/\/www.mujerhoy.com\/moda\/tendencias\/202104\/29\/camisetas-rayas-marineras-zara-mango-hym-140206209715-ga.html\" target=\"_blank\" rel=\"noopener noreferrer\">rayas marineras<\/a> vive una segunda oleada con las nuevas colecciones y hace unos d\u00edas ya hablamos aqu\u00ed de <a href=\"https:\/\/www.mujerhoy.com\/moda\/no-te-pierdas\/202104\/27\/blazer-rayas-zara-barata-bonita-entretiempo-ana-milan-look-con-vaqueros-que-rejuvenece-a-los-40-20210427114204.html\" target=\"_blank\" rel=\"noopener noreferrer\">la blazer de rayas marineras de Zara<\/a> m\u00e1s bonita para el entretiempo. Y como el dise\u00f1o cropped es ideal para <a href=\"https:\/\/www.mujerhoy.com\/moda\/no-te-pierdas\/202104\/23\/blazer-cropped-cuadros-zara-look-primavera-barato-rejuvenece-a-los-50-ropa-quita-anos-estiliza-20210423094604.html\" target=\"_blank\" rel=\"noopener noreferrer\">rejuvenecer y estilizar tus looks de primavera<\/a> la firma de Inditex acaba de lanzar una <strong>blazer cropped que se va a convertir en nuestro nuevo comod\u00edn<\/strong> para el entretiempo. <\/p>\n<p>Esta apuesta llega con una original novedad, ya que lejos de dejarse llevar por el azul marino Zara ha apostado por las rayas en rojo <strong>para que podamos crear un estilismo vistoso y atractivo<\/strong> con faldas y shorts en azul marino o simplemente con unos vaqueros. <\/p>\n<div class=\"comp_mm\">\n<figure><picture><source srcset=\"http:\/\/hoycordobaweb.com\/wp-content\/uploads\/2021\/05\/la-blazer-cropped-de-rayas-marinera-que-acaba-de-llegar-a-zara-es-nuestra-nueva-pieza-favorita-para-el-entretiempo.jpg, http:\/\/hoycordobaweb.com\/wp-content\/uploads\/2021\/05\/la-blazer-cropped-de-rayas-marinera-que-acaba-de-llegar-a-zara-es-nuestra-nueva-pieza-favorita-para-el-entretiempo.jpg 2x\" media=\"(min-width: 1054px)\"><source srcset=\"http:\/\/hoycordobaweb.com\/wp-content\/uploads\/2021\/05\/la-blazer-cropped-de-rayas-marinera-que-acaba-de-llegar-a-zara-es-nuestra-nueva-pieza-favorita-para-el-entretiempo.jpg, http:\/\/hoycordobaweb.com\/wp-content\/uploads\/2021\/05\/la-blazer-cropped-de-rayas-marinera-que-acaba-de-llegar-a-zara-es-nuestra-nueva-pieza-favorita-para-el-entretiempo.jpg 2x\" media=\"(min-width: 720px)\"><source srcset=\"https:\/\/resizer.mujerhoy.com\/resizer\/resizer.php?imagen=http:\/\/hoycordobaweb.com\/wp-content\/uploads\/2021\/05\/la-blazer-cropped-de-rayas-marinera-que-acaba-de-llegar-a-zara-es-nuestra-nueva-pieza-favorita-para-el-entretiempo.jpg&amp;nuevoalto=714&amp;nuevoancho=476\"><img src=\"http:\/\/hoycordobaweb.com\/wp-content\/uploads\/2021\/05\/la-blazer-cropped-de-rayas-marinera-que-acaba-de-llegar-a-zara-es-nuestra-nueva-pieza-favorita-para-el-entretiempo.jpg\" alt title itemprop=\"image\"><\/picture><figcaption><span class=\"firma\"><\/span><\/figcaption><\/figure>\n<\/div>\n<p>De cuello y solapa <strong>con muesca y hombros marcados<\/strong>, viene con cierre frontal de botones dorados. <\/p>\n<div class=\"comp_mm\">\n<figure><picture><source srcset=\"http:\/\/hoycordobaweb.com\/wp-content\/uploads\/2021\/05\/la-blazer-cropped-de-rayas-marinera-que-acaba-de-llegar-a-zara-es-nuestra-nueva-pieza-favorita-para-el-entretiempo-1.jpg, http:\/\/hoycordobaweb.com\/wp-content\/uploads\/2021\/05\/la-blazer-cropped-de-rayas-marinera-que-acaba-de-llegar-a-zara-es-nuestra-nueva-pieza-favorita-para-el-entretiempo-1.jpg 2x\" media=\"(min-width: 1054px)\"><source srcset=\"http:\/\/hoycordobaweb.com\/wp-content\/uploads\/2021\/05\/la-blazer-cropped-de-rayas-marinera-que-acaba-de-llegar-a-zara-es-nuestra-nueva-pieza-favorita-para-el-entretiempo-1.jpg, http:\/\/hoycordobaweb.com\/wp-content\/uploads\/2021\/05\/la-blazer-cropped-de-rayas-marinera-que-acaba-de-llegar-a-zara-es-nuestra-nueva-pieza-favorita-para-el-entretiempo-1.jpg 2x\" media=\"(min-width: 720px)\"><source srcset=\"https:\/\/resizer.mujerhoy.com\/resizer\/resizer.php?imagen=http:\/\/hoycordobaweb.com\/wp-content\/uploads\/2021\/05\/la-blazer-cropped-de-rayas-marinera-que-acaba-de-llegar-a-zara-es-nuestra-nueva-pieza-favorita-para-el-entretiempo-1.jpg&amp;nuevoalto=714&amp;nuevoancho=476\"><img src=\"http:\/\/hoycordobaweb.com\/wp-content\/uploads\/2021\/05\/la-blazer-cropped-de-rayas-marinera-que-acaba-de-llegar-a-zara-es-nuestra-nueva-pieza-favorita-para-el-entretiempo-1.jpg\" alt title itemprop=\"image\"><\/picture><figcaption><span class=\"firma\"><\/span><\/figcaption><\/figure>\n<\/div>\n<p>Con forro interior en color blanco, <strong>mangas largas y dise\u00f1o entallado<\/strong>, podemos encontrarla entre las tallas XS y XL, por 39,95 euros. <\/p>\n<div class=\"comp_mm\">\n<figure><picture><source srcset=\"http:\/\/hoycordobaweb.com\/wp-content\/uploads\/2021\/05\/la-blazer-cropped-de-rayas-marinera-que-acaba-de-llegar-a-zara-es-nuestra-nueva-pieza-favorita-para-el-entretiempo-2.jpg, http:\/\/hoycordobaweb.com\/wp-content\/uploads\/2021\/05\/la-blazer-cropped-de-rayas-marinera-que-acaba-de-llegar-a-zara-es-nuestra-nueva-pieza-favorita-para-el-entretiempo-2.jpg 2x\" media=\"(min-width: 1054px)\"><source srcset=\"http:\/\/hoycordobaweb.com\/wp-content\/uploads\/2021\/05\/la-blazer-cropped-de-rayas-marinera-que-acaba-de-llegar-a-zara-es-nuestra-nueva-pieza-favorita-para-el-entretiempo-2.jpg, http:\/\/hoycordobaweb.com\/wp-content\/uploads\/2021\/05\/la-blazer-cropped-de-rayas-marinera-que-acaba-de-llegar-a-zara-es-nuestra-nueva-pieza-favorita-para-el-entretiempo-2.jpg 2x\" media=\"(min-width: 720px)\"><source srcset=\"https:\/\/resizer.mujerhoy.com\/resizer\/resizer.php?imagen=http:\/\/hoycordobaweb.com\/wp-content\/uploads\/2021\/05\/la-blazer-cropped-de-rayas-marinera-que-acaba-de-llegar-a-zara-es-nuestra-nueva-pieza-favorita-para-el-entretiempo-2.jpg&amp;nuevoalto=714&amp;nuevoancho=476\"><img src=\"http:\/\/hoycordobaweb.com\/wp-content\/uploads\/2021\/05\/la-blazer-cropped-de-rayas-marinera-que-acaba-de-llegar-a-zara-es-nuestra-nueva-pieza-favorita-para-el-entretiempo-2.jpg\" alt title itemprop=\"image\"><\/picture><figcaption><span class=\"firma\"><\/span><\/figcaption><\/figure>\n<\/div>\n<p>Si adem\u00e1s has decidido <strong>sumarte a la tendencia de los zapatos rojos<\/strong> esta prenda es ideal para tus estilismos primaverales m\u00e1s vistosos, que en cuanto lo estrenes no vas a querer dejar de ponerte. <\/p>\n<div class=\"tb-interesa\">\n<h3>Tambi\u00e9n te interesa<\/h3>\n<\/div>\n","protected":false},"excerpt":{"rendered":"<p>La fiebre de las rayas marineras vive una segunda oleada con las nuevas colecciones y hace unos d\u00edas ya hablamos aqu\u00ed de la blazer de rayas marineras de Zara m\u00e1s bonita para el entretiempo. Y como el dise\u00f1o cropped es ideal para rejuvenecer y estilizar tus looks de primavera la firma de Inditex acaba de [&hellip;]<\/p>\n","protected":false},"author":1,"featured_media":19386,"comment_status":"closed","ping_status":"closed","sticky":false,"template":"","format":"standard","meta":[],"categories":[1],"tags":[],"_links":{"self":[{"href":"http:\/\/hoycordobaweb.com\/index.php\/wp-json\/wp\/v2\/posts\/19385"}],"collection":[{"href":"http:\/\/hoycordobaweb.com\/index.php\/wp-json\/wp\/v2\/posts"}],"about":[{"href":"http:\/\/hoycordobaweb.com\/index.php\/wp-json\/wp\/v2\/types\/post"}],"author":[{"embeddable":true,"href":"http:\/\/hoycordobaweb.com\/index.php\/wp-json\/wp\/v2\/users\/1"}],"replies":[{"embeddable":true,"href":"http:\/\/hoycordobaweb.com\/index.php\/wp-json\/wp\/v2\/comments?post=19385"}],"version-history":[{"count":0,"href":"http:\/\/hoycordobaweb.com\/index.php\/wp-json\/wp\/v2\/posts\/19385\/revisions"}],"wp:featuredmedia":[{"embeddable":true,"href":"http:\/\/hoycordobaweb.com\/index.php\/wp-json\/wp\/v2\/media\/19386"}],"wp:attachment":[{"href":"http:\/\/hoycordobaweb.com\/index.php\/wp-json\/wp\/v2\/media?parent=19385"}],"wp:term":[{"taxonomy":"category","embeddable":true,"href":"http:\/\/hoycordobaweb.com\/index.php\/wp-json\/wp\/v2\/categories?post=19385"},{"taxonomy":"post_tag","embeddable":true,"href":"http:\/\/hoycordobaweb.com\/index.php\/wp-json\/wp\/v2\/tags?post=19385"}],"curies":[{"name":"wp","href":"https:\/\/api.w.org\/{rel}","templated":true}]}}