{"id":19326,"date":"2021-05-03T17:31:00","date_gmt":"2021-05-03T17:31:00","guid":{"rendered":"http:\/\/hoycordobaweb.com\/index.php\/2021\/05\/03\/una-muestra-del-argentino-jorge-mino-se-podra-ver-en-una-galeria-de-santa-monica\/"},"modified":"2021-05-03T17:31:00","modified_gmt":"2021-05-03T17:31:00","slug":"una-muestra-del-argentino-jorge-mino-se-podra-ver-en-una-galeria-de-santa-monica","status":"publish","type":"post","link":"http:\/\/hoycordobaweb.com\/index.php\/2021\/05\/03\/una-muestra-del-argentino-jorge-mino-se-podra-ver-en-una-galeria-de-santa-monica\/","title":{"rendered":"Una muestra del argentino Jorge Mi\u00f1o se podr\u00e1 ver en una galer\u00eda de Santa M\u00f3nica"},"content":{"rendered":"<p><img src=\"http:\/\/hoycordobaweb.com\/wp-content\/uploads\/2021\/05\/una-muestra-del-argentino-jorge-mino-se-podra-ver-en-una-galeria-de-santa-monica.jpg\"><\/p>\n<div class=\"image\" id=\"image\"> <img src=\"http:\/\/hoycordobaweb.com\/wp-content\/uploads\/2021\/05\/una-muestra-del-argentino-jorge-mino-se-podra-ver-en-una-galeria-de-santa-monica-2.jpg\" alt title><\/div>\n<p><strong>\u00abBalance\u00bb <\/strong>se titula la exposici\u00f3n del artista argentino <strong>Jorge Mi\u00f1o<\/strong> que abri\u00f3 sus puertas este fin de semana en la galer\u00eda Lois Lambert de Santa M\u00f3nica, Estados Unidos, y que re\u00fane<strong> fotograf\u00edas abstractas de arquitectura urbana.<\/strong><\/p>\n<p>Mi\u00f1o deconstruye y reconstruye su percepci\u00f3n del mundo y se libera del aspecto t\u00e9cnico de la fotograf\u00eda para investigar y ampliar los l\u00edmites y posibilidades creativas del medio y del mundo que percibe.<\/p>\n<p>Estas<strong> fotograf\u00edas de gran formato reflejan las m\u00faltiples perspectivas y puntos de vista de la arquitectura:<\/strong> im\u00e1genes digitalmente abstra\u00eddas a baja resoluci\u00f3n para cambiar lo que antes era una fotograf\u00eda de alta calidad y n\u00edtida en una imagen nueva y provocativa.<\/p>\n<p><strong>Las obras del argentino reflejan la abstracci\u00f3n que se esconde entre las paredes de la arquitectura<\/strong> que nos rodea cada d\u00eda, se\u00f1alaron desde la galer\u00eda californiana en un comunicado.<\/p>\n<p>\u00abBalance\u00bb re\u00fane las obras m\u00e1s recientes del artista oriundo de Corrientes, centradas en las formas, la textura, la luz, la sombra, el primer plano y el fondo.<\/p>\n<p>Jorge Mino (1973) estudi\u00f3 grabado, trabaj\u00f3 con Guillermo Kuitca durante m\u00e1s de veinte a\u00f1os y ha expuesto su obra en la Bienal de Curitiba (Brasil), el Museo de Arte Moderno de Buenos Aires, el Museo Macay (M\u00e9rida, M\u00e9xico) y la galer\u00eda Enlace (Lima).<\/p>\n<p>Desde hace tiempo que los espacios arquitect\u00f3nicos son protagonistas en las fotograf\u00edas del artista Jorge Mi\u00f1o, im\u00e1genes trastocadas y modificadas al punto de provocar una impronta on\u00edrica y fantasmag\u00f3rica. <\/p>\n","protected":false},"excerpt":{"rendered":"<p>\u00abBalance\u00bb se titula la exposici\u00f3n del artista argentino Jorge Mi\u00f1o que abri\u00f3 sus puertas este fin de semana en la galer\u00eda Lois Lambert de Santa M\u00f3nica, Estados Unidos, y que re\u00fane fotograf\u00edas abstractas de arquitectura urbana. Mi\u00f1o deconstruye y reconstruye su percepci\u00f3n del mundo y se libera del aspecto t\u00e9cnico de la fotograf\u00eda para investigar [&hellip;]<\/p>\n","protected":false},"author":1,"featured_media":19327,"comment_status":"open","ping_status":"closed","sticky":false,"template":"","format":"standard","meta":[],"categories":[19],"tags":[],"_links":{"self":[{"href":"http:\/\/hoycordobaweb.com\/index.php\/wp-json\/wp\/v2\/posts\/19326"}],"collection":[{"href":"http:\/\/hoycordobaweb.com\/index.php\/wp-json\/wp\/v2\/posts"}],"about":[{"href":"http:\/\/hoycordobaweb.com\/index.php\/wp-json\/wp\/v2\/types\/post"}],"author":[{"embeddable":true,"href":"http:\/\/hoycordobaweb.com\/index.php\/wp-json\/wp\/v2\/users\/1"}],"replies":[{"embeddable":true,"href":"http:\/\/hoycordobaweb.com\/index.php\/wp-json\/wp\/v2\/comments?post=19326"}],"version-history":[{"count":0,"href":"http:\/\/hoycordobaweb.com\/index.php\/wp-json\/wp\/v2\/posts\/19326\/revisions"}],"wp:featuredmedia":[{"embeddable":true,"href":"http:\/\/hoycordobaweb.com\/index.php\/wp-json\/wp\/v2\/media\/19327"}],"wp:attachment":[{"href":"http:\/\/hoycordobaweb.com\/index.php\/wp-json\/wp\/v2\/media?parent=19326"}],"wp:term":[{"taxonomy":"category","embeddable":true,"href":"http:\/\/hoycordobaweb.com\/index.php\/wp-json\/wp\/v2\/categories?post=19326"},{"taxonomy":"post_tag","embeddable":true,"href":"http:\/\/hoycordobaweb.com\/index.php\/wp-json\/wp\/v2\/tags?post=19326"}],"curies":[{"name":"wp","href":"https:\/\/api.w.org\/{rel}","templated":true}]}}